{"id":58961,"date":"2025-10-11T08:47:11","date_gmt":"2025-10-11T08:47:11","guid":{"rendered":"https:\/\/www.europesays.com\/fi\/58961\/"},"modified":"2025-10-11T08:47:11","modified_gmt":"2025-10-11T08:47:11","slug":"nelja-rap-artistia-kaynnistaa-klubikonseptin-joka-tarjoaa-verkostoitumisalustan-vahemmistoille","status":"publish","type":"post","link":"https:\/\/www.europesays.com\/fi\/58961\/","title":{"rendered":"Nelj\u00e4 rap-artistia k\u00e4ynnist\u00e4\u00e4 klubikonseptin, joka tarjoaa verkostoitumisalustan v\u00e4hemmist\u00f6ille"},"content":{"rendered":"<p>Nelihenkinen <strong>B\u00e4m\u00e4<\/strong>-yhtye k\u00e4ynnist\u00e4\u00e4 uuden klubisarjan, jonka tarkoituksena on nostaa esiin naispuolisia, muunsukupuolisia ja muihin v\u00e4hemmist\u00f6ihin kuuluvia rap-artisteja. Yhdess\u00e4 tekemisen kulttuuria vahvistava konsepti saa alkunsa lauantaina 18. lokakuuta, kun Helsingin Kult-klubilla esiintyy B\u00e4m\u00e4 &amp; Friends \u2013 eli B\u00e4m\u00e4, <strong>Matriarkaatti<\/strong>, <strong>Aina<\/strong>, <strong>Valma<\/strong>, <strong>Fanni T\u00e4hti<\/strong>, <strong>Veera Heaven<\/strong>, <strong>Kakku<\/strong>, <strong>Emilia Ex <\/strong>ja <strong>DJ Janie<\/strong>.<\/p>\n<p>Popia, r\u00e4ppi\u00e4 ja klubimusiikkia yhdistelev\u00e4n B\u00e4m\u00e4n muodostavat <strong>Satu<\/strong>, <strong>Helena Routa<\/strong>, <strong>Nelli Milan<\/strong> ja <strong>Tiia Karoliina<\/strong>, jotka avaavat uuden klubikonseptin ideaa tiedotteessa:<\/p>\n<p>\u201dB\u00e4m\u00e4n ytimess\u00e4 on alusta asti ollut yhteis\u00f6llisyys, ja keikoillamme on esiintynyt paljon yst\u00e4vi\u00e4 ja kollegoja. R\u00e4p-kulttuuriin kuuluu vahvasti toisten kappaleilla vierailu, lavalla yst\u00e4vien show\u2019n aikana hengailu ja possebiisit. Haluamme olla mukana luomassa ilmapiiri\u00e4, jossa my\u00f6s naiset ja muunsukupuoliset verkostoituvat tehokkaammin kesken\u00e4\u00e4n ja tukevat toisiaan. B\u00e4m\u00e4 &amp; Friends -klubikonseptilla pyrimme tarjoamaan niin uusille kasvoille kun skenen pioneereille verkostoitumisalustan, sek\u00e4 turvallisen ja voimaannuttavan esiintymisfoorumin.\u201d<\/p>\n<p>Vaikka Kult-klubilla kuullaan alku jollekin uudelle, se j\u00e4\u00e4 B\u00e4m\u00e4n syksyn ainoaksi klubikeikaksi. <\/p>\n<p><img loading=\"lazy\" height=\"810\" width=\"648\" class=\"wp-image-127851 sp-no-webp perfmatters-lazy\" alt=\"\" decoding=\"async\" src=\"https:\/\/www.europesays.com\/fi\/wp-content\/uploads\/2025\/10\/kult-bama-friends-keikkajuliste-648x810.jpg\"  data-\/> <\/p>\n<p>Lue my\u00f6s: <a href=\"https:\/\/www.rumba.fi\/uutiset\/suomirapin-feministinen-vallankumous-jatkaa-pyhiinvaellustaan-yksittaisesta-kannanotosta-debyytti-epksi\/\" title=\"Suomir\u00e4pin feministinen vallankumous jatkaa pyhiinvaellustaan yksitt\u00e4isest\u00e4 kannanotosta debyytti-ep:ksi\" class=\"underline-custom !font-montserrat !font-bold !underline-offset-4 !decoration-4 !decoration-tilt-light !text-md\" rel=\"nofollow noopener\" target=\"_blank\">Suomir\u00e4pin feministinen vallankumous jatkaa pyhiinvaellustaan yksitt\u00e4isest\u00e4 kannanotosta debyytti-ep:ksi<\/a><\/p>\n<p>Lue my\u00f6s: <a href=\"https:\/\/www.rumba.fi\/uutiset\/feministinen-rapilmio-ja-vuoden-yllatyshitin-julkaissut-pilvi-hamalainen-yhdistivat-voimansa-vanhan-suomidiscon-parissa\/\" title=\"Feministinen rapilmi\u00f6 ja vuoden yll\u00e4tyshitin julkaissut Pilvi H\u00e4m\u00e4l\u00e4inen yhdistiv\u00e4t voimansa vanhan suomidiscon parissa\" class=\"underline-custom !font-montserrat !font-bold !underline-offset-4 !decoration-4 !decoration-tilt-light !text-md\" rel=\"nofollow noopener\" target=\"_blank\">Feministinen rapilmi\u00f6 ja vuoden yll\u00e4tyshitin julkaissut Pilvi H\u00e4m\u00e4l\u00e4inen yhdistiv\u00e4t voimansa vanhan suomidiscon parissa<\/a><\/p>\n<p>B\u00e4m\u00e4n tuorein musiikillinen projekti ilmestyi elokuussa, jolloin B\u00e4m\u00e4 versioi <strong>Teflon Brothersin<\/strong> Seksikk\u00e4in j\u00e4b\u00e4 -biisi\u00e4 (2012) Ylen Mist s\u00e4 tuut? -dokumenttisarjan kolmannella kaudella. Ennen Seksikk\u00e4in b\u00e4m\u00e4 -biisi\u00e4 kuultiin singlet Tilanne vaatii ja Torille, joiden lis\u00e4ksi B\u00e4m\u00e4n j\u00e4senet ovat t\u00e4n\u00e4 vuonna olleet aktiivisia my\u00f6s omien musiikillisten projektiensa parissa.<\/p>\n<p>Nelli Milan julkaisi vastik\u00e4\u00e4n Soundcloudiin ensimm\u00e4isen dj-settins\u00e4 <strong>Hell\u00e4nelli<\/strong>-nimen alla, Helena Roudan viimeisin single nimelt\u00e4 Leiv\u00e4nmuruja ilmestyi maaliskuussa, ja Tiia Karoliina ja Satu julkaisivat alkuvuodesta yhteisbiisin Vaatimaton. Tiia Karoliina on omien kappaleidensa lis\u00e4ksi vieraillut t\u00e4n\u00e4 vuonna muun muassa <strong>Timo Pieni Huijauksen<\/strong>, <strong>Jodarokin<\/strong> ja <strong>Massalin<\/strong> kappaleissa.<\/p>\n<p>Vuonna 2023 debyyttisinglens\u00e4 julkaissut B\u00e4m\u00e4 tunnetaan feministisist\u00e4 l\u00e4ht\u00f6kohdistaan ja heteronormatiivisia rakenteita ravistelevista tavoitteistaan. Viime vuonna yhtye oli yksi Emma Gaalan Kriitikoiden valinta -kategorian ehdokkaista.<\/p>\n","protected":false},"excerpt":{"rendered":"Nelihenkinen B\u00e4m\u00e4-yhtye k\u00e4ynnist\u00e4\u00e4 uuden klubisarjan, jonka tarkoituksena on nostaa esiin naispuolisia, muunsukupuolisia ja muihin v\u00e4hemmist\u00f6ihin kuuluvia rap-artisteja. Yhdess\u00e4&hellip;\n","protected":false},"author":2,"featured_media":58962,"comment_status":"","ping_status":"","sticky":false,"template":"","format":"standard","meta":{"footnotes":""},"categories":[132],"tags":[137,33,31,30,8972,13835,195,47,32,109],"class_list":{"0":"post-58961","1":"post","2":"type-post","3":"status-publish","4":"format-standard","5":"has-post-thumbnail","7":"category-musiikki","8":"tag-entertainment","9":"tag-fi","10":"tag-finland","11":"tag-finnish","12":"tag-keikat","13":"tag-klubit","14":"tag-music","15":"tag-musiikki","16":"tag-suomi","17":"tag-viihde"},"share_on_mastodon":{"url":"","error":""},"_links":{"self":[{"href":"https:\/\/www.europesays.com\/fi\/wp-json\/wp\/v2\/posts\/58961","targetHints":{"allow":["GET"]}}],"collection":[{"href":"https:\/\/www.europesays.com\/fi\/wp-json\/wp\/v2\/posts"}],"about":[{"href":"https:\/\/www.europesays.com\/fi\/wp-json\/wp\/v2\/types\/post"}],"author":[{"embeddable":true,"href":"https:\/\/www.europesays.com\/fi\/wp-json\/wp\/v2\/users\/2"}],"replies":[{"embeddable":true,"href":"https:\/\/www.europesays.com\/fi\/wp-json\/wp\/v2\/comments?post=58961"}],"version-history":[{"count":0,"href":"https:\/\/www.europesays.com\/fi\/wp-json\/wp\/v2\/posts\/58961\/revisions"}],"wp:featuredmedia":[{"embeddable":true,"href":"https:\/\/www.europesays.com\/fi\/wp-json\/wp\/v2\/media\/58962"}],"wp:attachment":[{"href":"https:\/\/www.europesays.com\/fi\/wp-json\/wp\/v2\/media?parent=58961"}],"wp:term":[{"taxonomy":"category","embeddable":true,"href":"https:\/\/www.europesays.com\/fi\/wp-json\/wp\/v2\/categories?post=58961"},{"taxonomy":"post_tag","embeddable":true,"href":"https:\/\/www.europesays.com\/fi\/wp-json\/wp\/v2\/tags?post=58961"}],"curies":[{"name":"wp","href":"https:\/\/api.w.org\/{rel}","templated":true}]}}