{"id":58999,"date":"2025-10-11T09:38:10","date_gmt":"2025-10-11T09:38:10","guid":{"rendered":"https:\/\/www.europesays.com\/fi\/58999\/"},"modified":"2025-10-11T09:38:10","modified_gmt":"2025-10-11T09:38:10","slug":"maaritin-tunteet-vahvistuvat-maajussi-villea-kohtaan","status":"publish","type":"post","link":"https:\/\/www.europesays.com\/fi\/58999\/","title":{"rendered":"Maaritin tunteet vahvistuvat maajussi-Ville\u00e4 kohtaan"},"content":{"rendered":"<p>Maajussille morsian -ohjelmassa Ville viett\u00e4\u00e4 treffip\u00e4iv\u00e4\u00e4 Maaritin kanssa.<\/p>\n<p><a class=\"underline\" data-testid=\"internal-link\" role=\"link\" data-sentry-element=\"Link\" data-sentry-component=\"InternalLink\" data-sentry-source-file=\"InternalLink.tsx\" href=\"https:\/\/www.mtvuutiset.fi\/aihe\/maajussille-morsian\/2889974\" rel=\"nofollow noopener\" target=\"_blank\">Maajussille morsian<\/a> -ohjelmassa <strong class=\"typography-bold\">Ville<\/strong> menee farmiviikon ensimm\u00e4isille treffeille <strong class=\"typography-bold\">Maaritin<\/strong> kanssa, kun muut puolisoehdokkaat <strong class=\"typography-bold\">Outi<\/strong> ja <strong class=\"typography-bold\">Teija<\/strong> j\u00e4\u00e4v\u00e4t kahdestaan. Jakso on n\u00e4ht\u00e4vill\u00e4 jo MTV Katsomo+ -palvelussa.<\/p>\n<p><img alt=\"maajussille morsian ville ja maarit\" data-testid=\"crops-image\" class=\"h-full w-full object-cover transition duration-700 ease-in-out hover:scale-[1.05]\" fetchpriority=\"low\" loading=\"lazy\" width=\"1024\" height=\"576\" decoding=\"async\" style=\"color:transparent;background-size:cover;background-position:50% 50%;background-repeat:no-repeat;background-image:url(&quot;data:image\/svg+xml;base64,Cjxzdmcgd2lkdGg9IjEwMjQiIGhlaWdodD0iNTc2IiB2ZXJzaW9uPSIxLjEiIHhtbG5zPSJodHRwOi8vd3d3LnczLm9yZy8yMDAwL3N2ZyIgeG1sbnM6eGxpbms9Imh0dHA6Ly93d3cudzMub3JnLzE5OTkveGxpbmsiPgogIDxkZWZzPgogICAgPGxpbmVhckdyYWRpZW50IGlkPSJnIj4KICAgICAgPHN0b3Agc3RvcC1jb2xvcj0iIzBCMTgyMyIgb2Zmc2V0PSIyMCUiIC8+CiAgICAgIDxzdG9wIHN0b3AtY29sb3I9IiMxQTI3MzIiIG9mZnNldD0iNTAlIiAvPgogICAgICA8c3RvcCBzdG9wLWNvbG9yPSIjMEIxODIzIiBvZmZzZXQ9IjcwJSIgLz4KICAgIDwvbGluZWFyR3JhZGllbnQ+CiAgPC9kZWZzPgogIDxyZWN0IHdpZHRoPSIxMDI0IiBoZWlnaHQ9IjU3NiIgZmlsbD0iIzBCMTgyMyIgLz4KICA8cmVjdCBpZD0iciIgd2lkdGg9IjEwMjQiIGhlaWdodD0iNTc2IiBmaWxsPSJ1cmwoI2cpIiAvPgogIDxhbmltYXRlIHhsaW5rOmhyZWY9IiNyIiBhdHRyaWJ1dGVOYW1lPSJ4IiBmcm9tPSItMTAyNCIgdG89IjEwMjQiIGR1cj0iMXMiIHJlcGVhdENvdW50PSJpbmRlZmluaXRlIiAgLz4KPC9zdmc+&quot;)\" src=\"https:\/\/www.europesays.com\/fi\/wp-content\/uploads\/2025\/10\/1760175490_842_image\"\/>Maajussi-Ville treffeill\u00e4 Maaritin kanssa.MTV<\/p>\n<p>Villen ja Maaritin treffeihin kuuluu melomista, jonka j\u00e4lkeen he menev\u00e4t sy\u00f6m\u00e4\u00e4n luonnon helmaan. Kaksikko keskustelee niin luonnosta kuin my\u00f6s tulevaisuudesta.<\/p>\n<p>Lopulta Ville esitt\u00e4\u00e4 Maaritille suoran kysymyksen, milt\u00e4 kuulostaisi kumppanina mies, jonka kanssa olla Espanjassa v\u00e4lill\u00e4. Maarit vastaa salamannopeasti ja naisen vastaus yll\u00e4tt\u00e4\u00e4 Villen. <strong class=\"typography-bold\">Katso yll\u00e4oleva video!<\/strong><\/p>\n<p>Maarit kertoo tunteidensa vahvistuneen entisest\u00e4\u00e4n Ville\u00e4 kohtaan ja kaksikko k\u00e4velee treffeilt\u00e4 pois toisistaan kiinni pit\u00e4en, Maarit on Villen kainalossa.<\/p>\n<p>Lue my\u00f6s: <a class=\"underline\" data-testid=\"internal-link\" role=\"link\" data-sentry-element=\"Link\" data-sentry-component=\"InternalLink\" data-sentry-source-file=\"InternalLink.tsx\" href=\"https:\/\/www.mtvuutiset.fi\/artikkeli\/maajussi-ville-ei-vie-puolisoehdokkaita-kotiinsa-ja-kertoo-syy-yksi-naisista-pettyy\/9232474\" rel=\"nofollow noopener\" target=\"_blank\">Maajussi-Ville ei vie puolisoehdokkaita kotiinsa ja kertoo syyn \u2013 yksi naisista pettyy<\/a><strong class=\"typography-bold\">Maajussille morsian maanantaisin klo 20 <\/strong><a class=\"underline\" data-testid=\"external-link\" href=\"https:\/\/www.mtv.fi\/ohjelma\/8961570ec8f2b9a6e0d5\/maajussille-morsian\" rel=\"noopener noreferrer nofollow\" data-sentry-component=\"ExternalLink\" data-sentry-source-file=\"ExternalLink.tsx\" target=\"_blank\"><strong class=\"typography-bold\">MTV Katsomossa<\/strong><\/a><strong class=\"typography-bold\"> ja MTV3-kanavalla.\u00a0<\/strong><\/p>\n","protected":false},"excerpt":{"rendered":"Maajussille morsian -ohjelmassa Ville viett\u00e4\u00e4 treffip\u00e4iv\u00e4\u00e4 Maaritin kanssa. Maajussille morsian -ohjelmassa Ville menee farmiviikon ensimm\u00e4isille treffeille Maaritin kanssa,&hellip;\n","protected":false},"author":2,"featured_media":59000,"comment_status":"","ping_status":"","sticky":false,"template":"","format":"standard","meta":{"footnotes":""},"categories":[133],"tags":[137,33,31,30,32,206,156,109],"class_list":{"0":"post-58999","1":"post","2":"type-post","3":"status-publish","4":"format-standard","5":"has-post-thumbnail","7":"category-televisiot","8":"tag-entertainment","9":"tag-fi","10":"tag-finland","11":"tag-finnish","12":"tag-suomi","13":"tag-televisiot","14":"tag-tv","15":"tag-viihde"},"share_on_mastodon":{"url":"","error":""},"_links":{"self":[{"href":"https:\/\/www.europesays.com\/fi\/wp-json\/wp\/v2\/posts\/58999","targetHints":{"allow":["GET"]}}],"collection":[{"href":"https:\/\/www.europesays.com\/fi\/wp-json\/wp\/v2\/posts"}],"about":[{"href":"https:\/\/www.europesays.com\/fi\/wp-json\/wp\/v2\/types\/post"}],"author":[{"embeddable":true,"href":"https:\/\/www.europesays.com\/fi\/wp-json\/wp\/v2\/users\/2"}],"replies":[{"embeddable":true,"href":"https:\/\/www.europesays.com\/fi\/wp-json\/wp\/v2\/comments?post=58999"}],"version-history":[{"count":0,"href":"https:\/\/www.europesays.com\/fi\/wp-json\/wp\/v2\/posts\/58999\/revisions"}],"wp:featuredmedia":[{"embeddable":true,"href":"https:\/\/www.europesays.com\/fi\/wp-json\/wp\/v2\/media\/59000"}],"wp:attachment":[{"href":"https:\/\/www.europesays.com\/fi\/wp-json\/wp\/v2\/media?parent=58999"}],"wp:term":[{"taxonomy":"category","embeddable":true,"href":"https:\/\/www.europesays.com\/fi\/wp-json\/wp\/v2\/categories?post=58999"},{"taxonomy":"post_tag","embeddable":true,"href":"https:\/\/www.europesays.com\/fi\/wp-json\/wp\/v2\/tags?post=58999"}],"curies":[{"name":"wp","href":"https:\/\/api.w.org\/{rel}","templated":true}]}}