{"id":59011,"date":"2025-10-11T09:47:08","date_gmt":"2025-10-11T09:47:08","guid":{"rendered":"https:\/\/www.europesays.com\/fi\/59011\/"},"modified":"2025-10-11T09:47:08","modified_gmt":"2025-10-11T09:47:08","slug":"ukrainassa-kymmenettuhannet-jaivat-jalleen-ilman-sahkoja-venajan-iskun-takia-uutissuomalainen","status":"publish","type":"post","link":"https:\/\/www.europesays.com\/fi\/59011\/","title":{"rendered":"Ukrainassa kymmenettuhannet j\u00e4iv\u00e4t j\u00e4lleen ilman s\u00e4hk\u00f6j\u00e4 Ven\u00e4j\u00e4n iskun takia | Uutissuomalainen"},"content":{"rendered":"<p>Ven\u00e4j\u00e4n \u00f6inen isku aiheutti laajoja s\u00e4hk\u00f6katkoja etel\u00e4isess\u00e4 Ukrainassa Odessan alueella varhain lauantaina. Isku oli viimeisin, jonka Ven\u00e4j\u00e4 on kohdistanut Ukrainan energiainfrastruktuuriin.<\/p>\n<p>Ukrainalaisviranomaiset eiv\u00e4t kertoneet, kuinka moneen kotitalouteen s\u00e4hk\u00f6katkos vaikutti. Ukrainan energiayhti\u00f6 kertoi my\u00f6hemmin, ett\u00e4 se oli saanut palautettua s\u00e4hk\u00f6t alueella yli 240\u2009000 taloudelle.<\/p>\n<p>Eilen Ven\u00e4j\u00e4n iskut aiheuttivat Kiovassa ja yhdeks\u00e4ll\u00e4 muulla alueella laajoja s\u00e4hk\u00f6katkoksia, kertoi Ukrainan energiaministeri\u00f6. Maan energiayhti\u00f6 kertoi lauantaina, ett\u00e4 Kiovassa s\u00e4hk\u00f6t oli saatu palautettua yli 800\u2009000 kotiin.<\/p>\n<p>Ven\u00e4j\u00e4 on viime viikkoina tehnyt ilmaiskuja Ukrainan energialaitoksiin ja rautatiej\u00e4rjestelmiin. Ukraina on vastauksena lis\u00e4nnyt omia drooni- ja ohjusiskujaan Ven\u00e4j\u00e4n alueelle.<\/p>\n<p>Ven\u00e4j\u00e4 on kohdistanut iskuja Ukrainan energiaverkkoon joka talvi. N\u00e4in se on katkaissut s\u00e4hk\u00f6t ja l\u00e4mm\u00f6t miljoonilta kotitalouksilta sek\u00e4 h\u00e4irinnyt vedenjakelua. Ukraina kutsuu t\u00e4t\u00e4 r\u00e4ike\u00e4ksi sotarikokseksi.<\/p>\n<p>Ven\u00e4j\u00e4 kiist\u00e4\u00e4 kohdistaneensa iskuja siviileihin ja sanoo Ukrainan k\u00e4ytt\u00e4v\u00e4n energialaitoksia asevoimiensa voimanl\u00e4hteen\u00e4. Ukrainan mukaan iskut on kohdistettu ensisijaisesti siviilej\u00e4 vastaan.<\/p>\n","protected":false},"excerpt":{"rendered":"Ven\u00e4j\u00e4n \u00f6inen isku aiheutti laajoja s\u00e4hk\u00f6katkoja etel\u00e4isess\u00e4 Ukrainassa Odessan alueella varhain lauantaina. Isku oli viimeisin, jonka Ven\u00e4j\u00e4 on&hellip;\n","protected":false},"author":2,"featured_media":59012,"comment_status":"","ping_status":"","sticky":false,"template":"","format":"standard","meta":{"footnotes":""},"categories":[14],"tags":[22,23,124,1628,26,27,33,31,30,17,3488,24,25,28,29,15,18,21,2307,2007,3383,32,19,20,549,56,16,59,60,61],"class_list":{"0":"post-59011","1":"post","2":"type-post","3":"status-publish","4":"format-standard","5":"has-post-thumbnail","7":"category-ulkomaat","8":"tag-breaking-news","9":"tag-breakingnews","10":"tag-energia-sektori","11":"tag-energia-ja-energiavarat","12":"tag-featured-news","13":"tag-featurednews","14":"tag-fi","15":"tag-finland","16":"tag-finnish","17":"tag-headlines","18":"tag-kiova","19":"tag-latest-news","20":"tag-latestnews","21":"tag-main-news","22":"tag-mainnews","23":"tag-news","24":"tag-otsikot","25":"tag-paauutiset","26":"tag-rautatiet-rautatieliikenne","27":"tag-sahko","28":"tag-sahkokatkos","29":"tag-suomi","30":"tag-top-stories","31":"tag-topstories","32":"tag-ukrainan-sota","33":"tag-ulkomaat","34":"tag-uutiset","35":"tag-world","36":"tag-world-news","37":"tag-worldnews"},"share_on_mastodon":{"url":"","error":""},"_links":{"self":[{"href":"https:\/\/www.europesays.com\/fi\/wp-json\/wp\/v2\/posts\/59011","targetHints":{"allow":["GET"]}}],"collection":[{"href":"https:\/\/www.europesays.com\/fi\/wp-json\/wp\/v2\/posts"}],"about":[{"href":"https:\/\/www.europesays.com\/fi\/wp-json\/wp\/v2\/types\/post"}],"author":[{"embeddable":true,"href":"https:\/\/www.europesays.com\/fi\/wp-json\/wp\/v2\/users\/2"}],"replies":[{"embeddable":true,"href":"https:\/\/www.europesays.com\/fi\/wp-json\/wp\/v2\/comments?post=59011"}],"version-history":[{"count":0,"href":"https:\/\/www.europesays.com\/fi\/wp-json\/wp\/v2\/posts\/59011\/revisions"}],"wp:featuredmedia":[{"embeddable":true,"href":"https:\/\/www.europesays.com\/fi\/wp-json\/wp\/v2\/media\/59012"}],"wp:attachment":[{"href":"https:\/\/www.europesays.com\/fi\/wp-json\/wp\/v2\/media?parent=59011"}],"wp:term":[{"taxonomy":"category","embeddable":true,"href":"https:\/\/www.europesays.com\/fi\/wp-json\/wp\/v2\/categories?post=59011"},{"taxonomy":"post_tag","embeddable":true,"href":"https:\/\/www.europesays.com\/fi\/wp-json\/wp\/v2\/tags?post=59011"}],"curies":[{"name":"wp","href":"https:\/\/api.w.org\/{rel}","templated":true}]}}