{"id":59039,"date":"2025-10-11T10:39:07","date_gmt":"2025-10-11T10:39:07","guid":{"rendered":"https:\/\/www.europesays.com\/fi\/59039\/"},"modified":"2025-10-11T10:39:07","modified_gmt":"2025-10-11T10:39:07","slug":"venalaiset-touhuavat-jotain-outoa-viron-liepeilla","status":"publish","type":"post","link":"https:\/\/www.europesays.com\/fi\/59039\/","title":{"rendered":"Ven\u00e4l\u00e4iset touhuavat jotain outoa Viron liepeill\u00e4"},"content":{"rendered":"<p>Viron poliisi- ja rajavartiolaitos on lis\u00e4nnyt l\u00e4sn\u00e4oloaan alueella.<\/p>\n<p><img decoding=\"async\" class=\"image image-show image-preview\" src=\"https:\/\/www.europesays.com\/fi\/wp-content\/uploads\/2025\/10\/c0b01d0069e248bfcdb03935690c4e0593f7b15dd75f25659734b0fe424614bb.jpg\" alt=\"\"\/><img decoding=\"async\" class=\"image image-show\" src=\"https:\/\/www.europesays.com\/fi\/wp-content\/uploads\/2025\/10\/1760179147_853_c0b01d0069e248bfcdb03935690c4e0593f7b15dd75f25659734b0fe424614bb.jpg\" alt=\"\"\/><\/p>\n<p>Viron poliisi- ja rajavartiolaitos on sulkenut Ven\u00e4j\u00e4n puolella kulkevan tieosuuden. Marostegui, CC BY-SA 3.0<\/p>\n<p class=\"paragraph\">Viron poliisi- ja rajavartiolaitos (PPA) sulki perjantai-iltana Ven\u00e4j\u00e4n puolella kulkevan tien ja rajanylityspaikan maan kaakkoisosassa. Syyn\u00e4 oli havainto Ven\u00e4j\u00e4n puolella liikkuvasta \u201dtavallista suuremmasta yksik\u00f6st\u00e4\u201d, <a href=\"https:\/\/www.delfi.ee\/artikkel\/120409606\/fotod-ppa-sulges-provokatsioonide-valtimiseks-ajutiselt-saatse-saapa-labisoidu\" target=\"_blank\" rel=\"noopener nofollow\">kertoo<\/a> muun muassa virolaismedia Delfi.<\/p>\n<p class=\"paragraph\">Osa suljetusta tiest\u00e4 kulkee Saatsen saappaana tunnetulla alueella, joka kuuluu Ven\u00e4j\u00e4lle.<\/p>\n<p class=\"paragraph\">PPA:n etel\u00e4isen prefektuurin operatiivisen johtajan <strong>K\u00fcnter Pedoskin<\/strong> mukaan p\u00e4\u00e4t\u00f6s sulkemisesta tehtiin mahdollisten provokaatioiden ja virolaisten turvallisuuden takia.<\/p>\n<p class=\"paragraph\">\u2013 Ven\u00e4j\u00e4n rajavartijat partioivat s\u00e4\u00e4nn\u00f6llisesti Saatsen saappaan alueella, koska se on heid\u00e4n alueensa, mutta t\u00e4n\u00e4\u00e4n siell\u00e4 oli tavallista enemm\u00e4n liikennett\u00e4, Pedosk sanoi Delfin mukaan.<\/p>\n<p>V\u00e4rska\u2013Ulitina-tie kulkee kahdesta kohtaa hetkellisesti Ven\u00e4j\u00e4n puolella rajaa. Openstreetmap\/IL-grafiikka<\/p>\n<p class=\"paragraph\">PPA on Delfin mukaan lis\u00e4nnyt l\u00e4sn\u00e4oloa alueella ja useat partiot ovat liikkeell\u00e4. Delfi kertoo, ett\u00e4 median kuvaaja pys\u00e4ytettiin alueella perjantain ja lauantain v\u00e4lisen\u00e4 y\u00f6n\u00e4. Kuvaajan henkil\u00f6llisyystodistus tarkistettiin pys\u00e4ytyksen aikana.<\/p>\n<p class=\"paragraph\">Viralliselta nimelt\u00e4\u00e4n V\u00e4rska\u2013Ulitina-tie on Delfin mukaan ainutlaatuinen, koska noin 800 metrin osuus siit\u00e4 kulkee Ven\u00e4j\u00e4n puolella Lutep\u00e4\u00e4n ja Sesnikin kylien v\u00e4liss\u00e4. My\u00f6s toinen noin 30 metrin osuus tiest\u00e4    ylitt\u00e4\u00e4 hetkellisesti Viron ja Ven\u00e4j\u00e4n v\u00e4lisen rajan.<\/p>\n<p class=\"paragraph\">Tiell\u00e4 kulkeminen on sallittua, kunhan ajoneuvoa ei pys\u00e4yt\u00e4 alle kilometrin p\u00e4\u00e4h\u00e4n Saatsen saappaasta.<\/p>\n<p class=\"paragraph\">Viron yleisradio ERR <a href=\"https:\/\/news.err.ee\/1609730313\/ppa-struggling-with-tourists-who-visit-estonian-russian-border-at-saatse\" target=\"_blank\" rel=\"noopener nofollow\">kertoi<\/a> kes\u00e4ll\u00e4 turistien tuottavan ajoittain harmia PPA:lle, koska alue ja siell\u00e4 sijaitseva rajakyltti ovat yleisi\u00e4 n\u00e4ht\u00e4vyyksi\u00e4.<\/p>\n<p class=\"paragraph\">Delfin mukaan alueelle aiotaankin rakentaa tie, joka kiert\u00e4isi Saatsen saappaan alueen.<\/p>\n<p>Saatsen saapas sijaitsee Saatsen ja Lutep\u00e4\u00e4n kylien v\u00e4liss\u00e4 Kaakkois-Virossa. Openstreetmap\/IL-grafiikka<\/p>\n","protected":false},"excerpt":{"rendered":"Viron poliisi- ja rajavartiolaitos on lis\u00e4nnyt l\u00e4sn\u00e4oloaan alueella. Viron poliisi- ja rajavartiolaitos on sulkenut Ven\u00e4j\u00e4n puolella kulkevan tieosuuden.&hellip;\n","protected":false},"author":2,"featured_media":59040,"comment_status":"","ping_status":"","sticky":false,"template":"","format":"standard","meta":{"footnotes":""},"categories":[14],"tags":[35,22,23,26,27,33,31,30,17,24,25,28,29,923,15,18,21,52,4281,32,19,20,546,56,16,3876,59,60,61],"class_list":{"0":"post-59039","1":"post","2":"type-post","3":"status-publish","4":"format-standard","5":"has-post-thumbnail","7":"category-ulkomaat","8":"tag-24h","9":"tag-breaking-news","10":"tag-breakingnews","11":"tag-featured-news","12":"tag-featurednews","13":"tag-fi","14":"tag-finland","15":"tag-finnish","16":"tag-headlines","17":"tag-latest-news","18":"tag-latestnews","19":"tag-main-news","20":"tag-mainnews","21":"tag-matkustaminen","22":"tag-news","23":"tag-otsikot","24":"tag-paauutiset","25":"tag-poliisi","26":"tag-poliisitoimi-ja-rajojen-vartiointi","27":"tag-suomi","28":"tag-top-stories","29":"tag-topstories","30":"tag-turvallisuus","31":"tag-ulkomaat","32":"tag-uutiset","33":"tag-valtioiden-rajat","34":"tag-world","35":"tag-world-news","36":"tag-worldnews"},"share_on_mastodon":{"url":"","error":""},"_links":{"self":[{"href":"https:\/\/www.europesays.com\/fi\/wp-json\/wp\/v2\/posts\/59039","targetHints":{"allow":["GET"]}}],"collection":[{"href":"https:\/\/www.europesays.com\/fi\/wp-json\/wp\/v2\/posts"}],"about":[{"href":"https:\/\/www.europesays.com\/fi\/wp-json\/wp\/v2\/types\/post"}],"author":[{"embeddable":true,"href":"https:\/\/www.europesays.com\/fi\/wp-json\/wp\/v2\/users\/2"}],"replies":[{"embeddable":true,"href":"https:\/\/www.europesays.com\/fi\/wp-json\/wp\/v2\/comments?post=59039"}],"version-history":[{"count":0,"href":"https:\/\/www.europesays.com\/fi\/wp-json\/wp\/v2\/posts\/59039\/revisions"}],"wp:featuredmedia":[{"embeddable":true,"href":"https:\/\/www.europesays.com\/fi\/wp-json\/wp\/v2\/media\/59040"}],"wp:attachment":[{"href":"https:\/\/www.europesays.com\/fi\/wp-json\/wp\/v2\/media?parent=59039"}],"wp:term":[{"taxonomy":"category","embeddable":true,"href":"https:\/\/www.europesays.com\/fi\/wp-json\/wp\/v2\/categories?post=59039"},{"taxonomy":"post_tag","embeddable":true,"href":"https:\/\/www.europesays.com\/fi\/wp-json\/wp\/v2\/tags?post=59039"}],"curies":[{"name":"wp","href":"https:\/\/api.w.org\/{rel}","templated":true}]}}