{"id":59045,"date":"2025-10-11T10:53:09","date_gmt":"2025-10-11T10:53:09","guid":{"rendered":"https:\/\/www.europesays.com\/fi\/59045\/"},"modified":"2025-10-11T10:53:09","modified_gmt":"2025-10-11T10:53:09","slug":"talta-mamban-tero-vaara-nayttaa-nyt-muistelee-bandin-hulluja-vuosia","status":"publish","type":"post","link":"https:\/\/www.europesays.com\/fi\/59045\/","title":{"rendered":"T\u00e4lt\u00e4 Mamban Tero Vaara n\u00e4ytt\u00e4\u00e4 nyt \u2013 muistelee b\u00e4ndin hulluja vuosia"},"content":{"rendered":"<p>            Juha Metso \/ AOP\n        <\/p>\n<p class=\"subtitle \">B\u00e4ndin johtohahmon rooliin on kuulunut paljon p\u00e4\u00e4t\u00f6ksi\u00e4 \u2013 isojakin.<\/p>\n<p class=\"article-content article-content-width !bg-background\">Valokuvia, Viel\u00e4 on kes\u00e4\u00e4 j\u00e4ljell\u00e4, Lauantai-ilta, Mit\u00e4 yhdest\u00e4 s\u00e4rkyneest\u00e4 syd\u00e4mest\u00e4, Saa koskettaa, S\u00e4 onneni oot.<\/p>\n<p class=\"article-content article-content-width !bg-background\">Edell\u00e4 vain muutamia hittej\u00e4, jotka kuuluvat porilaisl\u00e4ht\u00f6iselle yhtyeelle nimelt\u00e4 Mamba.<\/p>\n<p class=\"article-content article-content-width !bg-background\">Ja Mambaa taas ei voi kuvitellakaan mainitsevansa ilman, ett\u00e4 samassa yhteydess\u00e4 mainitaan my\u00f6s b\u00e4ndin nokkamies .<\/p>\n<p class=\"article-content article-content-width !bg-background\">T\u00e4ll\u00e4 hetkell\u00e4 on k\u00e4ynniss\u00e4 Mamba \u2013 Tero Vaara 60 vuotta -kiertue, joka tuo ikivihre\u00e4t hitit muun muassa Helsingin Savoy\u2019hyn sek\u00e4 Turun Logomoon.<\/p>\n<p>        <a itemprop=\"url\" href=\"https:\/\/www.seiska.fi\/kotimaa\/mamban-tero-vaara-uransa-alusta-sekoiltiin-viinan-kanssa-urakalla\/104650\" rel=\"nofollow noopener\" target=\"_blank\"><\/p>\n<p class=\"section-date\">\n        <strong class=\"article-section\" data-section=\"kotimaa\"><br \/>\n            kotimaa<br \/>\n        <\/strong><br \/>\n        12.5.2023 15:00\n    <\/p>\n<p>Mamban Tero Vaara uransa alusta: \u201dSekoiltiin viinan kanssa urakalla\u201d\n    <\/p>\n<p>        <\/a><\/p>\n<p class=\"article-content article-content-width !bg-background\">Vaikka konserttisalit ovat isoja, ei Teron n\u00e4kyvyys ole ollut en\u00e4\u00e4 vuosikausiin erityisen suurta.<\/p>\n<p class=\"article-content article-content-width !bg-background\">Ei ainakaan, jos verrataan vuosituhannen vaihteen hulluihin vuosiin, jolloin keikkaa riitti enemm\u00e4n kuin tarpeeksi.<\/p>\n<p>                <img decoding=\"async\" src=\"https:\/\/www.europesays.com\/fi\/wp-content\/uploads\/2025\/10\/1953432.webp\" width=\"576\" height=\"384\" alt=\"Mies ja kitara. Tero Vaara. Kuva kes\u00e4lt\u00e4 2008.\" loading=\"lazy\" \/>            <\/p>\n<p>\n            Mies ja kitara. Tero Vaara. Kuva kes\u00e4lt\u00e4 2008.<br \/>\n            Juha Metso \/ AOP\n        <\/p>\n<p>Palautuminen hidastunut<\/p>\n<p class=\"article-content article-content-width !bg-background\">Ravintola Kosmoksessa vorschmackia sy\u00f6 levollisen \u2013 ja hyv\u00e4kuntoisen \u2013 n\u00e4k\u00f6inen Tero. Ei ik\u00e4 ole kuitenkaan pelkk\u00e4 numero, vaikka sanonta muuta v\u00e4itt\u00e4isikin.<\/p>\n<p class=\"article-content article-content-width !bg-background\">\u2013 No, palautuminen on hidasta. Terveen\u00e4 kyll\u00e4 ollaan, mutta kyll\u00e4 kiert\u00e4minen vie paljon mehuja nykyisin.<\/p>\n<p>        <a itemprop=\"url\" href=\"https:\/\/www.seiska.fi\/kotimaa\/nain-tero-vaara-loysi-siru-rakkaansa-etsin-seuraa-salanimella\/104620\" rel=\"nofollow noopener\" target=\"_blank\"><\/p>\n<p class=\"section-date\">\n        <strong class=\"article-section\" data-section=\"kotimaa\"><br \/>\n            kotimaa<br \/>\n        <\/strong><br \/>\n        13.5.2023 22:00\n    <\/p>\n<p>N\u00e4in Tero Vaara l\u00f6ysi Siru-rakkaansa: Etsin seuraa salanimell\u00e4\n    <\/p>\n<p>        <\/a><\/p>\n<p class=\"article-content article-content-width !bg-background\">Mit\u00e4 palautuminen k\u00e4yt\u00e4nn\u00f6ss\u00e4 tarkoittaa, siit\u00e4 h\u00e4n antaa esimerkin:<\/p>\n<p class=\"article-content article-content-width !bg-background\">\u2013 Jos olen viikonloppuna keikalla, niin vasta seuraavana keskiviikkona olen virke\u00e4.<\/p>\n<p>                <img decoding=\"async\" src=\"https:\/\/www.europesays.com\/fi\/wp-content\/uploads\/2025\/10\/1953434.webp\" width=\"576\" height=\"322\" alt=\"Tero Vaara ei ole ulkoisesti juuri muuttunut vuosien varrella.\" loading=\"lazy\" \/>            <\/p>\n<p>\n            Tero Vaara ei ole ulkoisesti juuri muuttunut vuosien varrella.<br \/>\n            Matti Matikainen\n        <\/p>\n<p>27 keikkaa putkeen\u00a0<\/p>\n<p class=\"article-content article-content-width !bg-background\">Mamban kuumimpina vuosina toimintakyky oli pakko olla eri tasolla.<\/p>\n<p class=\"article-content article-content-width !bg-background\">\u2013 Muistan, ett\u00e4 teimme pisimmill\u00e4\u00e4n 27 keikkaa putkeen \u2013 siis joka p\u00e4iv\u00e4 oli keikka.<\/p>\n<p>        <a itemprop=\"url\" href=\"https:\/\/www.seiska.fi\/kotimaa\/mamban-tero-vaara-vaimonsa-syopataistelusta-pysaytti-ja-jarkytti\/104651\" rel=\"nofollow noopener\" target=\"_blank\"><\/p>\n<p class=\"section-date\">\n        <strong class=\"article-section\" data-section=\"kotimaa\"><br \/>\n            kotimaa<br \/>\n        <\/strong><br \/>\n        14.5.2023 20:00\n    <\/p>\n<p>Mamban Tero Vaara vaimonsa sy\u00f6p\u00e4taistelusta: \u201dPys\u00e4ytti ja j\u00e4rkytti\u201d\n    <\/p>\n<p>        <\/a><\/p>\n<p class=\"article-content article-content-width !bg-background\">Vuonna 1984 perustettu porilaisyhtye on kulkenut pitk\u00e4n tien, jossa j\u00e4seni\u00e4 on vaihtunut Teron ymp\u00e4rill\u00e4.<\/p>\n<p class=\"article-content article-content-width !bg-background\">Lujaa on menty heti alusta asti, kuten t\u00e4hteyteen kuuluu.<\/p>\n<p>                <img decoding=\"async\" src=\"https:\/\/www.europesays.com\/fi\/wp-content\/uploads\/2025\/10\/1953440.webp\" width=\"576\" height=\"322\" alt=\"Tero Vaara el\u00e4\u00e4 ja voi hyvin, vaikka ei ole en\u00e4\u00e4 ollut julkisuudessa entiseen malliin.\" loading=\"lazy\" \/>            <\/p>\n<p>\n            Tero Vaara el\u00e4\u00e4 ja voi hyvin, vaikka ei ole en\u00e4\u00e4 ollut julkisuudessa entiseen malliin.<br \/>\n            Matti Matikainen\n        <\/p>\n<p>&#8221;Stressasin siis ihan helvetisti&#8221;<\/p>\n<p class=\"article-content article-content-width !bg-background\">Silti Terosta ei ole kerrottu ainakaan mediassa vuosien varrella mit\u00e4\u00e4n k\u00e4nnisekoilujuttuja.<\/p>\n<p class=\"article-content article-content-width !bg-background\">\u2013 Ei nuorempanakaan paljoa sekoiltu. Jotain urpoiltiin toki, mutta aika siististi oltiin.<\/p>\n<p class=\"article-content article-content-width !bg-background\">\u2013 Minulla asioihin vaikutti se, ett\u00e4 olin p\u00e4\u00e4hahmo, niin vastuut painoivat paljon ja oli pakko olla skarppina.<\/p>\n<p class=\"article-content article-content-width !bg-background\">H\u00e4n kuvailee juuri luotsaamisen olleen henkisesti kuormittavaa.<\/p>\n<p class=\"article-content article-content-width !bg-background\">\u2013 Stressasin siis ihan helvetisti, ja aina jos jotain kolttosta sattui, niin minulle soitettiin.<\/p>\n<p class=\"article-content article-content-width !bg-background\">B\u00e4ndin johtohahmon rooliin on kuulunut paljon p\u00e4\u00e4t\u00f6ksi\u00e4 \u2013 isojakin.<\/p>\n<p>                <img decoding=\"async\" src=\"https:\/\/www.europesays.com\/fi\/wp-content\/uploads\/2025\/10\/1953443.webp\" width=\"576\" height=\"720\" alt=\"Mamba \u2013 Tero Vaara 60 vuotta -kiertue tuo lokakuussa Mamban hitit moneen paikkaan.\" loading=\"lazy\" \/>            <\/p>\n<p>\n            Mamba \u2013 Tero Vaara 60 vuotta -kiertue tuo lokakuussa Mamban hitit moneen paikkaan.<br \/>\n            Matti Matikainen\n        <\/p>\n<p>Koti M\u00e4ntyharjulla<\/p>\n<p class=\"article-content article-content-width !bg-background\">T\u00e4ll\u00e4 hetkell\u00e4 Tero tekee pitk\u00e4lti itsekseen keikkoja, ja Mamba esiintyy vain juhlakiertueella.<\/p>\n<p class=\"article-content article-content-width !bg-background\">Alkuper\u00e4inen Mamban kokoonpano hajosi jo 1980-luvun puolella.<\/p>\n<p class=\"article-content article-content-width !bg-background\">Nykyisen b\u00e4ndin j\u00e4seni\u00e4 asuu muun muassa Helsingiss\u00e4. Tero itse asuu m\u00f6kkikuntana tunnetulla M\u00e4ntyharjulla, jonne mies rakennutti kotinsa jo vuonna 2006.<\/p>\n<p class=\"article-content article-content-width !bg-background\">Aikaa on kulunut, ja ajan hammas on hionut meist\u00e4 jokaista.<\/p>\n<p class=\"article-content article-content-width !bg-background\">Silti Tero ei vaikuta juuri muuttuneen ulkoisesti vuosien varrella.<\/p>\n<p class=\"article-content article-content-width !bg-background\">H\u00e4nt\u00e4 pukee edelleen kalju, parta sek\u00e4 pojanviikarimainen hymy.<\/p>\n","protected":false},"excerpt":{"rendered":"Juha Metso \/ AOP B\u00e4ndin johtohahmon rooliin on kuulunut paljon p\u00e4\u00e4t\u00f6ksi\u00e4 \u2013 isojakin. Valokuvia, Viel\u00e4 on kes\u00e4\u00e4 j\u00e4ljell\u00e4,&hellip;\n","protected":false},"author":2,"featured_media":59046,"comment_status":"","ping_status":"","sticky":false,"template":"","format":"standard","meta":{"footnotes":""},"categories":[136],"tags":[407,137,33,31,30,408,5207,13849,4023,13851,32,1667,13850,109],"class_list":{"0":"post-59045","1":"post","2":"type-post","3":"status-publish","4":"format-standard","5":"has-post-thumbnail","7":"category-julkkikset","8":"tag-celebrities","9":"tag-entertainment","10":"tag-fi","11":"tag-finland","12":"tag-finnish","13":"tag-julkkikset","14":"tag-kiertue","15":"tag-mamba","16":"tag-mantyharju","17":"tag-porilaisyhtye","18":"tag-suomi","19":"tag-tapahtumat","20":"tag-tero-vaara","21":"tag-viihde"},"share_on_mastodon":{"url":"","error":""},"_links":{"self":[{"href":"https:\/\/www.europesays.com\/fi\/wp-json\/wp\/v2\/posts\/59045","targetHints":{"allow":["GET"]}}],"collection":[{"href":"https:\/\/www.europesays.com\/fi\/wp-json\/wp\/v2\/posts"}],"about":[{"href":"https:\/\/www.europesays.com\/fi\/wp-json\/wp\/v2\/types\/post"}],"author":[{"embeddable":true,"href":"https:\/\/www.europesays.com\/fi\/wp-json\/wp\/v2\/users\/2"}],"replies":[{"embeddable":true,"href":"https:\/\/www.europesays.com\/fi\/wp-json\/wp\/v2\/comments?post=59045"}],"version-history":[{"count":0,"href":"https:\/\/www.europesays.com\/fi\/wp-json\/wp\/v2\/posts\/59045\/revisions"}],"wp:featuredmedia":[{"embeddable":true,"href":"https:\/\/www.europesays.com\/fi\/wp-json\/wp\/v2\/media\/59046"}],"wp:attachment":[{"href":"https:\/\/www.europesays.com\/fi\/wp-json\/wp\/v2\/media?parent=59045"}],"wp:term":[{"taxonomy":"category","embeddable":true,"href":"https:\/\/www.europesays.com\/fi\/wp-json\/wp\/v2\/categories?post=59045"},{"taxonomy":"post_tag","embeddable":true,"href":"https:\/\/www.europesays.com\/fi\/wp-json\/wp\/v2\/tags?post=59045"}],"curies":[{"name":"wp","href":"https:\/\/api.w.org\/{rel}","templated":true}]}}