{"id":59047,"date":"2025-10-11T10:55:07","date_gmt":"2025-10-11T10:55:07","guid":{"rendered":"https:\/\/www.europesays.com\/fi\/59047\/"},"modified":"2025-10-11T10:55:07","modified_gmt":"2025-10-11T10:55:07","slug":"aatos-august-ketvelin-esikoisrunoteos-ekr-kasittelee-elokuvan-merkitysta","status":"publish","type":"post","link":"https:\/\/www.europesays.com\/fi\/59047\/","title":{"rendered":"Aatos August Ketvelin esikoisrunoteos eKr. k\u00e4sittelee elokuvan merkityst\u00e4"},"content":{"rendered":"<p>Kirja-arvio|Esikoisrunoilija Aatos Ketvel on filmifriikki ja vaikuttaa my\u00f6s Kirsikkapuu-nimisess\u00e4 iskelm\u00e4rock-yhtyeess\u00e4.<\/p>\n<p class=\"article-body mb-nof-24 px-nof-16\">Runot<\/p>\n<p class=\"article-body mb-nof-24 px-nof-16\">Aatos August Ketvel: eKr. \u2013 Elokuvarunoja. Puoliuni. 60 s.<\/p>\n<p class=\"article-body mb-nof-24 px-nof-16\">Useimmiten esikoiskirjat ilmestyv\u00e4t ihan puskista, mutta joskus ne voivat yll\u00e4tt\u00e4\u00e4 my\u00f6s toisella tavalla. Kirjaa ei silloin mill\u00e4\u00e4n uskoisi esikoiseksi. T\u00e4t\u00e4 kaveriahan on n\u00e4kynyt siell\u00e4 t\u00e4\u00e4ll\u00e4 jo pitk\u00e4\u00e4n, sit\u00e4 p\u00e4ivittelee.<\/p>\n","protected":false},"excerpt":{"rendered":"Kirja-arvio|Esikoisrunoilija Aatos Ketvel on filmifriikki ja vaikuttaa my\u00f6s Kirsikkapuu-nimisess\u00e4 iskelm\u00e4rock-yhtyeess\u00e4. Runot Aatos August Ketvel: eKr. \u2013 Elokuvarunoja. Puoliuni.&hellip;\n","protected":false},"author":2,"featured_media":59048,"comment_status":"","ping_status":"","sticky":false,"template":"","format":"standard","meta":{"footnotes":""},"categories":[134],"tags":[377,137,33,31,30,46,378,32,109],"class_list":{"0":"post-59047","1":"post","2":"type-post","3":"status-publish","4":"format-standard","5":"has-post-thumbnail","7":"category-kirjat","8":"tag-books","9":"tag-entertainment","10":"tag-fi","11":"tag-finland","12":"tag-finnish","13":"tag-helsingin-sanomat","14":"tag-kirjat","15":"tag-suomi","16":"tag-viihde"},"share_on_mastodon":{"url":"","error":""},"_links":{"self":[{"href":"https:\/\/www.europesays.com\/fi\/wp-json\/wp\/v2\/posts\/59047","targetHints":{"allow":["GET"]}}],"collection":[{"href":"https:\/\/www.europesays.com\/fi\/wp-json\/wp\/v2\/posts"}],"about":[{"href":"https:\/\/www.europesays.com\/fi\/wp-json\/wp\/v2\/types\/post"}],"author":[{"embeddable":true,"href":"https:\/\/www.europesays.com\/fi\/wp-json\/wp\/v2\/users\/2"}],"replies":[{"embeddable":true,"href":"https:\/\/www.europesays.com\/fi\/wp-json\/wp\/v2\/comments?post=59047"}],"version-history":[{"count":0,"href":"https:\/\/www.europesays.com\/fi\/wp-json\/wp\/v2\/posts\/59047\/revisions"}],"wp:featuredmedia":[{"embeddable":true,"href":"https:\/\/www.europesays.com\/fi\/wp-json\/wp\/v2\/media\/59048"}],"wp:attachment":[{"href":"https:\/\/www.europesays.com\/fi\/wp-json\/wp\/v2\/media?parent=59047"}],"wp:term":[{"taxonomy":"category","embeddable":true,"href":"https:\/\/www.europesays.com\/fi\/wp-json\/wp\/v2\/categories?post=59047"},{"taxonomy":"post_tag","embeddable":true,"href":"https:\/\/www.europesays.com\/fi\/wp-json\/wp\/v2\/tags?post=59047"}],"curies":[{"name":"wp","href":"https:\/\/api.w.org\/{rel}","templated":true}]}}