{"id":59069,"date":"2025-10-11T11:28:11","date_gmt":"2025-10-11T11:28:11","guid":{"rendered":"https:\/\/www.europesays.com\/fi\/59069\/"},"modified":"2025-10-11T11:28:11","modified_gmt":"2025-10-11T11:28:11","slug":"tama-tiedetaan-hameenlinnan-erittain-vaarallisesta-villisiasta","status":"publish","type":"post","link":"https:\/\/www.europesays.com\/fi\/59069\/","title":{"rendered":"T\u00e4m\u00e4 tiedet\u00e4\u00e4n H\u00e4meenlinnan eritt\u00e4in vaarallisesta villisiasta"},"content":{"rendered":"<p>Loukkaantunutta villisikaa on etsitty H\u00e4meen maastosta tuloksetta.<\/p>\n<p><img decoding=\"async\" class=\"image image-show image-preview\" src=\"https:\/\/www.europesays.com\/fi\/wp-content\/uploads\/2025\/10\/57b737d71f91636044ba2f38e583efa4ed2197580e6f5fb0d949953851668283.jpg\" alt=\"\"\/><img decoding=\"async\" class=\"image image-show\" src=\"https:\/\/www.europesays.com\/fi\/wp-content\/uploads\/2025\/10\/1760182091_244_57b737d71f91636044ba2f38e583efa4ed2197580e6f5fb0d949953851668283.jpg\" alt=\"\"\/><\/p>\n<p>Loukkaantunut villisika voi olla eritt\u00e4in vaarallinen. Kuvan villisika ei liity tapaukseen. Esko Tuovinen<\/p>\n<p class=\"paragraph\">\u201dEritt\u00e4in vaarallista\u201d loukkaantunutta villisikaa ei ole l\u00f6ydetty H\u00e4meest\u00e4.<\/p>\n<p class=\"paragraph\">Poliisi tiedotti viime sunnuntaina, ett\u00e4 <a href=\"https:\/\/www.iltalehti.fi\/kotimaa\/dc31eda9-b776-4291-a67b-0fa3411b9cec\" rel=\"nofollow noopener\" target=\"_blank\">pikkubussi t\u00f6rm\u00e4si villisikaan<\/a> H\u00e4meenlinnassa Longankulman kohdalla. Loukkaantunut villisika jatkoi t\u00f6rm\u00e4yksest\u00e4 huolimatta matkaansa.<\/p>\n<p class=\"paragraph\">\u2013 Poliisi haluaa varoittaa, ett\u00e4 loukkaantunut villisika on eritt\u00e4in vaarallinen, eik\u00e4 sit\u00e4 tule l\u00e4hesty\u00e4, poliisi kertoi.<\/p>\n<p class=\"paragraph\">Rengon seudun riistanhoitoyhdistyksen SRVA-yhteyshenkil\u00f6 <strong>Harri Mansikkam\u00e4ki<\/strong> kertoo, ett\u00e4 villisikaa etsittiin Rengon ja Lopen alueilta muutaman p\u00e4iv\u00e4n ajan tuloksetta.<\/p>\n<p class=\"paragraph\">\u2013 Poliisin antamat tiedot pit\u00e4v\u00e4t edelleen paikkaansa, Mansikkam\u00e4ki sanoo.<\/p>\n<p class=\"paragraph\">Villisian n\u00e4k\u00f6havainnoista pyydet\u00e4\u00e4n soittamaan h\u00e4t\u00e4keskukseen numeroon 112.<\/p>\n","protected":false},"excerpt":{"rendered":"Loukkaantunutta villisikaa on etsitty H\u00e4meen maastosta tuloksetta. Loukkaantunut villisika voi olla eritt\u00e4in vaarallinen. Kuvan villisika ei liity tapaukseen.&hellip;\n","protected":false},"author":2,"featured_media":59070,"comment_status":"","ping_status":"","sticky":false,"template":"","format":"standard","meta":{"footnotes":""},"categories":[112],"tags":[35,404,33,31,30,121,122,54,118,32,119,128],"class_list":{"0":"post-59069","1":"post","2":"type-post","3":"status-publish","4":"format-standard","5":"has-post-thumbnail","7":"category-tiede","8":"tag-24h","9":"tag-elaimet","10":"tag-fi","11":"tag-finland","12":"tag-finnish","13":"tag-liikenne-ja-kuljetus","14":"tag-pelastaminen","15":"tag-pelastuspalvelut","16":"tag-science","17":"tag-suomi","18":"tag-tiede","19":"tag-tieliikenne"},"share_on_mastodon":{"url":"","error":""},"_links":{"self":[{"href":"https:\/\/www.europesays.com\/fi\/wp-json\/wp\/v2\/posts\/59069","targetHints":{"allow":["GET"]}}],"collection":[{"href":"https:\/\/www.europesays.com\/fi\/wp-json\/wp\/v2\/posts"}],"about":[{"href":"https:\/\/www.europesays.com\/fi\/wp-json\/wp\/v2\/types\/post"}],"author":[{"embeddable":true,"href":"https:\/\/www.europesays.com\/fi\/wp-json\/wp\/v2\/users\/2"}],"replies":[{"embeddable":true,"href":"https:\/\/www.europesays.com\/fi\/wp-json\/wp\/v2\/comments?post=59069"}],"version-history":[{"count":0,"href":"https:\/\/www.europesays.com\/fi\/wp-json\/wp\/v2\/posts\/59069\/revisions"}],"wp:featuredmedia":[{"embeddable":true,"href":"https:\/\/www.europesays.com\/fi\/wp-json\/wp\/v2\/media\/59070"}],"wp:attachment":[{"href":"https:\/\/www.europesays.com\/fi\/wp-json\/wp\/v2\/media?parent=59069"}],"wp:term":[{"taxonomy":"category","embeddable":true,"href":"https:\/\/www.europesays.com\/fi\/wp-json\/wp\/v2\/categories?post=59069"},{"taxonomy":"post_tag","embeddable":true,"href":"https:\/\/www.europesays.com\/fi\/wp-json\/wp\/v2\/tags?post=59069"}],"curies":[{"name":"wp","href":"https:\/\/api.w.org\/{rel}","templated":true}]}}