{"id":59126,"date":"2025-10-11T12:39:07","date_gmt":"2025-10-11T12:39:07","guid":{"rendered":"https:\/\/www.europesays.com\/fi\/59126\/"},"modified":"2025-10-11T12:39:07","modified_gmt":"2025-10-11T12:39:07","slug":"mika-kirja-on-pysayttanyt-sinut-tana-vuonna-kerro-meille-mika-on-vuoden-paras-kirja","status":"publish","type":"post","link":"https:\/\/www.europesays.com\/fi\/59126\/","title":{"rendered":"Mik\u00e4 kirja on pys\u00e4ytt\u00e4nyt sinut t\u00e4n\u00e4 vuonna? \u2013 Kerro meille, mik\u00e4 on vuoden paras kirja"},"content":{"rendered":"<p class=\"article__paragraph\">\n      Mik\u00e4 kirja on saanut sinut ajattelemaan uudella tavalla, liikuttunut tai innostanut toimimaan?Oliko kyseess\u00e4 runo, romaani, tietokirja vai kenties n\u00e4ytelm\u00e4?\n    <\/p>\n<p class=\"article__paragraph\">\n      Kerro meille, mik\u00e4 on mielest\u00e4si paras t\u00e4n\u00e4 vuonna julkaistu kirja \u2013 sellainen, jota suosittelisit muillekin.\n    <\/p>\n<p class=\"article__paragraph\">\n      Koostamme vastauksista inspiroivan lukulistan loppuvuodeksi, jotta jokainen l\u00f6yt\u00e4\u00e4 jotakin uutta, koskettavaa tai ajatuksia her\u00e4tt\u00e4v\u00e4\u00e4 luettavaa.\n    <\/p>\n<p class=\"article__paragraph\">\n      Kysely on auki Oulun kirjamessujen ajan eli 10.-12. lokakuuta.\n    <\/p>\n","protected":false},"excerpt":{"rendered":"Mik\u00e4 kirja on saanut sinut ajattelemaan uudella tavalla, liikuttunut tai innostanut toimimaan?Oliko kyseess\u00e4 runo, romaani, tietokirja vai kenties&hellip;\n","protected":false},"author":2,"featured_media":59127,"comment_status":"","ping_status":"","sticky":false,"template":"","format":"standard","meta":{"footnotes":""},"categories":[134],"tags":[377,137,33,31,30,378,32,109],"class_list":{"0":"post-59126","1":"post","2":"type-post","3":"status-publish","4":"format-standard","5":"has-post-thumbnail","7":"category-kirjat","8":"tag-books","9":"tag-entertainment","10":"tag-fi","11":"tag-finland","12":"tag-finnish","13":"tag-kirjat","14":"tag-suomi","15":"tag-viihde"},"share_on_mastodon":{"url":"","error":""},"_links":{"self":[{"href":"https:\/\/www.europesays.com\/fi\/wp-json\/wp\/v2\/posts\/59126","targetHints":{"allow":["GET"]}}],"collection":[{"href":"https:\/\/www.europesays.com\/fi\/wp-json\/wp\/v2\/posts"}],"about":[{"href":"https:\/\/www.europesays.com\/fi\/wp-json\/wp\/v2\/types\/post"}],"author":[{"embeddable":true,"href":"https:\/\/www.europesays.com\/fi\/wp-json\/wp\/v2\/users\/2"}],"replies":[{"embeddable":true,"href":"https:\/\/www.europesays.com\/fi\/wp-json\/wp\/v2\/comments?post=59126"}],"version-history":[{"count":0,"href":"https:\/\/www.europesays.com\/fi\/wp-json\/wp\/v2\/posts\/59126\/revisions"}],"wp:featuredmedia":[{"embeddable":true,"href":"https:\/\/www.europesays.com\/fi\/wp-json\/wp\/v2\/media\/59127"}],"wp:attachment":[{"href":"https:\/\/www.europesays.com\/fi\/wp-json\/wp\/v2\/media?parent=59126"}],"wp:term":[{"taxonomy":"category","embeddable":true,"href":"https:\/\/www.europesays.com\/fi\/wp-json\/wp\/v2\/categories?post=59126"},{"taxonomy":"post_tag","embeddable":true,"href":"https:\/\/www.europesays.com\/fi\/wp-json\/wp\/v2\/tags?post=59126"}],"curies":[{"name":"wp","href":"https:\/\/api.w.org\/{rel}","templated":true}]}}