{"id":59163,"date":"2025-10-11T13:29:10","date_gmt":"2025-10-11T13:29:10","guid":{"rendered":"https:\/\/www.europesays.com\/fi\/59163\/"},"modified":"2025-10-11T13:29:10","modified_gmt":"2025-10-11T13:29:10","slug":"vappu-pimia-esittelee-teinityttarensa-aipan-nakoa","status":"publish","type":"post","link":"https:\/\/www.europesays.com\/fi\/59163\/","title":{"rendered":"Vappu Pimi\u00e4 esittelee teinitytt\u00e4rens\u00e4 \u2013 \u201d\u00c4ip\u00e4n n\u00e4k\u00f6\u00e4!\u201d"},"content":{"rendered":"<p>Juontaja <strong>Vappu Pimi\u00e4n<\/strong> el\u00e4m\u00e4 vaikuttaa h\u00e4nen somejulkaisujensa perusteella olevan hyvin kiireinen. H\u00e4n ehtii t\u00f6iden lomassa my\u00f6s huolehtimaan kunnostaan, ja aikaa viev\u00e4t varmasti paljon my\u00f6s h\u00e4nen kaksi tyt\u00e4rt\u00e4\u00e4n. Heist\u00e4 vanhempi saavutti juuri teini-i\u00e4n t\u00e4ytt\u00e4m\u00e4ll\u00e4 13 vuotta.<\/p>\n<p>Vappu julkaisi eilen syntym\u00e4p\u00e4iv\u00e4\u00e4ns\u00e4 viett\u00e4v\u00e4st\u00e4 tytt\u00e4rest\u00e4 kuvia vuosien varrelta. Kuvista viimeisess\u00e4 tyt\u00e4r n\u00e4ytt\u00e4\u00e4 ihan Vappu-\u00e4idilt\u00e4\u00e4n.<\/p>\n<p>\u2013 Teini-ik\u00e4 on t\u00e4\u00e4ll\u00e4 vahvasti hyvine ja huonoine puolineen, mutta naurua onneksi piisaa ja kaverit ovat todella t\u00e4rkeit\u00e4. Monia Armorikkaita Vuosia ja Paljon onnea 13-vuotias, maailman rakkain ViuViu! kirjoittaa Vappu julkaisunsa lopussa.<\/p>\n<p>Lue my\u00f6s: <a href=\"https:\/\/www.como.fi\/uutiset\/vappu-pimian-pihalla-mykistava-ilmestys-kuva-leviaa-somessa\/\" title=\"Vappu Pimi\u00e4n pihalla mykist\u00e4v\u00e4 ilmestys \u2013 kuva levi\u00e4\u00e4 somessa\" class=\"underline-custom !font-montserrat !font-bold !underline-offset-4 !decoration-4 !decoration-red-600 !text-md\" rel=\"nofollow noopener\" target=\"_blank\">Vappu Pimi\u00e4n pihalla mykist\u00e4v\u00e4 ilmestys \u2013 kuva levi\u00e4\u00e4 somessa<\/a><\/p>\n<p>Tytt\u00e4ren ja \u00e4idin ulkon\u00e4\u00f6ss\u00e4 on paljon samaa, jonka on huomannut my\u00f6s Vapun someseuraaja.<\/p>\n<p>\u2013 Tuo nelj\u00e4s kuva mun mielest\u00e4 on sarjassa kuin kaksi marjaa. \u00c4ip\u00e4n n\u00e4k\u00f6\u00e4! toteaa someseuraaja.<\/p>\n<p><strong>Violalle <\/strong>on tullut julkaisun kautta paljon onnitteluita.<\/p>\n<p>\u2013 Muistan kun nimi tuli julkiseksi, kuulosti niin kivalta. Kaunis nimi, mainitsee joku.<\/p>\n<p>Vappu ei julkaise lapsistaan kuvia, joissa n\u00e4ht\u00e4isiin kokonaan heid\u00e4n kasvonsa. T\u00e4m\u00e4n julkaisun viimeisess\u00e4 kuvassa vain aurinkolasit peitt\u00e4v\u00e4t osan kasvoista. Kuvasta n\u00e4kee t\u00e4ten aika hyvin, miten paljon Viola muistuttaa \u00e4iti\u00e4\u00e4n.<\/p>\n<p>Jos upotus ei n\u00e4y, avaa se auki <a href=\"https:\/\/www.instagram.com\/p\/DPoeszlgl1u\/?utm_source=ig_web_copy_link&amp;igsh=MzRlODBiNWFlZA==\" target=\"_blank\" rel=\"noreferrer noopener nofollow\">t\u00e4st\u00e4<\/a>.<\/p>\n<p>Lue my\u00f6s: <a href=\"https:\/\/www.como.fi\/tilaa-comon-uutiskirje\/\" title=\"Tilaa Comon uutiskirje ja tied\u00e4t mist\u00e4 kahvitauolla puhutaan! Nappaa kotimaan tv-vinkit ja puheenaiheet suoraan s\u00e4hk\u00f6postiin t\u00e4st\u00e4.\" class=\"underline-custom !font-montserrat !font-bold !underline-offset-4 !decoration-4 !decoration-red-600 !text-md\" rel=\"nofollow noopener\" target=\"_blank\">Tilaa Comon uutiskirje ja tied\u00e4t mist\u00e4 kahvitauolla puhutaan! Nappaa kotimaan tv-vinkit ja puheenaiheet suoraan s\u00e4hk\u00f6postiin t\u00e4st\u00e4.<\/a><\/p>\n<p>\t\t\t<script async src=\"\/\/www.instagram.com\/embed.js\"><\/script><\/p>\n","protected":false},"excerpt":{"rendered":"Juontaja Vappu Pimi\u00e4n el\u00e4m\u00e4 vaikuttaa h\u00e4nen somejulkaisujensa perusteella olevan hyvin kiireinen. H\u00e4n ehtii t\u00f6iden lomassa my\u00f6s huolehtimaan kunnostaan,&hellip;\n","protected":false},"author":2,"featured_media":59164,"comment_status":"","ping_status":"","sticky":false,"template":"","format":"standard","meta":{"footnotes":""},"categories":[136],"tags":[407,137,33,31,30,408,32,7258,109],"class_list":{"0":"post-59163","1":"post","2":"type-post","3":"status-publish","4":"format-standard","5":"has-post-thumbnail","7":"category-julkkikset","8":"tag-celebrities","9":"tag-entertainment","10":"tag-fi","11":"tag-finland","12":"tag-finnish","13":"tag-julkkikset","14":"tag-suomi","15":"tag-vappu-pimiu00e4","16":"tag-viihde"},"share_on_mastodon":{"url":"","error":""},"_links":{"self":[{"href":"https:\/\/www.europesays.com\/fi\/wp-json\/wp\/v2\/posts\/59163","targetHints":{"allow":["GET"]}}],"collection":[{"href":"https:\/\/www.europesays.com\/fi\/wp-json\/wp\/v2\/posts"}],"about":[{"href":"https:\/\/www.europesays.com\/fi\/wp-json\/wp\/v2\/types\/post"}],"author":[{"embeddable":true,"href":"https:\/\/www.europesays.com\/fi\/wp-json\/wp\/v2\/users\/2"}],"replies":[{"embeddable":true,"href":"https:\/\/www.europesays.com\/fi\/wp-json\/wp\/v2\/comments?post=59163"}],"version-history":[{"count":0,"href":"https:\/\/www.europesays.com\/fi\/wp-json\/wp\/v2\/posts\/59163\/revisions"}],"wp:featuredmedia":[{"embeddable":true,"href":"https:\/\/www.europesays.com\/fi\/wp-json\/wp\/v2\/media\/59164"}],"wp:attachment":[{"href":"https:\/\/www.europesays.com\/fi\/wp-json\/wp\/v2\/media?parent=59163"}],"wp:term":[{"taxonomy":"category","embeddable":true,"href":"https:\/\/www.europesays.com\/fi\/wp-json\/wp\/v2\/categories?post=59163"},{"taxonomy":"post_tag","embeddable":true,"href":"https:\/\/www.europesays.com\/fi\/wp-json\/wp\/v2\/tags?post=59163"}],"curies":[{"name":"wp","href":"https:\/\/api.w.org\/{rel}","templated":true}]}}