{"id":59300,"date":"2025-10-11T16:44:08","date_gmt":"2025-10-11T16:44:08","guid":{"rendered":"https:\/\/www.europesays.com\/fi\/59300\/"},"modified":"2025-10-11T16:44:08","modified_gmt":"2025-10-11T16:44:08","slug":"mies-kuoli-hirvimetsalla","status":"publish","type":"post","link":"https:\/\/www.europesays.com\/fi\/59300\/","title":{"rendered":"Mies kuoli hirvimets\u00e4ll\u00e4"},"content":{"rendered":"<p>Poliisi tutkii asiaa kuolemantuottamuksena.<\/p>\n<p><img decoding=\"async\" class=\"image image-show image-preview\" src=\"https:\/\/www.europesays.com\/fi\/wp-content\/uploads\/2025\/10\/41376ee5b6ead72066fefe810eb1813a5bf8e0a07f50321f29309161f40eb1e5.jpg\" alt=\"\"\/><img decoding=\"async\" class=\"image image-show\" src=\"https:\/\/www.europesays.com\/fi\/wp-content\/uploads\/2025\/10\/1760201048_610_41376ee5b6ead72066fefe810eb1813a5bf8e0a07f50321f29309161f40eb1e5.jpg\" alt=\"\"\/><\/p>\n<p>Juva on noin 5 600 asukkaan kunta Etel\u00e4-Savon maakunnassa. Tomi Natri \/ All Over Press<\/p>\n<p class=\"paragraph\">Hirvimets\u00e4ll\u00e4 ollut mies on kuollut lauantaina Juvalla mets\u00e4st\u00e4j\u00e4kaverinsa aseen luotiin.<\/p>\n<p class=\"paragraph\">Poliisi kertoo saaneensa asiasta ilmoituksen puolenp\u00e4iv\u00e4n aikaan.<\/p>\n<p class=\"paragraph\">Poliisin mukaan tapahtumapaikalla oli ollut kaksi noin 75-vuotiasta mets\u00e4st\u00e4j\u00e4\u00e4, jotka olivat olleet lopettelemassa mets\u00e4styst\u00e4. Toisen ase oli nojannut autoa vasten, kaatunut ja lauennut.<\/p>\n<p class=\"paragraph\">Luoti osui toiseen mets\u00e4st\u00e4j\u00e4\u00e4n, joka kuoli tapahtumapaikalla elvytysyrityksist\u00e4 huolimatta.<\/p>\n<p class=\"paragraph\">Poliisi on kirjannut asiasta rikosilmoituksen nimikkeell\u00e4 kuolemantuottamus.<\/p>\n<p class=\"paragraph\">Tapahtumien kulku ja mahdolliset muut nimikkeet tarkentuvat poliisin mukaan tutkinnan edetess\u00e4.<\/p>\n","protected":false},"excerpt":{"rendered":"Poliisi tutkii asiaa kuolemantuottamuksena. Juva on noin 5 600 asukkaan kunta Etel\u00e4-Savon maakunnassa. Tomi Natri \/ All Over&hellip;\n","protected":false},"author":2,"featured_media":59301,"comment_status":"","ping_status":"","sticky":false,"template":"","format":"standard","meta":{"footnotes":""},"categories":[12],"tags":[35,22,23,26,27,33,31,30,17,55,24,25,28,29,15,18,21,122,54,52,103,32,19,20,16],"class_list":{"0":"post-59300","1":"post","2":"type-post","3":"status-publish","4":"format-standard","5":"has-post-thumbnail","7":"category-suomi","8":"tag-24h","9":"tag-breaking-news","10":"tag-breakingnews","11":"tag-featured-news","12":"tag-featurednews","13":"tag-fi","14":"tag-finland","15":"tag-finnish","16":"tag-headlines","17":"tag-lainvalvonta","18":"tag-latest-news","19":"tag-latestnews","20":"tag-main-news","21":"tag-mainnews","22":"tag-news","23":"tag-otsikot","24":"tag-paauutiset","25":"tag-pelastaminen","26":"tag-pelastuspalvelut","27":"tag-poliisi","28":"tag-sosiaalikysymykset","29":"tag-suomi","30":"tag-top-stories","31":"tag-topstories","32":"tag-uutiset"},"share_on_mastodon":{"url":"","error":""},"_links":{"self":[{"href":"https:\/\/www.europesays.com\/fi\/wp-json\/wp\/v2\/posts\/59300","targetHints":{"allow":["GET"]}}],"collection":[{"href":"https:\/\/www.europesays.com\/fi\/wp-json\/wp\/v2\/posts"}],"about":[{"href":"https:\/\/www.europesays.com\/fi\/wp-json\/wp\/v2\/types\/post"}],"author":[{"embeddable":true,"href":"https:\/\/www.europesays.com\/fi\/wp-json\/wp\/v2\/users\/2"}],"replies":[{"embeddable":true,"href":"https:\/\/www.europesays.com\/fi\/wp-json\/wp\/v2\/comments?post=59300"}],"version-history":[{"count":0,"href":"https:\/\/www.europesays.com\/fi\/wp-json\/wp\/v2\/posts\/59300\/revisions"}],"wp:featuredmedia":[{"embeddable":true,"href":"https:\/\/www.europesays.com\/fi\/wp-json\/wp\/v2\/media\/59301"}],"wp:attachment":[{"href":"https:\/\/www.europesays.com\/fi\/wp-json\/wp\/v2\/media?parent=59300"}],"wp:term":[{"taxonomy":"category","embeddable":true,"href":"https:\/\/www.europesays.com\/fi\/wp-json\/wp\/v2\/categories?post=59300"},{"taxonomy":"post_tag","embeddable":true,"href":"https:\/\/www.europesays.com\/fi\/wp-json\/wp\/v2\/tags?post=59300"}],"curies":[{"name":"wp","href":"https:\/\/api.w.org\/{rel}","templated":true}]}}