{"id":59410,"date":"2025-10-11T19:59:08","date_gmt":"2025-10-11T19:59:08","guid":{"rendered":"https:\/\/www.europesays.com\/fi\/59410\/"},"modified":"2025-10-11T19:59:08","modified_gmt":"2025-10-11T19:59:08","slug":"noora-karmalta-harvinainen-kuva-esitteli-16-vuotiaan-poikansa","status":"publish","type":"post","link":"https:\/\/www.europesays.com\/fi\/59410\/","title":{"rendered":"Noora Karmalta harvinainen kuva &#8211; esitteli 16-vuotiaan poikansa"},"content":{"rendered":"<p>Mentalisti Noora Karma t\u00e4ytti hiljattain 50 vuotta. Nyt oli h\u00e4nen 16-vuotiaan poikansa syntym\u00e4p\u00e4iv\u00e4n vuoro.<\/p>\n<p>Noora on julkaissut t\u00e4ytekakkukuvan lapsensa kanssa.<\/p>\n<p>-Onnea kultapoikani Gabriel, Noora onnittelee.<\/p>\n<p>Ilmeisesti rakkalla lapsella on monia kutsumanimi\u00e4: GG, gabuliini ja gegguli.<\/p>\n<p>Voit katsoa kuvan alta tai <a href=\"https:\/\/www.instagram.com\/p\/DPrYfDKCPWO\/\" rel=\"nofollow noopener\" target=\"_blank\">t\u00e4st\u00e4.<\/a><\/p>\n<p>(Juttu jatkuu)<\/p>\n<p>Noora vietti hiljattain viisikymppisi\u00e4\u00e4n, ja yst\u00e4v\u00e4t ja aviomies j\u00e4rjestiv\u00e4t h\u00e4nelle Espanjassa yll\u00e4risyntt\u00e4rit.<\/p>\n<p>Noora ja siippa Juha M\u00e4kel\u00e4 asuvat nykyisin suuren osan ajastaan Espanjan Fuengirolassa. He muuttivat sitten kolmisen vuotta sitten.<\/p>\n<p>Noora kertoi tuolloin syyksi sen, ett\u00e4 vaikka h\u00e4n rakastaa Suomea, h\u00e4n kaipaa aurinkoa ja l\u00e4mp\u00f6\u00e4.<\/p>\n<p>Espanja oli takuuvarma ja tuttu kohde, sill\u00e4 Nooran vanhemmat ovat talvehtineet siell\u00e4 parinkymmenen vuoden ajan.<\/p>\n<p>Nooralla on epanjalaismiehen kanssa kaksi lasta, Gabrielin lis\u00e4ksi my\u00f6s 14-vuotias Lola-niminen tyt\u00e4r.<\/p>\n<p>Lue my\u00f6s: <a href=\"https:\/\/www.como.fi\/uutiset\/noora-karma-yllattyi-miehensa-tekosista-oot-kylla-uskomaton-huijari\/\" title=\"Noora Karma yll\u00e4ttyi miehens\u00e4 tekosista: \u201dOot kyll\u00e4 uskomaton huijari\u201d\" class=\"underline-custom !font-montserrat !font-bold !underline-offset-4 !decoration-4 !decoration-red-600 !text-md\" rel=\"nofollow noopener\" target=\"_blank\">Noora Karma yll\u00e4ttyi miehens\u00e4 tekosista: \u201dOot kyll\u00e4 uskomaton huijari\u201d<\/a><\/p>\n<p>Lue my\u00f6s: <a href=\"https:\/\/www.como.fi\/tilaa-comon-uutiskirje\/\" title=\"Tilaa Comon uutiskirje ja tied\u00e4t mist\u00e4 kahvitauolla puhutaan! Nappaa kotimaan tv-vinkit ja puheenaiheet suoraan s\u00e4hk\u00f6postiin t\u00e4st\u00e4.\" class=\"underline-custom !font-montserrat !font-bold !underline-offset-4 !decoration-4 !decoration-red-600 !text-md\" rel=\"nofollow noopener\" target=\"_blank\">Tilaa Comon uutiskirje ja tied\u00e4t mist\u00e4 kahvitauolla puhutaan! Nappaa kotimaan tv-vinkit ja puheenaiheet suoraan s\u00e4hk\u00f6postiin t\u00e4st\u00e4.<\/a><\/p>\n<p>\t\t\t<script async src=\"\/\/www.instagram.com\/embed.js\"><\/script><\/p>\n","protected":false},"excerpt":{"rendered":"Mentalisti Noora Karma t\u00e4ytti hiljattain 50 vuotta. Nyt oli h\u00e4nen 16-vuotiaan poikansa syntym\u00e4p\u00e4iv\u00e4n vuoro. Noora on julkaissut t\u00e4ytekakkukuvan&hellip;\n","protected":false},"author":2,"featured_media":59411,"comment_status":"","ping_status":"","sticky":false,"template":"","format":"standard","meta":{"footnotes":""},"categories":[136],"tags":[407,137,33,31,30,408,8579,32,109],"class_list":{"0":"post-59410","1":"post","2":"type-post","3":"status-publish","4":"format-standard","5":"has-post-thumbnail","7":"category-julkkikset","8":"tag-celebrities","9":"tag-entertainment","10":"tag-fi","11":"tag-finland","12":"tag-finnish","13":"tag-julkkikset","14":"tag-noora-karma","15":"tag-suomi","16":"tag-viihde"},"share_on_mastodon":{"url":"","error":""},"_links":{"self":[{"href":"https:\/\/www.europesays.com\/fi\/wp-json\/wp\/v2\/posts\/59410","targetHints":{"allow":["GET"]}}],"collection":[{"href":"https:\/\/www.europesays.com\/fi\/wp-json\/wp\/v2\/posts"}],"about":[{"href":"https:\/\/www.europesays.com\/fi\/wp-json\/wp\/v2\/types\/post"}],"author":[{"embeddable":true,"href":"https:\/\/www.europesays.com\/fi\/wp-json\/wp\/v2\/users\/2"}],"replies":[{"embeddable":true,"href":"https:\/\/www.europesays.com\/fi\/wp-json\/wp\/v2\/comments?post=59410"}],"version-history":[{"count":0,"href":"https:\/\/www.europesays.com\/fi\/wp-json\/wp\/v2\/posts\/59410\/revisions"}],"wp:featuredmedia":[{"embeddable":true,"href":"https:\/\/www.europesays.com\/fi\/wp-json\/wp\/v2\/media\/59411"}],"wp:attachment":[{"href":"https:\/\/www.europesays.com\/fi\/wp-json\/wp\/v2\/media?parent=59410"}],"wp:term":[{"taxonomy":"category","embeddable":true,"href":"https:\/\/www.europesays.com\/fi\/wp-json\/wp\/v2\/categories?post=59410"},{"taxonomy":"post_tag","embeddable":true,"href":"https:\/\/www.europesays.com\/fi\/wp-json\/wp\/v2\/tags?post=59410"}],"curies":[{"name":"wp","href":"https:\/\/api.w.org\/{rel}","templated":true}]}}