{"id":59426,"date":"2025-10-11T20:33:07","date_gmt":"2025-10-11T20:33:07","guid":{"rendered":"https:\/\/www.europesays.com\/fi\/59426\/"},"modified":"2025-10-11T20:33:07","modified_gmt":"2025-10-11T20:33:07","slug":"meteorologi-anniina-valtonen-kohta-naette-hanen-tekevan-ruudussa-jotain-erikoista","status":"publish","type":"post","link":"https:\/\/www.europesays.com\/fi\/59426\/","title":{"rendered":"Meteorologi Anniina Valtonen: Kohta n\u00e4ette h\u00e4nen tekev\u00e4n ruudussa jotain erikoista"},"content":{"rendered":"<p>Anniina Valtonen on julkaissut videon, jossa h\u00e4n kertoo opettelevansa paraikaa viittomakielt\u00e4.<\/p>\n<p>-Olen pitk\u00e4\u00e4n haaveillut viittomakielen opettelusta, ja sen hy\u00f6dynt\u00e4misest\u00e4 s\u00e4\u00e4l\u00e4hetyksiss\u00e4 esimerkiksi tukiviittomina. S\u00e4\u00e4 koskettaa meit\u00e4 kaikkia, joten ennusteidenkin tulisi olla saavutettavia, Anniina alustaa ja jatkaa:<\/p>\n<p>-Ylen viittomakielisten uutisten ankkuri Thomas Sandholm on luvannut opettaa ja auttaa minua. Sain h\u00e4nelt\u00e4 videon s\u00e4\u00e4aiheisista viittomista. Nyt opettelen niit\u00e4, jotta jonakin p\u00e4iv\u00e4n\u00e4 pystyisin hy\u00f6dynt\u00e4m\u00e4\u00e4n niit\u00e4 luonnollisesti s\u00e4\u00e4l\u00e4hetyksiss\u00e4 tai s\u00e4\u00e4aiheisissa somesis\u00e4ll\u00f6iss\u00e4.<\/p>\n<p>Anniina on julkaissut<strong><a href=\"https:\/\/www.instagram.com\/p\/DPrM_WlgiTi\/\" rel=\"nofollow noopener\" target=\"_blank\"> videon<\/a><\/strong>, jossa h\u00e4n harjoittelee viittomia.<\/p>\n<p>\u2013 Toistan niit\u00e4 Thomaksen tahdissa, jonka j\u00e4lkeen koitan muistella niit\u00e4 ulkoa, h\u00e4n lausuu.<\/p>\n<p>Lue my\u00f6s: <a href=\"https:\/\/www.como.fi\/uutiset\/anniina-valtonen-paljastaa-pelkonsa-esiintyy-tyoaamuina\/\" title=\"Anniina Valtonen paljastaa pelkonsa \u2013 esiintyy ty\u00f6aamuina\" class=\"underline-custom !font-montserrat !font-bold !underline-offset-4 !decoration-4 !decoration-red-600 !text-md\" rel=\"nofollow noopener\" target=\"_blank\">Anniina Valtonen paljastaa pelkonsa \u2013 esiintyy ty\u00f6aamuina<\/a><\/p>\n<p>Lue my\u00f6s: <a href=\"https:\/\/www.como.fi\/uutiset\/anniina-valtoselta-vanha-tuttu-letkautus-hups\/\" title=\"Anniina Valtoselta vanha tuttu letkautus \u2013 \u201dHups!\u201d\" class=\"underline-custom !font-montserrat !font-bold !underline-offset-4 !decoration-4 !decoration-red-600 !text-md\" rel=\"nofollow noopener\" target=\"_blank\">Anniina Valtoselta vanha tuttu letkautus \u2013 \u201dHups!\u201d<\/a><\/p>\n<p>Lue my\u00f6s: <a href=\"https:\/\/www.como.fi\/uutiset\/meteorologi-anniina-valtosen-hammentava-ulostulo-tallainen-pouta-oikeasti-on\/\" title=\"Meteorologi Anniina Valtosen h\u00e4mment\u00e4v\u00e4 ulostulo: T\u00e4llainen pouta oikeasti on!\" class=\"underline-custom !font-montserrat !font-bold !underline-offset-4 !decoration-4 !decoration-red-600 !text-md\" rel=\"nofollow noopener\" target=\"_blank\">Meteorologi Anniina Valtosen h\u00e4mment\u00e4v\u00e4 ulostulo: T\u00e4llainen pouta oikeasti on!<\/a><\/p>\n<p>Lue my\u00f6s: <a href=\"https:\/\/www.como.fi\/tilaa-comon-uutiskirje\/\" title=\"Tilaa Comon uutiskirje ja tied\u00e4t mist\u00e4 kahvitauolla puhutaan! Nappaa kotimaan tv-vinkit ja puheenaiheet suoraan s\u00e4hk\u00f6postiin t\u00e4st\u00e4.\" class=\"underline-custom !font-montserrat !font-bold !underline-offset-4 !decoration-4 !decoration-red-600 !text-md\" rel=\"nofollow noopener\" target=\"_blank\">Tilaa Comon uutiskirje ja tied\u00e4t mist\u00e4 kahvitauolla puhutaan! Nappaa kotimaan tv-vinkit ja puheenaiheet suoraan s\u00e4hk\u00f6postiin t\u00e4st\u00e4.<\/a><\/p>\n<p>\t\t\t<script async src=\"\/\/www.instagram.com\/embed.js\"><\/script><\/p>\n","protected":false},"excerpt":{"rendered":"Anniina Valtonen on julkaissut videon, jossa h\u00e4n kertoo opettelevansa paraikaa viittomakielt\u00e4. -Olen pitk\u00e4\u00e4n haaveillut viittomakielen opettelusta, ja sen&hellip;\n","protected":false},"author":2,"featured_media":59427,"comment_status":"","ping_status":"","sticky":false,"template":"","format":"standard","meta":{"footnotes":""},"categories":[130],"tags":[10445,137,33,31,30,32,109],"class_list":{"0":"post-59426","1":"post","2":"type-post","3":"status-publish","4":"format-standard","5":"has-post-thumbnail","7":"category-viihde","8":"tag-anniina-valtonen","9":"tag-entertainment","10":"tag-fi","11":"tag-finland","12":"tag-finnish","13":"tag-suomi","14":"tag-viihde"},"share_on_mastodon":{"url":"","error":""},"_links":{"self":[{"href":"https:\/\/www.europesays.com\/fi\/wp-json\/wp\/v2\/posts\/59426","targetHints":{"allow":["GET"]}}],"collection":[{"href":"https:\/\/www.europesays.com\/fi\/wp-json\/wp\/v2\/posts"}],"about":[{"href":"https:\/\/www.europesays.com\/fi\/wp-json\/wp\/v2\/types\/post"}],"author":[{"embeddable":true,"href":"https:\/\/www.europesays.com\/fi\/wp-json\/wp\/v2\/users\/2"}],"replies":[{"embeddable":true,"href":"https:\/\/www.europesays.com\/fi\/wp-json\/wp\/v2\/comments?post=59426"}],"version-history":[{"count":0,"href":"https:\/\/www.europesays.com\/fi\/wp-json\/wp\/v2\/posts\/59426\/revisions"}],"wp:featuredmedia":[{"embeddable":true,"href":"https:\/\/www.europesays.com\/fi\/wp-json\/wp\/v2\/media\/59427"}],"wp:attachment":[{"href":"https:\/\/www.europesays.com\/fi\/wp-json\/wp\/v2\/media?parent=59426"}],"wp:term":[{"taxonomy":"category","embeddable":true,"href":"https:\/\/www.europesays.com\/fi\/wp-json\/wp\/v2\/categories?post=59426"},{"taxonomy":"post_tag","embeddable":true,"href":"https:\/\/www.europesays.com\/fi\/wp-json\/wp\/v2\/tags?post=59426"}],"curies":[{"name":"wp","href":"https:\/\/api.w.org\/{rel}","templated":true}]}}