{"id":59428,"date":"2025-10-11T20:34:11","date_gmt":"2025-10-11T20:34:11","guid":{"rendered":"https:\/\/www.europesays.com\/fi\/59428\/"},"modified":"2025-10-11T20:34:11","modified_gmt":"2025-10-11T20:34:11","slug":"katse-taivaalle-harvinainen-pyrstotahti-lemmon-on-havaittavissa-paljain-silmin-loka-marraskuussa-yle","status":"publish","type":"post","link":"https:\/\/www.europesays.com\/fi\/59428\/","title":{"rendered":"Katse taivaalle \u2013 harvinainen pyrst\u00f6t\u00e4hti Lemmon on havaittavissa paljain silmin loka\u2013marraskuussa &#8211; Yle"},"content":{"rendered":"<ol>\n<li><a href=\"https:\/\/news.google.com\/rss\/articles\/CBMiVkFVX3lxTFBFNXZpRG9FQnItcTBNS1hXZzhSX2pZRFg3SmZUY0dheEtxcGxmczdvemN3aFFmQjJKR2d2NnFZX0hGUndrVUZjWDIzZzRlSXh1ZkZBeU5R?oc=5\" target=\"_blank\" rel=\"nofollow noopener\">Katse taivaalle \u2013 harvinainen pyrst\u00f6t\u00e4hti Lemmon on havaittavissa paljain silmin loka\u2013marraskuussa<\/a>&nbsp;&nbsp;Yle<\/li>\n<li><a href=\"https:\/\/news.google.com\/rss\/articles\/CBMiQkFVX3lxTE5IM2o0U0N0dm5qWDMwSE1vcXFSTGxFX05QQ0g2MnJJd3J6M0QwMk11UmppNHZzSnJ5dWE0U2FnNHpwZw?oc=5\" target=\"_blank\" rel=\"nofollow noopener\">Lasten hyv\u00e4ksik\u00e4yt\u00f6st\u00e4 tuomittu rockt\u00e4hti Ian Watkins kuoli vankilassa<\/a>&nbsp;&nbsp;Yle<\/li>\n<li><a href=\"https:\/\/news.google.com\/rss\/articles\/CBMigwFBVV95cUxNbVBVTkdiVEpoYkZ6Z0FuRXNCVWFHTVNLQnU2UnRUa0cxM3lKLUt1RC15b2djMG4tdEh5a2t1bzdlYzc3UHBEem5yRi1kQnBOUXNtT01SS0VxWkdPbEU1TklTNWdkWmdCWENoeWdyMTVrdUlmd0U3elAwNnJfdE5VNEN5RQ?oc=5\" target=\"_blank\" rel=\"nofollow noopener\">Brittilaulajan kimppuun hy\u00f6k\u00e4ttiin vankilassa \u2013 Kuoli<\/a>&nbsp;&nbsp;Iltalehti<\/li>\n<li><a href=\"https:\/\/news.google.com\/rss\/articles\/CBMiQkFVX3lxTE9DdVRWTGxLbUNGcWFNRy1aWWVCX3RzSW91ZGliSTFBbUlnbGw2V1FlUFJKc3JZZ1JhVzZmcnZ3a0wtUQ?oc=5\" target=\"_blank\" rel=\"nofollow noopener\">Analyysi: Trumpin pakka meni sekaisin, kun Kiina alkoi k\u00e4ytt\u00e4\u00e4 h\u00e4nen pelikirjaansa<\/a>&nbsp;&nbsp;Yle<\/li>\n<li><a href=\"https:\/\/news.google.com\/rss\/articles\/CBMiqwFBVV95cUxPMmpPR19CekhYOVQwWTdJSlFzZ092MVJ1UEJMdEtHbnBxUFpDYVE5V2RGOHc5ZTBzUXhGTmh1cVZDME5tU3ppWTRRTnFvaXlhejl4T3pxMGlXcXBneUNJMGt6QkNfNXUwVEtEeDhXSlF1dFlzdUJYMlFCN2JTQnJLVVRBQk5yVHBuckRNMDhDM0U2ZmU3MjJIZG1TYTA0Q0U1Ul9jWmVXc2RZVnc?oc=5\" target=\"_blank\" rel=\"nofollow noopener\">Lapsia raiskannut ex-Lostprophets -laulaja Ian Watkins on tapettu vankilassa<\/a>&nbsp;&nbsp;Inferno.fi<\/li>\n<\/ol>\n","protected":false},"excerpt":{"rendered":"Katse taivaalle \u2013 harvinainen pyrst\u00f6t\u00e4hti Lemmon on havaittavissa paljain silmin loka\u2013marraskuussa&nbsp;&nbsp;Yle Lasten hyv\u00e4ksik\u00e4yt\u00f6st\u00e4 tuomittu rockt\u00e4hti Ian Watkins kuoli&hellip;\n","protected":false},"author":2,"featured_media":59295,"comment_status":"","ping_status":"","sticky":false,"template":"","format":"standard","meta":{"footnotes":""},"categories":[112],"tags":[33,31,30,118,32,119],"class_list":{"0":"post-59428","1":"post","2":"type-post","3":"status-publish","4":"format-standard","5":"has-post-thumbnail","7":"category-tiede","8":"tag-fi","9":"tag-finland","10":"tag-finnish","11":"tag-science","12":"tag-suomi","13":"tag-tiede"},"share_on_mastodon":{"url":"","error":""},"_links":{"self":[{"href":"https:\/\/www.europesays.com\/fi\/wp-json\/wp\/v2\/posts\/59428","targetHints":{"allow":["GET"]}}],"collection":[{"href":"https:\/\/www.europesays.com\/fi\/wp-json\/wp\/v2\/posts"}],"about":[{"href":"https:\/\/www.europesays.com\/fi\/wp-json\/wp\/v2\/types\/post"}],"author":[{"embeddable":true,"href":"https:\/\/www.europesays.com\/fi\/wp-json\/wp\/v2\/users\/2"}],"replies":[{"embeddable":true,"href":"https:\/\/www.europesays.com\/fi\/wp-json\/wp\/v2\/comments?post=59428"}],"version-history":[{"count":0,"href":"https:\/\/www.europesays.com\/fi\/wp-json\/wp\/v2\/posts\/59428\/revisions"}],"wp:featuredmedia":[{"embeddable":true,"href":"https:\/\/www.europesays.com\/fi\/wp-json\/wp\/v2\/media\/59295"}],"wp:attachment":[{"href":"https:\/\/www.europesays.com\/fi\/wp-json\/wp\/v2\/media?parent=59428"}],"wp:term":[{"taxonomy":"category","embeddable":true,"href":"https:\/\/www.europesays.com\/fi\/wp-json\/wp\/v2\/categories?post=59428"},{"taxonomy":"post_tag","embeddable":true,"href":"https:\/\/www.europesays.com\/fi\/wp-json\/wp\/v2\/tags?post=59428"}],"curies":[{"name":"wp","href":"https:\/\/api.w.org\/{rel}","templated":true}]}}