{"id":59431,"date":"2025-10-11T20:37:08","date_gmt":"2025-10-11T20:37:08","guid":{"rendered":"https:\/\/www.europesays.com\/fi\/59431\/"},"modified":"2025-10-11T20:37:08","modified_gmt":"2025-10-11T20:37:08","slug":"onko-ukraina-lahempana-superaseen-saamista","status":"publish","type":"post","link":"https:\/\/www.europesays.com\/fi\/59431\/","title":{"rendered":"Onko Ukraina l\u00e4hemp\u00e4n\u00e4 superaseen saamista?"},"content":{"rendered":"<p>T\u00e4h\u00e4n artikkeliin on koottu Ukrainan sodan keskeisimm\u00e4t tapahtumat lauantailta 11. lokakuuta 2025. Kyseess\u00e4 on sodan 1326. p\u00e4iv\u00e4.<\/p>\n<p><img decoding=\"async\" class=\"image image-show image-preview\" src=\"https:\/\/www.europesays.com\/fi\/wp-content\/uploads\/2025\/10\/5bbd3f7959a7fdb210703a32a7dbed8a1fc69c66e8cd97f821493939ff0e6565.jpg\" alt=\"\"\/><img decoding=\"async\" class=\"image image-show\" src=\"https:\/\/www.europesays.com\/fi\/wp-content\/uploads\/2025\/10\/1760215028_695_5bbd3f7959a7fdb210703a32a7dbed8a1fc69c66e8cd97f821493939ff0e6565.jpg\" alt=\"\"\/><\/p>\n<p>Britannian laivasto kuljetti Tomahawk-ohjusta vuonna 2001. Kuvituskuva.  EPA\/AOP<\/p>\n<ul>\n<li>Mediatietojen Trump ja Zelenskyi keskustelivat Tomahawk-ohjuksista. Kyseess\u00e4 olisi Ukrainan kannalta superase, jolla se voisi iske\u00e4 entist\u00e4 syvemm\u00e4lle Ven\u00e4j\u00e4lle. <\/li>\n<li>Ukraina iski \u00f6ljynjalostamoon Ven\u00e4j\u00e4ll\u00e4.<\/li>\n<li>Naton koneilla pitk\u00e4 valvontaoperaatio Ven\u00e4j\u00e4n rajalla. <\/li>\n<\/ul>\n<p>Media: Tomahawk-ohjukset Trumpin ja Zelenskyin puhelun aiheena<\/p>\n<p class=\"paragraph\">Yhdysvaltalaismedia <a href=\"https:\/\/www.axios.com\/2025\/10\/11\/zelensky-trump-tomahawk-missiles-ukraine\" rel=\"noopener nofollow\" target=\"_blank\">Axiosin<\/a> tietojen mukaan USA:n presidentti <strong>Donald Trump<\/strong> ja Ukrainan presidentti <strong>Volodymyr Zelenskyi<\/strong> keskustelivat lauantaina Ukrainan mahdollisuudesta saada pitk\u00e4n kantaman Tomahawk-ohjuksia. Asiasta kertoo kaksi tilanteesta perill\u00e4 olevaa l\u00e4hdett\u00e4.<\/p>\n<p class=\"paragraph\">USA:n varapresidentti <strong>J.D. Vance<\/strong> sanoi syyskuun lopussa, ett\u00e4 USA harkitsee Tomahawk-ohjusten myymist\u00e4 Ukrainalle. Iltalehden sota-asiantuntija <strong>Emil Kastehelmen<\/strong> mukaan ohjusten saaminen loisi Ven\u00e4j\u00e4lle <a href=\"https:\/\/www.iltalehti.fi\/ulkomaat\/fa4decb5-16b6-4fc6-9fb0-dc4693f17bfa\" rel=\"nofollow noopener\" target=\"_blank\">uusia uhkakuvia<\/a>, koska niill\u00e4 voitaisiin tehd\u00e4 entist\u00e4 kovempia iskuja t\u00e4rkeisiin sotilaskohteisiin.<\/p>\n<p class=\"paragraph\">L\u00e4hteet eiv\u00e4t kerro, p\u00e4\u00e4stiink\u00f6 puhelussa lopulliseen p\u00e4\u00e4t\u00f6kseen asti.<\/p>\n<p class=\"paragraph\">L\u00e4hteiden mukaan puhelu kesti noin 30 minuuttia. Zelenskyi sanoi puhelua \u201deritt\u00e4in positiiviseksi ja tuottoisaksi\u201d.<\/p>\n<p>Ukrainan presidentti Volodymyr Zelenskyin mukaan puhelu oli \u201dpositiivinen\u201d.  EPA \/ AOP<\/p>\n<p class=\"paragraph\">Maanantaina Trump sanoi \u201dsuunnilleen tehneens\u00e4 p\u00e4\u00e4t\u00f6ksen\u201d Tomahawk-ohjusten myymisest\u00e4 Nato-maihin, jotta niit\u00e4 voitaisiin toimittaa Ukrainalle. Trump on sanonut haluavansa tiet\u00e4\u00e4, miten Ukraina suunnittelee k\u00e4ytt\u00e4v\u00e4ns\u00e4 ohjuksia ennen kuin ohjuksia voidaan toimittaa.<\/p>\n<p class=\"paragraph\">Zelenskyi sanoi aiemmin Axioisille, ettei Ukrainan v\u00e4ltt\u00e4m\u00e4tt\u00e4 tarvitse k\u00e4ytt\u00e4\u00e4 Tomahawk-ohjuksia. Pelk\u00e4st\u00e4\u00e4n niiden olemassaolo voisi pakottaa Ven\u00e4j\u00e4n presidentti <strong>Vladimir Putinin<\/strong> neuvottelemaan.<\/p>\n<p>Zelenskyi kommentoi puhelua Trumpin kanssa<\/p>\n<p class=\"paragraph\">Ukrainan presidentti <a href=\"https:\/\/www.iltalehti.fi\/henkilot\/Volodymyr Zelenskyi\" class=\"article-link-person-page\" rel=\"nofollow noopener\" target=\"_blank\">Volodymyr Zelenskyi<\/a> on keskustellut Yhdysvaltain presidentti <a href=\"https:\/\/www.iltalehti.fi\/henkilot\/Donald Trump\" class=\"article-link-person-page\" rel=\"nofollow noopener\" target=\"_blank\">Donald Trumpin<\/a> kanssa puhelimitse.<\/p>\n<p class=\"paragraph\">Zelenskyi kertoo X:ss\u00e4 kehuneensa Trumpia Israelin ja Hamasin v\u00e4lisen rauhansopimuksen solmimisesta ja muistutti, ett\u00e4 samaan voidaan p\u00e4\u00e4st\u00e4 my\u00f6s Ukrainassa.<\/p>\n<p class=\"paragraph\">\u2013 Jos sota voidaan lopettaa yhdess\u00e4 alueella, niin varmasti my\u00f6s muut sodat voidaan lopettaa. Mukaan lukien Ven\u00e4j\u00e4n sota, Zelenskyi kirjoittaa.<\/p>\n<p class=\"paragraph\">Zelenskyi kertoo my\u00f6s ilmoittaneensa Trumpille Ven\u00e4j\u00e4n hy\u00f6kk\u00e4yksist\u00e4 Ukrainan energiainfrastruktuuria kohtaan. Suuri osa Ukrainan p\u00e4\u00e4kaupunki Kiovasta j\u00e4i perjantaina ilman s\u00e4hk\u00f6j\u00e4 Ven\u00e4j\u00e4n ilmaiskujen takia.<\/p>\n<p class=\"paragraph\">\u2013 Keskustelimme mahdollisuuksista vahvistaa ilmapuolustustamme sek\u00e4 konkreettisista sopimuksista, joita olemme laatimassa t\u00e4m\u00e4n varmistamiseksi, Zelensky kirjoittaa.<\/p>\n<p>L\u00e4hteet: Ukraina iski \u00f6ljynjalostamoon Ven\u00e4j\u00e4ll\u00e4<\/p>\n<p class=\"paragraph\">Ukraina iski drooneilla Ven\u00e4j\u00e4ll\u00e4 Ufan kaupungissa sijaitsevaan ven\u00e4l\u00e4isen \u00f6ljy-yhti\u00f6 Ba\u0161neftin \u00f6ljynjalostamoon. Asiasta kertovat Ukrainan tiedustelupalvelu SBU:n l\u00e4hteet uutistoimisto Reutersille lauantaina.<\/p>\n<p class=\"paragraph\">\u2013 T\u00e4m\u00e4 on SBU:n kolmas syv\u00e4 isku Ba\u0161kortostanissa kuukauden aikana, 1400 kilometrin p\u00e4\u00e4ss\u00e4 Ukrainasta. N\u00e4m\u00e4 iskut n\u00e4ytt\u00e4v\u00e4t, ett\u00e4 ei ole turvallisia paikkoja Ven\u00e4j\u00e4n syv\u00e4ss\u00e4 selustassa, l\u00e4hde sanoo.<\/p>\n<p class=\"paragraph\">Tapauksesta kertovan verkkomedia <a href=\"https:\/\/x.com\/nexta_tv\/status\/1976973979215614053\" target=\"_blank\" rel=\"noopener nofollow\">Nextan<\/a> mukaan jalostamossa syttyi tulipalo iskun seurauksena.<\/p>\n<p class=\"paragraph\">Aiemmin t\u00e4ss\u00e4 kuussa Ufan lentokentt\u00e4 keskeytti toimintansa drooniuhan takia. Ven\u00e4j\u00e4n puolustusministeri\u00f6 sanoi ampuneensa alas viisi droonia Ba\u0161kortostanin yll\u00e4. Viimeksi Ukrainan droonit tekiv\u00e4t iskun Ba\u0161neftin jalostamoon 13. syyskuuta.<\/p>\n<p>Naton koneilla pitk\u00e4 valvontaoperaatio Ven\u00e4j\u00e4n rajalla<\/p>\n<p class=\"paragraph\">Britannian h\u00e4vitt\u00e4j\u00e4t lensiv\u00e4t lauantaina 12 tunnin teht\u00e4v\u00e4n osana puolustusliitto Naton ja Ven\u00e4j\u00e4n v\u00e4lisen rajan valvontaa, kertoo uutistoimisto Reuters.<\/p>\n<p class=\"paragraph\">Teht\u00e4v\u00e4\u00e4n osallistui my\u00f6s Yhdysvaltain ja muiden Nato-maiden joukkoja. Britannian kuninkaallisten ilmavoimien osalta teht\u00e4v\u00e4\u00e4n osallistui kaksi konetta.<\/p>\n<p class=\"paragraph\">Syy pitk\u00e4lle teht\u00e4v\u00e4lle olivat Ven\u00e4j\u00e4n Nato-maihin viime aikoina tekem\u00e4t ilmatilaloukkaukset.<\/p>\n<p class=\"paragraph\">\u2013 T\u00e4m\u00e4 oli merkitt\u00e4v\u00e4 yhteinen operaatio Yhdysvaltojen ja Naton liittolaistemme kanssa, kuvaili Britannian puolustusministeri <strong>John Healey<\/strong>.<\/p>\n","protected":false},"excerpt":{"rendered":"T\u00e4h\u00e4n artikkeliin on koottu Ukrainan sodan keskeisimm\u00e4t tapahtumat lauantailta 11. lokakuuta 2025. Kyseess\u00e4 on sodan 1326. p\u00e4iv\u00e4. Britannian&hellip;\n","protected":false},"author":2,"featured_media":59432,"comment_status":"","ping_status":"","sticky":false,"template":"","format":"standard","meta":{"footnotes":""},"categories":[14],"tags":[35,802,804,820,22,23,26,27,33,31,30,17,24,25,803,28,29,15,18,21,637,32,19,20,56,16,59,60,61],"class_list":{"0":"post-59431","1":"post","2":"type-post","3":"status-publish","4":"format-standard","5":"has-post-thumbnail","7":"category-ulkomaat","8":"tag-24h","9":"tag-armeijat-ja-aseelliset-joukot","10":"tag-aseelliset-konfliktit","11":"tag-aseet","12":"tag-breaking-news","13":"tag-breakingnews","14":"tag-featured-news","15":"tag-featurednews","16":"tag-fi","17":"tag-finland","18":"tag-finnish","19":"tag-headlines","20":"tag-latest-news","21":"tag-latestnews","22":"tag-levottomuudet-ja-sodat","23":"tag-main-news","24":"tag-mainnews","25":"tag-news","26":"tag-otsikot","27":"tag-paauutiset","28":"tag-politiikka","29":"tag-suomi","30":"tag-top-stories","31":"tag-topstories","32":"tag-ulkomaat","33":"tag-uutiset","34":"tag-world","35":"tag-world-news","36":"tag-worldnews"},"share_on_mastodon":{"url":"","error":""},"_links":{"self":[{"href":"https:\/\/www.europesays.com\/fi\/wp-json\/wp\/v2\/posts\/59431","targetHints":{"allow":["GET"]}}],"collection":[{"href":"https:\/\/www.europesays.com\/fi\/wp-json\/wp\/v2\/posts"}],"about":[{"href":"https:\/\/www.europesays.com\/fi\/wp-json\/wp\/v2\/types\/post"}],"author":[{"embeddable":true,"href":"https:\/\/www.europesays.com\/fi\/wp-json\/wp\/v2\/users\/2"}],"replies":[{"embeddable":true,"href":"https:\/\/www.europesays.com\/fi\/wp-json\/wp\/v2\/comments?post=59431"}],"version-history":[{"count":0,"href":"https:\/\/www.europesays.com\/fi\/wp-json\/wp\/v2\/posts\/59431\/revisions"}],"wp:featuredmedia":[{"embeddable":true,"href":"https:\/\/www.europesays.com\/fi\/wp-json\/wp\/v2\/media\/59432"}],"wp:attachment":[{"href":"https:\/\/www.europesays.com\/fi\/wp-json\/wp\/v2\/media?parent=59431"}],"wp:term":[{"taxonomy":"category","embeddable":true,"href":"https:\/\/www.europesays.com\/fi\/wp-json\/wp\/v2\/categories?post=59431"},{"taxonomy":"post_tag","embeddable":true,"href":"https:\/\/www.europesays.com\/fi\/wp-json\/wp\/v2\/tags?post=59431"}],"curies":[{"name":"wp","href":"https:\/\/api.w.org\/{rel}","templated":true}]}}