{"id":59507,"date":"2025-10-11T23:39:11","date_gmt":"2025-10-11T23:39:11","guid":{"rendered":"https:\/\/www.europesays.com\/fi\/59507\/"},"modified":"2025-10-11T23:39:11","modified_gmt":"2025-10-11T23:39:11","slug":"uhkaa-tuhota-kaksi-euroopan-maata","status":"publish","type":"post","link":"https:\/\/www.europesays.com\/fi\/59507\/","title":{"rendered":"Uhkaa tuhota kaksi Euroopan maata"},"content":{"rendered":"<p>Ven\u00e4l\u00e4inen propagandisti maalailee Ven\u00e4j\u00e4n vastatoimia siihen, jos Yhdysvallat toimittaa Ukrainalle Tomahawk-ohjuksia.<\/p>\n<p><img decoding=\"async\" class=\"image image-show image-preview\" src=\"https:\/\/www.europesays.com\/fi\/wp-content\/uploads\/2025\/10\/590c77743824242f76503df107c25d8c79f500f6434abca61b5f14ae8a7250e0.jpg\" alt=\"\"\/><img decoding=\"async\" class=\"image image-show\" src=\"https:\/\/www.europesays.com\/fi\/wp-content\/uploads\/2025\/10\/1760225951_370_590c77743824242f76503df107c25d8c79f500f6434abca61b5f14ae8a7250e0.jpg\" alt=\"\"\/><\/p>\n<p>\u201dKremlin torvenakin\u201d tunnettu Vladimir Solovjov keksi j\u00e4lleen uusia uhkauksia. ZumaWire \/ MVPHOTOS<\/p>\n<p class=\"paragraph\">Kremlin propagandisti <a href=\"https:\/\/www.iltalehti.fi\/henkilot\/Vladimir Solovyov\" class=\"article-link-person-page\" rel=\"nofollow noopener\" target=\"_blank\">Vladimir Solovjov<\/a> lausuu j\u00e4lleen j\u00e4rjett\u00f6mi\u00e4 uhkauksia, kertoo brittilehti <a href=\"https:\/\/www.express.co.uk\/news\/world\/2119455\/russia-ww3-ukraine-war-threat\" target=\"_blank\" rel=\"noopener nofollow\">Daily Express<\/a>.<\/p>\n<p class=\"paragraph\">Uhkaukset liittyv\u00e4t Yhdysvaltojen pohdintoihin siit\u00e4, toimittaako se Ukrainalle Tomahawk-ohjuksia.<\/p>\n<p class=\"paragraph\">Daily Express luonnehtii Solovjovin puheita \u201dp\u00e4\u00e4tt\u00f6m\u00e4ksi paasaukseksi\u201d. Solovjov maalailee, miten Ven\u00e4j\u00e4n pit\u00e4isi vastata Yhdysvalloille, jos se p\u00e4\u00e4tt\u00e4\u00e4 toimittaa Tomahawkeja.<\/p>\n<p class=\"paragraph\">Solovjovin mukaan Ven\u00e4j\u00e4n pit\u00e4isi kostaa l\u00e4hett\u00e4m\u00e4ll\u00e4 aseita Venezuelalle, Iranille ja Pohjois-Korealle.<\/p>\n<p class=\"paragraph\">Ven\u00e4l\u00e4isille tv-katsojille puhuneen Solovjovin mukaan Ven\u00e4j\u00e4n pit\u00e4isi my\u00f6s tuhota alueet, joilta ohjuksia voitaisiin ampua Ven\u00e4j\u00e4lle.<\/p>\n<p class=\"paragraph\">Propagandisti uhkailee Puolaa. H\u00e4nen mukaansa sellaisten alueiden pit\u00e4isi \u201dpalaa ja r\u00e4j\u00e4ht\u00e4\u00e4\u201d, joissa koulutetaan ukrainalaisia sotilaita tai valmistetaan tai s\u00e4ilytet\u00e4\u00e4n Ukrainaan menevi\u00e4 aseita.<\/p>\n<p class=\"paragraph\">Saman kohtelun pit\u00e4isi h\u00e4nen mukaansa p\u00e4te\u00e4 Nato-maihin, joita h\u00e4n syytt\u00e4\u00e4 juonittelusta Ven\u00e4j\u00e4\u00e4 vastaan.<\/p>\n<p class=\"paragraph\">Solovjov v\u00e4itt\u00e4\u00e4, ett\u00e4 Ven\u00e4j\u00e4 voisi tuhota Ukrainan, eiv\u00e4tk\u00e4 eurooppalaiset v\u00e4litt\u00e4isi siit\u00e4. H\u00e4n uhkailee, ett\u00e4 Ven\u00e4j\u00e4 voisi tuhota Ukrainan sellaiseen pisteeseen, ettei Kiovassa, Harkovassa, Pultavassa, Mykolajivissa ja Odessassa olisi en\u00e4\u00e4 el\u00e4m\u00e4\u00e4.<\/p>\n<p class=\"paragraph\">Riippumaton media on ajettu Ven\u00e4j\u00e4ll\u00e4 eritt\u00e4in ahtaalle. Ven\u00e4j\u00e4n presidentti <a href=\"https:\/\/www.iltalehti.fi\/henkilot\/Vladimir Putin\" class=\"article-link-person-page\" rel=\"nofollow noopener\" target=\"_blank\">Vladimir Putin<\/a> pit\u00e4\u00e4 Ven\u00e4j\u00e4n mediakentt\u00e4\u00e4 tiukasti otteessaan. Solovjov on saanut l\u00e4nness\u00e4 lis\u00e4nimi\u00e4 \u201dPutinin \u00e4\u00e4nitorvi\u201d ja \u201dPutinin k\u00e4sinukke\u201d.<\/p>\n<p class=\"paragraph\">Ven\u00e4j\u00e4n johto haluaa propagandallaan esimerkiksi pelotella l\u00e4ntt\u00e4, pit\u00e4\u00e4 kansansa hallinnassaan sek\u00e4 v\u00e4hent\u00e4\u00e4 Ukrainan liittolaisten halua tukea Ukrainaa.<\/p>\n<p class=\"paragraph\">Daily Express kertookin, ett\u00e4 Solovjov unohtaa mainita provokatiivisessa ohjelmassaan useita asioita. Niit\u00e4 ovat esimerkiksi Krimin miehitt\u00e4minen vuonna 2014 sek\u00e4 se, ettei Ven\u00e4j\u00e4n laajamittaista hy\u00f6kk\u00e4yst\u00e4 Ukrainaan voida pit\u00e4\u00e4 itsepuolustuksena kansainv\u00e4lisen lain mukaan.<\/p>\n","protected":false},"excerpt":{"rendered":"Ven\u00e4l\u00e4inen propagandisti maalailee Ven\u00e4j\u00e4n vastatoimia siihen, jos Yhdysvallat toimittaa Ukrainalle Tomahawk-ohjuksia. \u201dKremlin torvenakin\u201d tunnettu Vladimir Solovjov keksi j\u00e4lleen&hellip;\n","protected":false},"author":2,"featured_media":59508,"comment_status":"","ping_status":"","sticky":false,"template":"","format":"standard","meta":{"footnotes":""},"categories":[14],"tags":[35,22,23,26,27,33,31,30,17,24,25,803,28,29,15,18,21,637,144,32,19,20,56,16,1262,1665,59,60,61],"class_list":{"0":"post-59507","1":"post","2":"type-post","3":"status-publish","4":"format-standard","5":"has-post-thumbnail","7":"category-ulkomaat","8":"tag-24h","9":"tag-breaking-news","10":"tag-breakingnews","11":"tag-featured-news","12":"tag-featurednews","13":"tag-fi","14":"tag-finland","15":"tag-finnish","16":"tag-headlines","17":"tag-latest-news","18":"tag-latestnews","19":"tag-levottomuudet-ja-sodat","20":"tag-main-news","21":"tag-mainnews","22":"tag-news","23":"tag-otsikot","24":"tag-paauutiset","25":"tag-politiikka","26":"tag-presidentti","27":"tag-suomi","28":"tag-top-stories","29":"tag-topstories","30":"tag-ulkomaat","31":"tag-uutiset","32":"tag-venajan-politiikka","33":"tag-venalaiset-poliitikot","34":"tag-world","35":"tag-world-news","36":"tag-worldnews"},"share_on_mastodon":{"url":"","error":""},"_links":{"self":[{"href":"https:\/\/www.europesays.com\/fi\/wp-json\/wp\/v2\/posts\/59507","targetHints":{"allow":["GET"]}}],"collection":[{"href":"https:\/\/www.europesays.com\/fi\/wp-json\/wp\/v2\/posts"}],"about":[{"href":"https:\/\/www.europesays.com\/fi\/wp-json\/wp\/v2\/types\/post"}],"author":[{"embeddable":true,"href":"https:\/\/www.europesays.com\/fi\/wp-json\/wp\/v2\/users\/2"}],"replies":[{"embeddable":true,"href":"https:\/\/www.europesays.com\/fi\/wp-json\/wp\/v2\/comments?post=59507"}],"version-history":[{"count":0,"href":"https:\/\/www.europesays.com\/fi\/wp-json\/wp\/v2\/posts\/59507\/revisions"}],"wp:featuredmedia":[{"embeddable":true,"href":"https:\/\/www.europesays.com\/fi\/wp-json\/wp\/v2\/media\/59508"}],"wp:attachment":[{"href":"https:\/\/www.europesays.com\/fi\/wp-json\/wp\/v2\/media?parent=59507"}],"wp:term":[{"taxonomy":"category","embeddable":true,"href":"https:\/\/www.europesays.com\/fi\/wp-json\/wp\/v2\/categories?post=59507"},{"taxonomy":"post_tag","embeddable":true,"href":"https:\/\/www.europesays.com\/fi\/wp-json\/wp\/v2\/tags?post=59507"}],"curies":[{"name":"wp","href":"https:\/\/api.w.org\/{rel}","templated":true}]}}