{"id":5971,"date":"2025-08-14T23:19:09","date_gmt":"2025-08-14T23:19:09","guid":{"rendered":"https:\/\/www.europesays.com\/fi\/5971\/"},"modified":"2025-08-14T23:19:09","modified_gmt":"2025-08-14T23:19:09","slug":"mika-hakkisen-perheesta-julkaistiin-harvinainen-kuva","status":"publish","type":"post","link":"https:\/\/www.europesays.com\/fi\/5971\/","title":{"rendered":"Mika H\u00e4kkisen perheest\u00e4 julkaistiin harvinainen kuva"},"content":{"rendered":"<p>Mika H\u00e4kkinen lomailee perheens\u00e4 kanssa Suomessa.<\/p>\n<p><img decoding=\"async\" class=\"image image-show image-preview\" src=\"https:\/\/www.europesays.com\/fi\/wp-content\/uploads\/2025\/08\/479e59d1c97ce02dcc8809186ae030ac7de1f60014b53d668cb69524c7157d74.jpg\" alt=\"\"\/><img decoding=\"async\" class=\"image image-show\" src=\"https:\/\/www.europesays.com\/fi\/wp-content\/uploads\/2025\/08\/1755213549_455_479e59d1c97ce02dcc8809186ae030ac7de1f60014b53d668cb69524c7157d74.jpg\" alt=\"\"\/><\/p>\n<p>Mika H\u00e4kkinen voitti urallaan 20 osakilpailua. F1-mestaruuksia h\u00e4n juhli kausien 1998 ja 1999 p\u00e4\u00e4tteeksi. AOP<\/p>\n<p class=\"paragraph\">Mika H\u00e4kkinen lomailee perheens\u00e4 kanssa Suomessa. Perhe poseerasi harvinaisessa yhteiskuvassa <strong>Rita Tainolan<\/strong> Instagram-tilill\u00e4 julkaistussa kuvassa.<\/p>\n<p class=\"paragraph\">Kuvassa ovat H\u00e4kkisen kanssa, h\u00e4nen puolisonsa Marketta ja 2014 syntyneet kaksoset <strong>Lynn<\/strong> ja <strong>Daniel<\/strong> sek\u00e4 vuonna 2010 syntynyt tyt\u00e4r <strong>Ella<\/strong>.<\/p>\n<p class=\"paragraph\">Entinen formulakuljettaja vieraili perheineen <strong>Oskari Saaren<\/strong> kirjoittaman Aki Hintsa \u2013 Voittamisen anatomia -kirjan  10-vuotisjuhlapainoksen julkistamistilaisuudessa.<\/p>\n<p class=\"paragraph\">Tilaisuus j\u00e4rjestettiin St. Georgessa Helsingiss\u00e4.<\/p>\n<p class=\"paragraph\">H\u00e4kkinen on Suomen kaikkien aikojen menestyneimpi\u00e4 Formula 1 -kuljettajia ja lajin kaksinkertainen maailmanmestari.<\/p>\n<p class=\"paragraph\">H\u00e4nell\u00e4 on aiemmasta avioliitostaan Erja H\u00e4kkisen kanssa kaksi lasta. 24-vuotias <strong>Hugo<\/strong> ja 19-vuotias <strong>Aina<\/strong>.<\/p>\n<p class=\"paragraph\">Mika H\u00e4kkinen asuu t\u00e4ll\u00e4 hetkell\u00e4 Monacossa.<\/p>\n","protected":false},"excerpt":{"rendered":"Mika H\u00e4kkinen lomailee perheens\u00e4 kanssa Suomessa. Mika H\u00e4kkinen voitti urallaan 20 osakilpailua. F1-mestaruuksia h\u00e4n juhli kausien 1998 ja&hellip;\n","protected":false},"author":2,"featured_media":5972,"comment_status":"","ping_status":"","sticky":false,"template":"","format":"standard","meta":{"footnotes":""},"categories":[12],"tags":[35,22,23,26,27,33,31,30,17,101,24,25,41,28,29,15,18,21,98,2811,32,19,20,161,16],"class_list":{"0":"post-5971","1":"post","2":"type-post","3":"status-publish","4":"format-standard","5":"has-post-thumbnail","7":"category-suomi","8":"tag-24h","9":"tag-breaking-news","10":"tag-breakingnews","11":"tag-featured-news","12":"tag-featurednews","13":"tag-fi","14":"tag-finland","15":"tag-finnish","16":"tag-headlines","17":"tag-ihmissuhteet","18":"tag-latest-news","19":"tag-latestnews","20":"tag-liikunta-ja-urheilu","21":"tag-main-news","22":"tag-mainnews","23":"tag-news","24":"tag-otsikot","25":"tag-paauutiset","26":"tag-perhe","27":"tag-rata-autoilu","28":"tag-suomi","29":"tag-top-stories","30":"tag-topstories","31":"tag-urheilutapahtumat","32":"tag-uutiset"},"share_on_mastodon":{"url":"","error":""},"_links":{"self":[{"href":"https:\/\/www.europesays.com\/fi\/wp-json\/wp\/v2\/posts\/5971","targetHints":{"allow":["GET"]}}],"collection":[{"href":"https:\/\/www.europesays.com\/fi\/wp-json\/wp\/v2\/posts"}],"about":[{"href":"https:\/\/www.europesays.com\/fi\/wp-json\/wp\/v2\/types\/post"}],"author":[{"embeddable":true,"href":"https:\/\/www.europesays.com\/fi\/wp-json\/wp\/v2\/users\/2"}],"replies":[{"embeddable":true,"href":"https:\/\/www.europesays.com\/fi\/wp-json\/wp\/v2\/comments?post=5971"}],"version-history":[{"count":0,"href":"https:\/\/www.europesays.com\/fi\/wp-json\/wp\/v2\/posts\/5971\/revisions"}],"wp:featuredmedia":[{"embeddable":true,"href":"https:\/\/www.europesays.com\/fi\/wp-json\/wp\/v2\/media\/5972"}],"wp:attachment":[{"href":"https:\/\/www.europesays.com\/fi\/wp-json\/wp\/v2\/media?parent=5971"}],"wp:term":[{"taxonomy":"category","embeddable":true,"href":"https:\/\/www.europesays.com\/fi\/wp-json\/wp\/v2\/categories?post=5971"},{"taxonomy":"post_tag","embeddable":true,"href":"https:\/\/www.europesays.com\/fi\/wp-json\/wp\/v2\/tags?post=5971"}],"curies":[{"name":"wp","href":"https:\/\/api.w.org\/{rel}","templated":true}]}}