{"id":59715,"date":"2025-10-12T06:49:09","date_gmt":"2025-10-12T06:49:09","guid":{"rendered":"https:\/\/www.europesays.com\/fi\/59715\/"},"modified":"2025-10-12T06:49:09","modified_gmt":"2025-10-12T06:49:09","slug":"mikko-rantaselle-buuattiin-suomalaiselta-tyly-vastaus","status":"publish","type":"post","link":"https:\/\/www.europesays.com\/fi\/59715\/","title":{"rendered":"Mikko Rantaselle buuattiin \u2013 Suomalaiselta tyly vastaus"},"content":{"rendered":"<p>Dallasin supert\u00e4hti upotti j\u00e4lleen entisen seuransa.<\/p>\n<p class=\"paragraph\"><strong>Mikko Rantanen<\/strong> iski Dallasin voittomaalin rankkarikisassa, kun t\u00e4htipaidat hakivat 5\u20134-voiton Coloradosta. Painava rannekuti takakulmaan yll\u00e4tti <strong>Scott Wedgewoodin<\/strong>.<\/p>\n<p class=\"paragraph\">Viime kaudella Coloradon j\u00e4tt\u00e4nyt Rantanen sai j\u00e4lleen denveril\u00e4isyleis\u00f6lt\u00e4 buuauskonsertin niskaansa, mutta se ei miest\u00e4 h\u00e4irinnyt.<\/p>\n<p class=\"paragraph\">Suomalainen v\u00e4l\u00e4ytteli peli\u00e4ly\u00e4\u00e4n jo ottelun avausmaalissa, kun h\u00e4n sy\u00f6tti sokkona selk\u00e4ns\u00e4 taakse <strong>Thomas Harleylle<\/strong> namupaikan.<\/p>\n<p class=\"paragraph\">Rantanen kuritti Coloradoa my\u00f6s viime kev\u00e4\u00e4n\u00e4, sill\u00e4 mies l\u00e4hetti ex-joukkueensa kes\u00e4lomille avauskierroksen seitsem\u00e4nness\u00e4 peliss\u00e4 tehoilla 3+1.<\/p>\n<p class=\"paragraph\">Rantasen lis\u00e4ksi Dallasin suomalaisista pisteille ylsiv\u00e4t my\u00f6s <strong>Esa Lindell<\/strong> ja <strong>Miro Heiskanen<\/strong>. Coloradon puolelta maalinteossa onnistui Rantasen kaveri <strong>Artturi Lehkonen<\/strong>.<\/p>\n<p class=\"paragraph\">Ottelun ykk\u00f6st\u00e4hdeksi valittiin kuitenkin <strong>Nathan MacKinnon<\/strong> (1+2). Kyseess\u00e4 oli sentterin uran 99. kolmen pisteen ottelu. Enemm\u00e4n kolmen pisteen iltoja seuran historiassa ovat ker\u00e4nneet vain <strong>Joe Sakic<\/strong> (158) ja <strong>Peter Stastny<\/strong> (128).<\/p>\n<p><img decoding=\"async\" class=\"image image-show image-preview\" src=\"https:\/\/www.europesays.com\/fi\/wp-content\/uploads\/2025\/10\/3d417ad1e92484b4c8e1cdba23ae6fd45fefd56879dae50a74387cda818e006c.jpg\" alt=\"\"\/><img decoding=\"async\" class=\"image image-show\" src=\"https:\/\/www.europesays.com\/fi\/wp-content\/uploads\/2025\/10\/1760251749_260_3d417ad1e92484b4c8e1cdba23ae6fd45fefd56879dae50a74387cda818e006c.jpg\" alt=\"\"\/><\/p>\n<p>Mikko Rantanen piinasi j\u00e4lleen Coloradoa. AOP<\/p>\n","protected":false},"excerpt":{"rendered":"Dallasin supert\u00e4hti upotti j\u00e4lleen entisen seuransa. Mikko Rantanen iski Dallasin voittomaalin rankkarikisassa, kun t\u00e4htipaidat hakivat 5\u20134-voiton Coloradosta. Painava&hellip;\n","protected":false},"author":2,"featured_media":59716,"comment_status":"","ping_status":"","sticky":false,"template":"","format":"standard","meta":{"footnotes":""},"categories":[136],"tags":[35,1144,407,137,33,31,30,1143,408,41,1146,32,1145,109],"class_list":{"0":"post-59715","1":"post","2":"type-post","3":"status-publish","4":"format-standard","5":"has-post-thumbnail","7":"category-julkkikset","8":"tag-24h","9":"tag-ammattilaisjaakiekko","10":"tag-celebrities","11":"tag-entertainment","12":"tag-fi","13":"tag-finland","14":"tag-finnish","15":"tag-jaakiekko","16":"tag-julkkikset","17":"tag-liikunta-ja-urheilu","18":"tag-miesten-jaakiekko","19":"tag-suomi","20":"tag-talviurheilu","21":"tag-viihde"},"share_on_mastodon":{"url":"","error":""},"_links":{"self":[{"href":"https:\/\/www.europesays.com\/fi\/wp-json\/wp\/v2\/posts\/59715","targetHints":{"allow":["GET"]}}],"collection":[{"href":"https:\/\/www.europesays.com\/fi\/wp-json\/wp\/v2\/posts"}],"about":[{"href":"https:\/\/www.europesays.com\/fi\/wp-json\/wp\/v2\/types\/post"}],"author":[{"embeddable":true,"href":"https:\/\/www.europesays.com\/fi\/wp-json\/wp\/v2\/users\/2"}],"replies":[{"embeddable":true,"href":"https:\/\/www.europesays.com\/fi\/wp-json\/wp\/v2\/comments?post=59715"}],"version-history":[{"count":0,"href":"https:\/\/www.europesays.com\/fi\/wp-json\/wp\/v2\/posts\/59715\/revisions"}],"wp:featuredmedia":[{"embeddable":true,"href":"https:\/\/www.europesays.com\/fi\/wp-json\/wp\/v2\/media\/59716"}],"wp:attachment":[{"href":"https:\/\/www.europesays.com\/fi\/wp-json\/wp\/v2\/media?parent=59715"}],"wp:term":[{"taxonomy":"category","embeddable":true,"href":"https:\/\/www.europesays.com\/fi\/wp-json\/wp\/v2\/categories?post=59715"},{"taxonomy":"post_tag","embeddable":true,"href":"https:\/\/www.europesays.com\/fi\/wp-json\/wp\/v2\/tags?post=59715"}],"curies":[{"name":"wp","href":"https:\/\/api.w.org\/{rel}","templated":true}]}}