{"id":59717,"date":"2025-10-12T06:52:08","date_gmt":"2025-10-12T06:52:08","guid":{"rendered":"https:\/\/www.europesays.com\/fi\/59717\/"},"modified":"2025-10-12T06:52:08","modified_gmt":"2025-10-12T06:52:08","slug":"tanaan-tvssa-ei-jaa-epaselvaksi-kuka-on-taman-laivan-kapteeni-russell-crowe-upeassa-meriseikkailussa-vuodelta-2003","status":"publish","type":"post","link":"https:\/\/www.europesays.com\/fi\/59717\/","title":{"rendered":"T\u00e4n\u00e4\u00e4n tv:ss\u00e4: &#8221;Ei j\u00e4\u00e4 ep\u00e4selv\u00e4ksi, kuka on t\u00e4m\u00e4n laivan kapteeni&#8221; \u2013\u00a0Russell Crowe upeassa meriseikkailussa vuodelta 2003"},"content":{"rendered":"<p>Megat\u00e4hti <strong>Russell<\/strong> <strong>Crowe<\/strong> ja maineikas australialaisohjaaja <strong>Peter<\/strong> <strong>Weir<\/strong> lataavat illaksi t\u00e4yslaidallisen meriseikkailua. Vuonna 2003 valmistunut Kuninkaan mies: Maailman laidalla on Napoleonin sotien meritaisteluista kertova eeppinen tarina, jossa laivat ovat puuta ja miehet rautaa.<\/p>\n<p>Kuninkaan mies: Maailman laidalla perustuu <strong>Patrick O\u2019Brianin<\/strong> romaanisarjaan. Kirjoja on parisenkymment\u00e4, ja niist\u00e4 on suomennettukin nelj\u00e4 ensimm\u00e4ist\u00e4. Kirjojen p\u00e4\u00e4henkil\u00f6in\u00e4 seikkailevat kapteeni Jack Aubrey ja l\u00e4\u00e4k\u00e4ri Stephen Maturin. Elokuvan juonikuvio on otettu l\u00e4hinn\u00e4 sarjan kymmenennest\u00e4 osasta The Far Side of the World.<\/p>\n<p>Crowe esitt\u00e4\u00e4 tiukkaa mutta oikeudenmukaista kapteeni Aubreyt\u00e4. Stephen Maturinin osassa on <strong>Paul Bettany,<\/strong> joka esitti Crowen yst\u00e4v\u00e4\u00e4 my\u00f6s elokuvassa Kaunis mieli. Aubrey on suoraviivainen meriupseeri, kun taas Maturin on pohdiskeleva \u00e4lykk\u00f6tyyppi, joka v\u00e4lill\u00e4 kyseenalaistaa Aubreyn toimintatavat ja haastaa h\u00e4net debattiin. Keskin\u00e4inen kunnioitus kuitenkin s\u00e4ilyy.<\/p>\n<p>Elokuva sijoittuu vuoteen 1805. Aubreyn kipparoima brittilaivaston fregatti HMS Surprise on saanut teht\u00e4v\u00e4kseen pys\u00e4ytt\u00e4\u00e4 ranskalaisen Acheronin, joka on paljon nopeampi ja paremmin aseistettu. Pitk\u00e4 takaa-ajo vie Kap Hornin kautta valtamerelt\u00e4 toiselle.<\/p>\n<p>Luonnollisesti t\u00e4llaisessa elokuvassa on meritaisteluiden lis\u00e4ksi kovia myrskyj\u00e4 ja tiukkoja tilanteita. Kuvaan kuuluu my\u00f6s miehist\u00f6n ajoittainen niskurointi ja kapinahenki, jotka kitket\u00e4\u00e4n pois antamalla harkitusti ruoskaa.<\/p>\n<p>Lue my\u00f6s: <a href=\"https:\/\/www.episodi.fi\/uutiset\/nuremberg-elokuva-on-nahty-eras-parhaista-roolisuorituksista-mita-russell-crowe-on-elaessaan-tehnyt\/\" title=\"Nuremberg-elokuva on n\u00e4hty \u2013 \u201dEr\u00e4s parhaista roolisuorituksista mit\u00e4 Russell Crowe on el\u00e4ess\u00e4\u00e4n tehnyt\u201d\" class=\"underline-custom !font-montserrat !font-bold !underline-offset-4 !decoration-4 !decoration-episodi-blue !text-md\" rel=\"nofollow noopener\" target=\"_blank\">Nuremberg-elokuva on n\u00e4hty \u2013 \u201dEr\u00e4s parhaista roolisuorituksista mit\u00e4 Russell Crowe on el\u00e4ess\u00e4\u00e4n tehnyt\u201d<\/a><\/p>\n<p>Elokuvassa on seesteisi\u00e4kin hetki\u00e4, jolloin toiminta j\u00e4\u00e4 v\u00e4hemm\u00e4lle ja henkil\u00f6hahmot saavat syvyytt\u00e4. Yst\u00e4vyys ja johtajuus nousevat keskeisiksi teemoiksi.<\/p>\n<p>V\u00e4lill\u00e4 on aikaa ottaa v\u00e4h\u00e4n rennommin. Silloin upseerimessiss\u00e4 pidet\u00e4\u00e4n juominkeja, joissa rommi virtaa ja kerrotaan huonoja vitsej\u00e4. Sen p\u00e4\u00e4lle kapteeni ja tohtori soittavat duettoja viululla ja sellolla.<\/p>\n<p>Crowe esitt\u00e4\u00e4 Aubreyt\u00e4 v\u00e4h\u00e4eleisell\u00e4 karismaattisella tyyliill\u00e4\u00e4n. Ei j\u00e4\u00e4 ep\u00e4selv\u00e4ksi, kuka on t\u00e4m\u00e4n laivan kapteeni. Paul Bettanyn Maturin on h\u00e4nelle hyv\u00e4 aisapari. Sivuosatkin on miehitetty p\u00e4tev\u00e4sti. Erityisesti j\u00e4\u00e4 mieleen <strong>Max Pirkisin<\/strong> esitt\u00e4m\u00e4 h\u00e4din tuskin teini-ik\u00e4inen mutta silti tositoimiin joutuva lordi Blakeney.<\/p>\n<p>Tapahtumat sijoittuvat kokonaan merelle lukuun ottamatta pys\u00e4hdyksi\u00e4 Galapagossaarille. Siell\u00e4 l\u00e4\u00e4k\u00e4ri-luonnontieteilij\u00e4 Maturin p\u00e4\u00e4see leikkim\u00e4\u00e4n er\u00e4\u00e4nlaista esi-Darwinia perehtym\u00e4ll\u00e4 saarten floraan ja faunaan.<\/p>\n<p>Ison budjetin tuotannossa\u00a0on k\u00e4ytetty pienoismalleja, digitaaliefektej\u00e4 ja oikeita laivoja. Kuvauksia tehtiin Titanic-elokuvan vesitankissa ja aavalla merell\u00e4. Eri tekniikat on yhdistetty taitavasti eik\u00e4 trikkej\u00e4 huomaa. Lopputulos on realistinen ja toteutettu pienint\u00e4 yksityiskohtaa my\u00f6ten. Mastot natisevat ja meri pauhuaa niin el\u00e4v\u00e4sti, ett\u00e4 suolavesi maistuu suussa.<\/p>\n<p>Lue my\u00f6s: <a href=\"https:\/\/www.episodi.fi\/uutiset\/miksi-gladiator-iin-paaosaa-naytellyt-paul-mescal-ei-pyytanyt-neuvoja-alkuperaisen-elokuvan-tahdelta-ohjaaja-perusteli-asiaa-james-bond-vertauksella\/\" title=\"Miksi Gladiator II:n p\u00e4\u00e4t\u00e4hti Paul Mescal ei pyyt\u00e4nyt neuvoja alkuper\u00e4iselt\u00e4 gladiaattorilta? \u2013 Ohjaaja perusteli asiaa James Bond -vertauksella\" class=\"underline-custom !font-montserrat !font-bold !underline-offset-4 !decoration-4 !decoration-episodi-blue !text-md\" rel=\"nofollow noopener\" target=\"_blank\">Miksi Gladiator II:n p\u00e4\u00e4t\u00e4hti Paul Mescal ei pyyt\u00e4nyt neuvoja alkuper\u00e4iselt\u00e4 gladiaattorilta? \u2013 Ohjaaja perusteli asiaa James Bond -vertauksella<\/a><\/p>\n<p>Peter Weirin meriittilistalla on elokuvia jotka ovat saaneet kriitikoitten suosion, useita Oscar-ehdokkuuksia ja paljon katsojia (Truman Show, Kuolleiden runoilijoiden seura, Todistaja). Kuninkaan mies: Maailman laidalla\u00a0on vakuuttava lis\u00e4 n\u00e4iden laatut\u00f6itten sarjaan. Se on vanhanaikaisen tyylik\u00e4s elokuva, jollaisia ei en\u00e4\u00e4 juuri tehd\u00e4.<\/p>\n<p>Elokuva esitet\u00e4\u00e4n MTV Avalla sunnuntaina 12.10.2025 klo 21.00. Sen voi katsoa my\u00f6s Disney Plussasta, mist\u00e4 se l\u00f6ytyy nimell\u00e4 Master and Commander: Maailman laidalla. Alla traileri.<\/p>\n<p><img loading=\"lazy\" decoding=\"async\" alt=\"YouTube video\" width=\"480\" height=\"360\" data-pin-nopin=\"true\" nopin=\"nopin\" class=\"perfmatters-lazy\" src=\"https:\/\/www.europesays.com\/fi\/wp-content\/uploads\/2025\/10\/1760251928_169_hqdefault.jpg\"\/><\/p>\n<p>Lue my\u00f6s: <a href=\"https:\/\/www.episodi.fi\/uutiskirje\/?uutiskirjemainos=tekstilinkkimainos\" title=\"Tilaa Episodin uutiskirje ja voit voittaa leffalippuja! Nappaa tv-vinkit suoraan s\u00e4hk\u00f6postiin t\u00e4st\u00e4.\" class=\"underline-custom !font-montserrat !font-bold !underline-offset-4 !decoration-4 !decoration-episodi-blue !text-md\" rel=\"nofollow noopener\" target=\"_blank\">Tilaa Episodin uutiskirje ja voit voittaa leffalippuja! Nappaa katseluvinkit suoraan s\u00e4hk\u00f6postiin t\u00e4st\u00e4.<\/a><\/p>\n","protected":false},"excerpt":{"rendered":"Megat\u00e4hti Russell Crowe ja maineikas australialaisohjaaja Peter Weir lataavat illaksi t\u00e4yslaidallisen meriseikkailua. Vuonna 2003 valmistunut Kuninkaan mies: Maailman&hellip;\n","protected":false},"author":2,"featured_media":59718,"comment_status":"","ping_status":"","sticky":false,"template":"","format":"standard","meta":{"footnotes":""},"categories":[133],"tags":[566,137,33,31,30,32,206,139,156,109],"class_list":{"0":"post-59717","1":"post","2":"type-post","3":"status-publish","4":"format-standard","5":"has-post-thumbnail","7":"category-televisiot","8":"tag-disney-plus","9":"tag-entertainment","10":"tag-fi","11":"tag-finland","12":"tag-finnish","13":"tag-suomi","14":"tag-televisiot","15":"tag-tv-ohjelmat","16":"tag-tv","17":"tag-viihde"},"share_on_mastodon":{"url":"","error":""},"_links":{"self":[{"href":"https:\/\/www.europesays.com\/fi\/wp-json\/wp\/v2\/posts\/59717","targetHints":{"allow":["GET"]}}],"collection":[{"href":"https:\/\/www.europesays.com\/fi\/wp-json\/wp\/v2\/posts"}],"about":[{"href":"https:\/\/www.europesays.com\/fi\/wp-json\/wp\/v2\/types\/post"}],"author":[{"embeddable":true,"href":"https:\/\/www.europesays.com\/fi\/wp-json\/wp\/v2\/users\/2"}],"replies":[{"embeddable":true,"href":"https:\/\/www.europesays.com\/fi\/wp-json\/wp\/v2\/comments?post=59717"}],"version-history":[{"count":0,"href":"https:\/\/www.europesays.com\/fi\/wp-json\/wp\/v2\/posts\/59717\/revisions"}],"wp:featuredmedia":[{"embeddable":true,"href":"https:\/\/www.europesays.com\/fi\/wp-json\/wp\/v2\/media\/59718"}],"wp:attachment":[{"href":"https:\/\/www.europesays.com\/fi\/wp-json\/wp\/v2\/media?parent=59717"}],"wp:term":[{"taxonomy":"category","embeddable":true,"href":"https:\/\/www.europesays.com\/fi\/wp-json\/wp\/v2\/categories?post=59717"},{"taxonomy":"post_tag","embeddable":true,"href":"https:\/\/www.europesays.com\/fi\/wp-json\/wp\/v2\/tags?post=59717"}],"curies":[{"name":"wp","href":"https:\/\/api.w.org\/{rel}","templated":true}]}}