{"id":59721,"date":"2025-10-12T06:57:08","date_gmt":"2025-10-12T06:57:08","guid":{"rendered":"https:\/\/www.europesays.com\/fi\/59721\/"},"modified":"2025-10-12T06:57:08","modified_gmt":"2025-10-12T06:57:08","slug":"nayttelija-diane-keaton-on-kuollut-3","status":"publish","type":"post","link":"https:\/\/www.europesays.com\/fi\/59721\/","title":{"rendered":"N\u00e4yttelij\u00e4 Diane Keaton on kuollut"},"content":{"rendered":"<p>N\u00e4yttelij\u00e4 Keaton oli kuollessaan 79-vuotias.<\/p>\n<p class=\"article-body mb-nof-24 px-nof-16\">Yhdysvaltalainen n\u00e4yttelij\u00e4 <a class=\"article-personlink\" href=\"https:\/\/www.satakunnankansa.fi\/haku\/?query=Diane%20Keaton\" rel=\"nofollow noopener\" target=\"_blank\">Diane Keaton<\/a> on kuollut 79-vuotiaana, kertoo uutistoimisto AFP.<\/p>\n<p class=\"article-body mb-nof-24 px-nof-16\">N\u00e4yttelij\u00e4n l\u00e4heiset vahvistivat lauantaina yhdysvaltalaiselle <a class=\"article-genericlink\" href=\"https:\/\/people.com\/diane-keaton-dead-oscar-winning-actress-dies-at-79-exclusive-8603118\" rel=\"nofollow noopener\" target=\"_blank\">People-lehdelle<\/a>, ett\u00e4 Keaton kuoli Kaliforniassa. Kuolinsyy ei ole tiedossa, sill\u00e4 l\u00e4heiset ovat pyyt\u00e4neet tapahtumille yksityisyytt\u00e4.<\/p>\n<p class=\"article-body mb-nof-24 px-nof-16\">Keaton syntyi Los Angelesissa vuonna 1946. H\u00e4n aloitti uransa teatterin\u00e4yttelij\u00e4n\u00e4 Broadwaylla 1960-luvun lopussa. Ura elokuvan\u00e4yttelij\u00e4n\u00e4 alkoi 1970-luvulla ja jatkui t\u00e4h\u00e4n p\u00e4iv\u00e4\u00e4n saakka. Keaton sai parhaan naisp\u00e4\u00e4osan Oscar-palkinnon <a class=\"article-personlink\" href=\"https:\/\/www.satakunnankansa.fi\/haku\/?query=Woody%20Allenin\" rel=\"nofollow noopener\" target=\"_blank\">Woody Allenin<\/a> ohjaamasta elokuvasta Annie Hall vuonna 1977.<\/p>\n<p class=\"article-body mb-nof-24 px-nof-16\">Keatonin yksi merkitt\u00e4vist\u00e4 rooleista oli <a class=\"article-personlink\" href=\"https:\/\/www.satakunnankansa.fi\/haku\/?query=Francis%20Ford%20Coppolan\" rel=\"nofollow noopener\" target=\"_blank\">Francis Ford Coppolan<\/a> elokuvassa Kummiset\u00e4, jossa h\u00e4n n\u00e4ytteli Kay Adams-Corleonen roolin. H\u00e4n esiintyi my\u00f6s elokuvan kahdessa jatko-osassa.<\/p>\n<p class=\"article-body mb-nof-24 px-nof-16\">Muita h\u00e4nen tunnettuja elokuviaan ovat muun muassa Marvinin tytt\u00e4ret (1996) ja Sis\u00e4kuvia (1978) sek\u00e4 lukuiset komediaelokuvat, kuten Morsiamen is\u00e4 (1991) ja Hyl\u00e4ttyjen vaimojen kerho (1996) ja Jotain annettavaa (2003).<\/p>\n<p class=\"article-body mb-nof-24 px-nof-16\">Diane Keaton vieraili aikoinaan my\u00f6s Suomessa, sill\u00e4 h\u00e4n t\u00e4hditti <a class=\"article-personlink\" href=\"https:\/\/www.satakunnankansa.fi\/haku\/?query=Warren%20Beattyn\" rel=\"nofollow noopener\" target=\"_blank\">Warren Beattyn<\/a> yhdysvaltalaisen ty\u00f6v\u00e4enliikkeen ongelmista ja Ven\u00e4j\u00e4n vallankumouksesta kertovaa elokuvaa Punaiset (1981). Elokuvaa <a class=\"article-genericlink\" href=\"https:\/\/www.hs.fi\/kulttuuri\/art-2000007662101.html\" rel=\"nofollow noopener\" target=\"_blank\">kuvattiin<\/a> Helsingiss\u00e4 vuonna 1979 muun muassa Presidentinlinnan portilla, Esplanadin puistossa, Suomenlinnassa ja VR:n Pasilan konepajalla Aleksis Kiven kadulla.<\/p>\n","protected":false},"excerpt":{"rendered":"N\u00e4yttelij\u00e4 Keaton oli kuollessaan 79-vuotias. Yhdysvaltalainen n\u00e4yttelij\u00e4 Diane Keaton on kuollut 79-vuotiaana, kertoo uutistoimisto AFP. N\u00e4yttelij\u00e4n l\u00e4heiset vahvistivat&hellip;\n","protected":false},"author":2,"featured_media":59722,"comment_status":"","ping_status":"","sticky":false,"template":"","format":"standard","meta":{"footnotes":""},"categories":[130],"tags":[137,33,31,30,80,32,109],"class_list":{"0":"post-59721","1":"post","2":"type-post","3":"status-publish","4":"format-standard","5":"has-post-thumbnail","7":"category-viihde","8":"tag-entertainment","9":"tag-fi","10":"tag-finland","11":"tag-finnish","12":"tag-satakunnan-kansa","13":"tag-suomi","14":"tag-viihde"},"share_on_mastodon":{"url":"","error":""},"_links":{"self":[{"href":"https:\/\/www.europesays.com\/fi\/wp-json\/wp\/v2\/posts\/59721","targetHints":{"allow":["GET"]}}],"collection":[{"href":"https:\/\/www.europesays.com\/fi\/wp-json\/wp\/v2\/posts"}],"about":[{"href":"https:\/\/www.europesays.com\/fi\/wp-json\/wp\/v2\/types\/post"}],"author":[{"embeddable":true,"href":"https:\/\/www.europesays.com\/fi\/wp-json\/wp\/v2\/users\/2"}],"replies":[{"embeddable":true,"href":"https:\/\/www.europesays.com\/fi\/wp-json\/wp\/v2\/comments?post=59721"}],"version-history":[{"count":0,"href":"https:\/\/www.europesays.com\/fi\/wp-json\/wp\/v2\/posts\/59721\/revisions"}],"wp:featuredmedia":[{"embeddable":true,"href":"https:\/\/www.europesays.com\/fi\/wp-json\/wp\/v2\/media\/59722"}],"wp:attachment":[{"href":"https:\/\/www.europesays.com\/fi\/wp-json\/wp\/v2\/media?parent=59721"}],"wp:term":[{"taxonomy":"category","embeddable":true,"href":"https:\/\/www.europesays.com\/fi\/wp-json\/wp\/v2\/categories?post=59721"},{"taxonomy":"post_tag","embeddable":true,"href":"https:\/\/www.europesays.com\/fi\/wp-json\/wp\/v2\/tags?post=59721"}],"curies":[{"name":"wp","href":"https:\/\/api.w.org\/{rel}","templated":true}]}}