{"id":59731,"date":"2025-10-12T07:15:09","date_gmt":"2025-10-12T07:15:09","guid":{"rendered":"https:\/\/www.europesays.com\/fi\/59731\/"},"modified":"2025-10-12T07:15:09","modified_gmt":"2025-10-12T07:15:09","slug":"lontoossa-asuva-ex-missi-bea-toivonen-paljastaa-ystavilla-pesapallomailat-eteisessa","status":"publish","type":"post","link":"https:\/\/www.europesays.com\/fi\/59731\/","title":{"rendered":"Lontoossa asuva ex-missi Bea Toivonen paljastaa: Yst\u00e4vill\u00e4 pes\u00e4pallomailat eteisess\u00e4"},"content":{"rendered":"<p>Bea Toivonen kruunattiin Miss Suomeksi vuonna 2014.<\/p>\n<p class=\"paragraph\"><a href=\"https:\/\/www.iltalehti.fi\/henkilot\/Bea Toivonen\" class=\"article-link-person-page\" rel=\"nofollow noopener\" target=\"_blank\">Bea Toivonen<\/a>, 32, istuu kahvikuppi k\u00e4dess\u00e4\u00e4n Helsingiss\u00e4 harmaana syysaamuna. Vuoden 2014 Miss Suomi on saapunut Suomeen hetkeksi aikaa ennen kuin palaa taas kotiinsa Lontooseen. Vierailu Suomessa kattaa aikaa muun muassa perheelle, kun Toivonen esimerkiksi juhlistaa 90 vuotta t\u00e4ytt\u00e4v\u00e4\u00e4 iso\u00e4iti\u00e4\u00e4n.<\/p>\n<p class=\"paragraph\">Lontoossa Toivonen on asunut jo kymmenen vuoden ajan. Arkea m\u00e4\u00e4ritt\u00e4v\u00e4t muun muassa freelancer-ty\u00f6t meikkauksen ja hiusten saralla. Lontoossa on t\u00f6iden lis\u00e4ksi my\u00f6s Toivosen muusikkopoikayst\u00e4v\u00e4 <strong>Jesse Smith<\/strong> sek\u00e4 pariskunnan yhteinen koira.<\/p>\n<p class=\"paragraph\">Toivonen tapaa ty\u00f6ns\u00e4 kautta monia julkisuuden henkil\u00f6it\u00e4. Tuoliin saattaa istahtaa my\u00f6s brittikuninkaallisten l\u00e4hipiiri\u00e4 ja Toivosen sanoin \u201dLontoon kermaa\u201d.<\/p>\n<p class=\"paragraph\">Asiakassuhteiden suuruusluokkaa voi arvioida Toivosen mainitsemasta tuoreesta esimerkist\u00e4 \u2013 joka tosin harmillisesti siirtyi toiseen ajankohtaan.<\/p>\n<p class=\"paragraph\">\u2013 Minun piti tehd\u00e4 <a href=\"https:\/\/www.iltalehti.fi\/henkilot\/Sharon Osbourne\" class=\"article-link-person-page\" rel=\"nofollow noopener\" target=\"_blank\">Sharon Osbournen<\/a> meikki, mutta se joudutaan siirt\u00e4m\u00e4\u00e4n, koska <a href=\"https:\/\/www.iltalehti.fi\/henkilot\/Ozzy Osbourne\" class=\"article-link-person-page\" rel=\"nofollow noopener\" target=\"_blank\">Ozzy Osbourne<\/a> kuoli kaksi p\u00e4iv\u00e4\u00e4 ennen, Toivonen kertoo.<\/p>\n<p class=\"paragraph\">Ty\u00f6n ulkopuolella Toivosella ja Smithill\u00e4 on paljon yst\u00e4vi\u00e4 ja kontakteja, joiden my\u00f6t\u00e4 tulee k\u00e4yty\u00e4 muun muassa eri tapahtumissa. Vapaa-ajalla Toivosen el\u00e4m\u00e4\u00e4n mahtuu esimerkiksi keikoilla ja teattereissa k\u00e4ymist\u00e4.<\/p>\n<p class=\"paragraph\">\u2013 Aina on jotain tekemist\u00e4, Toivonen sanoo.<\/p>\n<p class=\"paragraph\">Paikalliseen kulttuuriin kuuluu, ett\u00e4 illallisilla tai \u201dulkona\u201d saatetaan k\u00e4yd\u00e4 keskell\u00e4 viikkoa. Suomessa on totuttu erilaiseen tyyliin.<\/p>\n<p class=\"paragraph\">\u2013 Jos olen kysynyt t\u00e4\u00e4ll\u00e4 (Suomessa), ett\u00e4 \u201dmenn\u00e4\u00e4nk\u00f6 viinille\u201d, niin on kysytty, ett\u00e4 \u201dai tiistaina?\u201d, Toivonen naurahtaa.<\/p>\n<p><img decoding=\"async\" class=\"image image-show image-preview\" src=\"https:\/\/www.europesays.com\/fi\/wp-content\/uploads\/2025\/10\/3f21a42f7fe49d2478cf3157df9767445b47ba11d9f0ee656f25f38d58e8911c.jpg\" alt=\"\"\/><img decoding=\"async\" class=\"image image-show\" src=\"https:\/\/www.europesays.com\/fi\/wp-content\/uploads\/2025\/10\/1760253309_154_3f21a42f7fe49d2478cf3157df9767445b47ba11d9f0ee656f25f38d58e8911c.jpg\" alt=\"\"\/><\/p>\n<p>Bea Toivonen on asunut Lontoossa kymmenen vuoden ajan. Inka Soveri<\/p>\n<p>Turvattomuus Lontoossa<\/p>\n<p class=\"paragraph\">Lontoossa asuessaan Toivoselle on tullut selv\u00e4ksi my\u00f6s kaupungin nurjempi puoli.<\/p>\n<p class=\"paragraph\">Toivonen ja Smith asuvat L\u00e4nsi-Lontoossa alueella, jolla on hyv\u00e4 maine. Asuinalueella el\u00e4\u00e4 niin lapsiperheit\u00e4 kuin luovalla alalla ty\u00f6skentelevi\u00e4 henkil\u00f6it\u00e4.<\/p>\n<p class=\"paragraph\">Silti pariskunnan asuinalueen l\u00e4hell\u00e4kin on ollut viime aikoina rauhattomuutta, kuten puukotuksia.<\/p>\n<p class=\"paragraph\">Esimerkiksi viiden minuutin k\u00e4velymatkan p\u00e4\u00e4ss\u00e4 olevan l\u00e4hibaarin ulkopuolella puukotettiin ihminen kuoliaaksi. Tapahtumapaikka osuu Toivosen ty\u00f6matkan varrelle.<\/p>\n<p class=\"paragraph\">\u2013 Otan nyky\u00e4\u00e4n Uberin, koska en halua l \u00e4hte\u00e4 niin aikaisin k\u00e4velem\u00e4\u00e4n, Toivonen sanoo.<\/p>\n<p class=\"paragraph\">Samoin h\u00e4n toimii iltaisin, mutta toteaa, ett\u00e4 mukana kannattaa olla joka tapauksessa vaikkapa pieni hiussuihke.<\/p>\n<p>Bea Toivosen asuinalueella on turvattomampaa. Inka Soveri<\/p>\n<p class=\"paragraph\">\u2013 Naisille sanotaan, ett\u00e4 pit\u00e4isi olla joku h\u00e4lytysjuttu mukana. Monet k\u00e4velev\u00e4t my\u00f6s esimerkiksi avaimet k\u00e4dess\u00e4.<\/p>\n<p class=\"paragraph\">Kotikadullakin on v\u00e4lill\u00e4 tapahtunut. Toivonen kertoo, ett\u00e4 er\u00e4\u00e4n\u00e4 y\u00f6n\u00e4 poliisit tekiv\u00e4t l\u00e4heiseen taloon ratsian. H\u00e4n itse arvelee, ett\u00e4 asiaan olisi liittynyt huumeita.<\/p>\n<p class=\"paragraph\">Toivonen kertoo j\u00e4nnitt\u00e4v\u00e4ns\u00e4 v\u00e4lill\u00e4 yksinoloa, jos Smith on kiertueella.<\/p>\n<p class=\"paragraph\">\u2013 Meill\u00e4 on koira, joka on tosi kova\u00e4\u00e4ninen, jos kuulee outoja \u00e4\u00e4ni\u00e4. Se on minulle hyv\u00e4 h\u00e4ly. Mutta silti se j\u00e4nnitt\u00e4\u00e4, Toivonen toteaa.<\/p>\n<p class=\"paragraph\">Toivonen kertoo yleisesti olevansa helposti varuillaan ja toteaa piirteen tulleen h\u00e4nen \u00e4idilt\u00e4\u00e4n.<\/p>\n<p class=\"paragraph\">\u2013 Olen worst case scenario -ihminen ja mietin aina, mik\u00e4 on pahinta, ett\u00e4 pystyn varautumaan siihen.<\/p>\n<p class=\"paragraph\">\u2013 Tied\u00e4n, ett\u00e4 yst\u00e4vill\u00e4ni on kotona eteisess\u00e4 pes\u00e4pallomaila. Ne ovat tuollaisia juttuja, jotka isossa kaupungissa ovat suhteellisen pakollisia nyky\u00e4\u00e4n.<\/p>\n<p>Bea Toivosen asiakkaina on ollut useita julkisuuden henkil\u00f6it\u00e4. Inka Soveri<\/p>\n<p>Kaipuu Suomeen<\/p>\n<p class=\"paragraph\">Vaikka Toivonen on asunut Lontoossa jo pitk\u00e4\u00e4n, on h\u00e4nell\u00e4 silti hinku Suomeen. Asia tulee yh\u00e4 useammin puheeksi my\u00f6s Smithin kanssa.<\/p>\n<p class=\"paragraph\">\u2013 Otan sit\u00e4 enemm\u00e4n ja enemm\u00e4n esille Jessen kanssa, ett\u00e4 tulevaisuudessa olisi kiva olla jonkinn\u00e4k\u00f6inen juttu t\u00e4\u00e4ll\u00e4, Toivonen kertoo ja v\u00e4l\u00e4yttelee ajatusta esimerkiksi kes\u00e4m\u00f6kist\u00e4 Suomessa.<\/p>\n<p class=\"paragraph\">Toivosella ja Smithill\u00e4 ei ole lapsia, eik\u00e4 kihlasormusta. Jos perheenlis\u00e4yst\u00e4 jossain kohtaa tulisi, linkittyisi sekin Suomi-haaveisiin.<\/p>\n<p class=\"paragraph\">\u2013 Siin\u00e4 vaiheessa en n\u00e4kisi el\u00e4m\u00e4\u00e4ni Lontoossa, Toivonen sanoo.<\/p>\n<p class=\"paragraph\">Syit\u00e4 on useampia.<\/p>\n<p class=\"paragraph\">\u2013 Oma perhe on t\u00e4\u00e4ll\u00e4. Ja el\u00e4m\u00e4n taso ja turvallisuus on paremmin t\u00e4\u00e4ll\u00e4, Toivonen toteaa.<\/p>\n<p>Bea Toivonen ja Jesse Smith ovat olleet yhdess\u00e4 kymmenen vuoden ajan. Bea Toivosen kotialbumi<\/p>\n<p class=\"paragraph\">Smith on aina halunnut itselleen perheen, mutta ainakaan viel\u00e4 perheenperustaminen ei tule kysymykseen.<\/p>\n<p class=\"paragraph\">Toivonen toteaa, ettei tilanne olisi t\u00e4ll\u00e4 hetkell\u00e4 \u201dkovin herkullinen\u201d. Smithin kalenterin t\u00e4ytt\u00e4\u00e4 muusikon kiertue-el\u00e4m\u00e4, mink\u00e4 takia Toivosta huolettaisi, ett\u00e4 joutuisi olemaan kotona yksin lasten kanssa.<\/p>\n<p class=\"paragraph\">\u2013 Veikkaan, ett\u00e4 olen l\u00e4hemp\u00e4n\u00e4 nelj\u00e4\u00e4kymment\u00e4, jos haluan lapsia. Jos se on mahdollista viel\u00e4 silloin, Toivonen sanoo.<\/p>\n<p class=\"paragraph\">Toivonen on ollut jopa hieman perheenperustamista ja naimisiin menoa vastaan. Enemm\u00e4n h\u00e4nt\u00e4 on kiinnostanut esimerkiksi matkustelu ja kokemukset. Niihin pariskunta keskittyykin t\u00e4ll\u00e4 hetkell\u00e4.<\/p>\n<p class=\"paragraph\">Ajatusta kihloista Toivonen ei kuitenkaan tyrm\u00e4\u00e4. H\u00e4n toteaa, ett\u00e4 kihlautuminen kuulostaisi paljon paremmalta kymmenen vuoden yhdess\u00e4olon j\u00e4lkeen \u2013 enemm\u00e4n kuin vaikkapa yhdentoista tai kahdentoista.<\/p>\n<p class=\"paragraph\">\u2013 Minulla on salainen toive, ett\u00e4 joskus l\u00e4hivuosina. Mutta yleens\u00e4 pid\u00e4n kulissin niin, ett\u00e4 \u201dno, katsotaan\u201d.<\/p>\n<p>Bea Toivonen ei haaveile lapsista kolmekymppisen\u00e4. Inka Soveri<\/p>\n","protected":false},"excerpt":{"rendered":"Bea Toivonen kruunattiin Miss Suomeksi vuonna 2014. Bea Toivonen, 32, istuu kahvikuppi k\u00e4dess\u00e4\u00e4n Helsingiss\u00e4 harmaana syysaamuna. Vuoden 2014&hellip;\n","protected":false},"author":2,"featured_media":59732,"comment_status":"","ping_status":"","sticky":false,"template":"","format":"standard","meta":{"footnotes":""},"categories":[136],"tags":[35,138,407,137,33,31,30,408,47,141,98,32,109],"class_list":{"0":"post-59731","1":"post","2":"type-post","3":"status-publish","4":"format-standard","5":"has-post-thumbnail","7":"category-julkkikset","8":"tag-24h","9":"tag-audio","10":"tag-celebrities","11":"tag-entertainment","12":"tag-fi","13":"tag-finland","14":"tag-finnish","15":"tag-julkkikset","16":"tag-musiikki","17":"tag-muusikot-bandit","18":"tag-perhe","19":"tag-suomi","20":"tag-viihde"},"share_on_mastodon":{"url":"","error":""},"_links":{"self":[{"href":"https:\/\/www.europesays.com\/fi\/wp-json\/wp\/v2\/posts\/59731","targetHints":{"allow":["GET"]}}],"collection":[{"href":"https:\/\/www.europesays.com\/fi\/wp-json\/wp\/v2\/posts"}],"about":[{"href":"https:\/\/www.europesays.com\/fi\/wp-json\/wp\/v2\/types\/post"}],"author":[{"embeddable":true,"href":"https:\/\/www.europesays.com\/fi\/wp-json\/wp\/v2\/users\/2"}],"replies":[{"embeddable":true,"href":"https:\/\/www.europesays.com\/fi\/wp-json\/wp\/v2\/comments?post=59731"}],"version-history":[{"count":0,"href":"https:\/\/www.europesays.com\/fi\/wp-json\/wp\/v2\/posts\/59731\/revisions"}],"wp:featuredmedia":[{"embeddable":true,"href":"https:\/\/www.europesays.com\/fi\/wp-json\/wp\/v2\/media\/59732"}],"wp:attachment":[{"href":"https:\/\/www.europesays.com\/fi\/wp-json\/wp\/v2\/media?parent=59731"}],"wp:term":[{"taxonomy":"category","embeddable":true,"href":"https:\/\/www.europesays.com\/fi\/wp-json\/wp\/v2\/categories?post=59731"},{"taxonomy":"post_tag","embeddable":true,"href":"https:\/\/www.europesays.com\/fi\/wp-json\/wp\/v2\/tags?post=59731"}],"curies":[{"name":"wp","href":"https:\/\/api.w.org\/{rel}","templated":true}]}}