{"id":59733,"date":"2025-10-12T07:16:15","date_gmt":"2025-10-12T07:16:15","guid":{"rendered":"https:\/\/www.europesays.com\/fi\/59733\/"},"modified":"2025-10-12T07:16:15","modified_gmt":"2025-10-12T07:16:15","slug":"valokuvaaja-stefan-bremer-kuvasi-nuorisoa-helsingin-yossa-kun-nyt-katson-naen-jotain-riipaisevaa-kulttuuri","status":"publish","type":"post","link":"https:\/\/www.europesays.com\/fi\/59733\/","title":{"rendered":"Valokuvaaja Stefan Bremer kuvasi nuorisoa Helsingin y\u00f6ss\u00e4 \u2013 \u201dKun nyt katson, n\u00e4en jotain riipaisevaa\u201d | Kulttuuri"},"content":{"rendered":"<p class=\"aw-1gybjub aw-1p7kakr ghpEtB jtovHP yle__article__paragraph\"><strong class=\"aw-ak79eh KyCXm yle__article__strong\">Stefan Bremer<\/strong> her\u00e4si keskell\u00e4 y\u00f6t\u00e4 ja tajusi, ettei h\u00e4n n\u00e4hnyt toisella silm\u00e4ll\u00e4 mit\u00e4\u00e4n: vasen, h\u00e4nen kuvaussilm\u00e4ns\u00e4. Sokea kuin musta aukko.<\/p>\n<p class=\"aw-1gybjub aw-1p7kakr ghpEtB jtovHP yle__article__paragraph\">Voiko valokuvaajalle tapahtua mit\u00e4\u00e4n pahempaa kuin h\u00e4nelle kolme vuotta sitten? Verkkokalvon alla, silm\u00e4n pohjaosassa, verisuoni oli yll\u00e4tt\u00e4en katkennut.<\/p>\n<p class=\"aw-1gybjub aw-1p7kakr ghpEtB jtovHP yle__article__paragraph\">\u2013 Sairaalassa silm\u00e4kirurgi sanoi, ett\u00e4 sori, ei voidakaan leikata, koska suoni vuotaa. Ett\u00e4 nyt sinun pit\u00e4\u00e4 tottua. T\u00e4st\u00e4 l\u00e4htien olet yksisilm\u00e4inen valokuvaaja, Bremer muistelee.<\/p>\n<p class=\"aw-1gybjub aw-1p7kakr ghpEtB jtovHP yle__article__paragraph\">Silm\u00e4st\u00e4 meni n\u00e4k\u00f6, mutta se ei vienyt h\u00e4nen kyky\u00e4\u00e4n n\u00e4hd\u00e4.<\/p>\n<p class=\"aw-1gybjub aw-1p7kakr ghpEtB jtovHP yle__article__paragraph\">\u2013 Juuri niin siin\u00e4 k\u00e4vi.<\/p>\n<p><img decoding=\"async\" alt=\"Mies seisoo h\u00e4m\u00e4r\u00e4sti valaistussa, huurteen peitt\u00e4m\u00e4ss\u00e4 sis\u00e4tilassa y\u00f6ll\u00e4.\" src=\"https:\/\/www.europesays.com\/fi\/wp-content\/uploads\/2025\/10\/39-153457768e5069468a37.jpeg\" loading=\"lazy\" class=\"aw-1l9m598 hKVVvP\"\/><\/p>\n<p>Avaa kuvien katselu<\/p>\n<p>Todenn\u00e4k\u00f6isyys, ett\u00e4 toinenkin silm\u00e4 sokeutuu, on l\u00e4\u00e4k\u00e4rin mukaan pieni. Kuva: Antti Haanp\u00e4\u00e4 \/ Yle<\/p>\n<p>Kaikki alkoi Rautatieaseman nurkilta<\/p>\n<p class=\"aw-1gybjub aw-1p7kakr ghpEtB jtovHP yle__article__paragraph\">Stefan Bremer k\u00e4velee Ylen kuvaajan osoittamaan suuntaan ja nostaa pyynn\u00f6st\u00e4 katseensa kohti katuvaloa. Tilanne on hieman outo. Valokuvaajana h\u00e4n on tottunut itse olemaan kameran toisella puolella.<\/p>\n<p class=\"aw-1gybjub aw-1p7kakr ghpEtB jtovHP yle__article__paragraph\">\u2013 L\u00f6ysin t\u00e4m\u00e4n meksikolaisen lierihattuni Fidan kirpputorilta. Pit\u00e4\u00e4 hyvin vett\u00e4. Sano vaan, miss\u00e4 seison.<\/p>\n<p class=\"aw-1gybjub aw-1p7kakr ghpEtB jtovHP yle__article__paragraph\">Sataa kaatamalla ja l\u00e4t\u00e4k\u00f6iden pinnasta heijastuvat valot. T\u00e4llaisina \u00f6in\u00e4 Bremer on kulkenut kameralaukkuaan kantaen lukemattomia kertoja.<\/p>\n<p class=\"aw-1gybjub aw-1p7kakr ghpEtB jtovHP yle__article__paragraph\">\u2013 Olen luonteeltani y\u00f6n vaeltaja, h\u00e4n toteaa.<\/p>\n<p class=\"aw-1gybjub aw-1p7kakr ghpEtB jtovHP yle__article__paragraph\">Nyt h\u00e4n seisoo Helsingin Rautatieaseman p\u00e4\u00e4oven edess\u00e4 valurautaisella katukaivon kannella. T\u00e4m\u00e4 on se kohta, josta kaikki alkoi pian 50 vuotta sitten.<\/p>\n<p><img decoding=\"async\" alt=\" Mies seisoo ulkona sateisella kadulla Helsingin p\u00e4\u00e4rautatieaseman edustalla.\" src=\"https:\/\/www.europesays.com\/fi\/wp-content\/uploads\/2025\/10\/39-153457368e5069183b74.jpeg\" loading=\"lazy\" class=\"aw-1l9m598 hKVVvP\"\/><\/p>\n<p>Avaa kuvien katselu<\/p>\n<p>Stefan Bremerin mukaan h\u00e4nen valokuvansa perustuivat uteliaisuuteen, joka piti sammuttaa. Kuva: Antti Haanp\u00e4\u00e4 \/ Yle<\/p>\n<p>Bremerin huomio kiinnittyi \u201dnuorisol\u00f6ssiin\u201d<\/p>\n<p class=\"aw-1gybjub aw-1p7kakr ghpEtB jtovHP yle__article__paragraph\">Stefan Bremer oli 24-vuotias Taideteollisen korkeakoulun opiskelija. P\u00e4\u00e4st\u00e4kseen kotoa Lauttasaaresta kavereidensa luokse It\u00e4-Helsinkiin h\u00e4nen piti vaihtaa linja-autoa Rautatientorilla.<\/p>\n<p class=\"aw-1gybjub aw-1p7kakr ghpEtB jtovHP yle__article__paragraph\">Varsinkin viikonloppuiltaisin asemanseutu oli t\u00e4ynn\u00e4 nuorisoa. H\u00e4n muistaa, ett\u00e4 joukon ohittaminen tuntui jopa uhkaavalta.<\/p>\n<p class=\"aw-1gybjub aw-1p7kakr ghpEtB jtovHP yle__article__paragraph\">\u2013 1970-luvun lopussa Helsinki oli hiton tyls\u00e4, harmaa ja luotaanty\u00f6nt\u00e4v\u00e4. Ihmettelin, mik\u00e4 on t\u00e4m\u00e4 nuorisol\u00f6ssi, joka kokoontuu aina samassa paikassa p\u00e4\u00e4ovien luona.<\/p>\n<p class=\"aw-1gybjub aw-1p7kakr ghpEtB jtovHP yle__article__paragraph\">Rockabilly-musiikkia kuuntelevat diinarit olivat nahkatakeissaan ja kellohameissaan kuin suoraan 50-luvulta.<\/p>\n<p class=\"aw-1gybjub aw-1p7kakr ghpEtB jtovHP yle__article__paragraph\">\u2013 M\u00e4 sain siit\u00e4 heti kiinni. Se oli kiinnostavaa. Funtsin, voisinko tehd\u00e4 kuvasarjan Helsingin y\u00f6st\u00e4.<\/p>\n<p><img decoding=\"async\" alt=\"Kaksi henkil\u00f6\u00e4 seisoo y\u00f6ll\u00e4 liikkuvan grillin edess\u00e4\" src=\"https:\/\/www.europesays.com\/fi\/wp-content\/uploads\/2025\/10\/39-153457468e506925446d.jpeg\" loading=\"lazy\" class=\"aw-1l9m598 hKVVvP\"\/><\/p>\n<p>Avaa kuvien katselu<\/p>\n<p>Bremer kiinnitt\u00e4\u00e4 valokuvaajana huomiota ihmisiin, joissa on karismaa. Joskus se on ulkon\u00e4k\u00f6, mutta my\u00f6s tapa olla. Kuva: Antti Haanp\u00e4\u00e4 \/ Yle<\/p>\n<p>Bremer-h\u00e4my hankki nahkatakin ja alkoi kuvata<\/p>\n<p class=\"aw-1gybjub aw-1p7kakr ghpEtB jtovHP yle__article__paragraph\">Nuoret kysyiv\u00e4t ep\u00e4illen, ottaako h\u00e4n valokuvia poliisin pyynn\u00f6st\u00e4 tai Hymy-lehdelle.<\/p>\n<p class=\"aw-1gybjub aw-1p7kakr ghpEtB jtovHP yle__article__paragraph\">Bremer oli itse vain muutamaa vuotta kuvattaviaan vanhempi, omien sanojensa mukaan \u201dh\u00e4my\u201d taideopiskelija. H\u00e4n ymm\u00e4rsi, ett\u00e4 pit\u00e4\u00e4 soluttautua porukkaan ja lunastaa nuorten luottamus.<\/p>\n<p class=\"aw-1gybjub aw-1p7kakr ghpEtB jtovHP yle__article__paragraph\">\u2013 Tulin varovasti. Ostin nahkatakin ja kampasin pitk\u00e4n tukkani taaksep\u00e4in.<\/p>\n<p class=\"aw-1gybjub aw-1p7kakr ghpEtB jtovHP yle__article__paragraph\">Valokuvaaja saapui samaan paikkaan ilta toisensa j\u00e4lkeen. Mukanaan h\u00e4nell\u00e4 oli edellisell\u00e4 kerralla ottamansa valokuvat, jotka h\u00e4n halusi n\u00e4ytt\u00e4\u00e4.<\/p>\n<p class=\"aw-1gybjub aw-1p7kakr ghpEtB jtovHP yle__article__paragraph\"><strong class=\"aw-ak79eh KyCXm yle__article__strong\">T\u00e4llaisilta Stefan Bremerin ottamat valokuvat n\u00e4yttiv\u00e4t. Klikkaa kuvia, niin n\u00e4et ne suurempina:<\/strong><\/p>\n<p><img decoding=\"async\" alt=\"Mustavalkoinen valokuva esitt\u00e4\u00e4 iltah\u00e4m\u00e4r\u00e4ss\u00e4 seisovaa jengi\u00e4, joilla kaikilla on yll\u00e4\u00e4n samanlaiset nahkatakit.\" src=\"https:\/\/www.europesays.com\/fi\/wp-content\/uploads\/2025\/10\/39-152314868c81a79414c5.jpeg\" class=\"aw-1l9m598 hKVVvP\"\/><\/p>\n<p>Avaa kuvien katselu<\/p>\n<p><img decoding=\"async\" alt=\"Nainen ja mies suutelevat linja-auton vieress\u00e4\" src=\"https:\/\/www.europesays.com\/fi\/wp-content\/uploads\/2025\/10\/39-153381268e38afbb7988.jpeg\" class=\"aw-1l9m598 hKVVvP\"\/><\/p>\n<p>Avaa kuvien katselu<\/p>\n<p><img decoding=\"async\" alt=\"Yhtyeen Dead Kennedys keikalla yleis\u00f6 rynt\u00e4\u00e4 esiintymislavalle.\" src=\"https:\/\/www.europesays.com\/fi\/wp-content\/uploads\/2025\/10\/39-153380668e389b65f52f.jpeg\" class=\"aw-1l9m598 hKVVvP\"\/><\/p>\n<p>Avaa kuvien katselu<\/p>\n<p><img decoding=\"async\" alt=\"Nuori mies, jolla irokeesi.\" src=\"https:\/\/www.europesays.com\/fi\/wp-content\/uploads\/2025\/10\/39-153383968e3904864e58.jpeg\" class=\"aw-1l9m598 hKVVvP\"\/><\/p>\n<p>Avaa kuvien katselu<\/p>\n<p><img decoding=\"async\" alt=\"Nuori mies, jonka silm\u00e4t rajattu voimakkaasti kajal-meikkikyn\u00e4ll\u00e4.\" src=\"https:\/\/www.europesays.com\/fi\/wp-content\/uploads\/2025\/10\/39-153383568e38f63f2f72.jpeg\" class=\"aw-1l9m598 hKVVvP\"\/><\/p>\n<p>Avaa kuvien katselu<\/p>\n<p><img decoding=\"async\" alt=\"Ryhm\u00e4 ihmisi\u00e4 viett\u00e4\u00e4 iltaa kaupungilla, ja yksi heist\u00e4 temppuilee pystyss\u00e4 kivisein\u00e4m\u00e4\u00e4 vasten.\" src=\"https:\/\/www.europesays.com\/fi\/wp-content\/uploads\/2025\/10\/39-153381368e38bf977217.jpeg\" class=\"aw-1l9m598 hKVVvP\"\/><\/p>\n<p>Avaa kuvien katselu<\/p>\n<p><img decoding=\"async\" alt=\"Mies poseeraa jahuutaa poliisiauton edess\u00e4 vilkkaassa kaupunkin\u00e4kym\u00e4ss\u00e4. \" src=\"https:\/\/www.europesays.com\/fi\/wp-content\/uploads\/2025\/10\/39-153383068e38e7dafec3.jpeg\" class=\"aw-1l9m598 hKVVvP\"\/><\/p>\n<p>Avaa kuvien katselu<\/p>\n<p>Turpaan tuli, mutta kuvaaminen jatkui<\/p>\n<p class=\"aw-1gybjub aw-1p7kakr ghpEtB jtovHP yle__article__paragraph\">\u2013 Valokuvaukseen liittyy vastavuoroisuus. Se on kuin vuoropuhelua ennen kuvan ottamista: ep\u00e4ilys karisee, ja sitten rakentuu yhteisymm\u00e4rrys.<\/p>\n<p class=\"aw-1gybjub aw-1p7kakr ghpEtB jtovHP yle__article__paragraph\">Mutta ei kaikki silti sujunut t\u00e4ysin ongelmitta.<\/p>\n<p class=\"aw-1gybjub aw-1p7kakr ghpEtB jtovHP yle__article__paragraph\">\u2013 Siin\u00e4 steissin kulmilla tapahtui jo silloin paljon kaikkea h\u00e4m\u00e4r\u00e4\u00e4, oli p\u00e4ihteiden k\u00e4ytt\u00e4ji\u00e4 ja muuta. Kaksi kertaa sain pahasti turpiini. Hakattiin p\u00e4in naamaa niin, ett\u00e4 veri valui.<\/p>\n<p class=\"aw-1gybjub aw-1p7kakr ghpEtB jtovHP yle__article__paragraph\">Valokuvaaja ker\u00e4si uskallusta muutaman viikon ja l\u00e4hti uudestaan kuvaamaan.<\/p>\n<p><img decoding=\"async\" alt=\"Py\u00f6r\u00e4ilij\u00e4 ylitt\u00e4\u00e4 katua sateisena iltana.\" src=\"https:\/\/www.europesays.com\/fi\/wp-content\/uploads\/2025\/10\/39-153458068e50696c6d14.jpeg\" loading=\"lazy\" class=\"aw-1l9m598 hKVVvP\"\/><\/p>\n<p>Avaa kuvien katselu<\/p>\n<p>Bremeri\u00e4 ovat aina kiinnostaneet alakulttuurit, \u201djoissa ihmiset osoittavat olevansa osa pulppuavaa trendi\u00e4\u201d.  Kuva: Antti Haanp\u00e4\u00e4 \/ Yle<\/p>\n<p>Silm\u00e4 seurasi, mit\u00e4 y\u00f6ss\u00e4 tapahtui<\/p>\n<p class=\"aw-1gybjub aw-1p7kakr ghpEtB jtovHP yle__article__paragraph\">Stefan Bremer valokuvasi \u00f6ist\u00e4 Helsinki\u00e4 ja sen nuoria vuosina 1978\u20131986, yhteens\u00e4 kahdeksan vuotta. Syntyi kuuluisa kuvasarja Helsinki by Night.<\/p>\n<p class=\"aw-1gybjub aw-1p7kakr ghpEtB jtovHP yle__article__paragraph\">H\u00e4n valokuvasi diinarit, punkkarit, gootit ja modit sek\u00e4 huutoon purkautuvan nuoren angstin.<\/p>\n<p class=\"aw-1gybjub aw-1p7kakr ghpEtB jtovHP yle__article__paragraph\">H\u00e4n sukkuloi kameransa kanssa b\u00e4ndien keikoilla, takahuoneissa sek\u00e4 klubeilla ja dokumentoi n\u00e4kem\u00e4\u00e4ns\u00e4.<\/p>\n<p class=\"aw-1gybjub aw-1p7kakr ghpEtB jtovHP yle__article__paragraph\">\u2013 Koko ajan silm\u00e4 oli mukana ja seurasi, mit\u00e4 tapahtuu, miss\u00e4 on hyv\u00e4 valo ja keness\u00e4 on karismaa.<\/p>\n<p>Ikoniset b\u00e4ndikuvat p\u00e4\u00e4tyiv\u00e4t vinyylien kansiin<\/p>\n<p class=\"aw-1gybjub aw-1p7kakr ghpEtB jtovHP yle__article__paragraph\">Monista ajan rock-t\u00e4hdist\u00e4 tuli h\u00e4nen pitk\u00e4aikaisia yst\u00e4vi\u00e4\u00e4n.<\/p>\n<p class=\"aw-1gybjub aw-1p7kakr ghpEtB jtovHP yle__article__paragraph\">\u2013 Jotkut olivat koppavia ja jotkut hyvin arkoja, mutta suurin osa todella mukavia tyyppej\u00e4. Ihmisi\u00e4 siin\u00e4 miss\u00e4 kuka tahansa.<\/p>\n<p class=\"aw-1gybjub aw-1p7kakr ghpEtB jtovHP yle__article__paragraph\">T\u00e4htien ymp\u00e4rill\u00e4 p\u00f6rr\u00e4siv\u00e4t ihailijat ja innokkaimmat rynt\u00e4iliv\u00e4t esiintymislavalle.<\/p>\n<p class=\"aw-1gybjub aw-1p7kakr ghpEtB jtovHP yle__article__paragraph\">\u2013 Ihme, ett\u00e4 nuoret artistit saivat kaalinsa pidetty\u00e4 kohtuullisessa balanssissa.<\/p>\n<p class=\"aw-1gybjub aw-1p7kakr ghpEtB jtovHP yle__article__paragraph\"><strong class=\"aw-ak79eh KyCXm yle__article__strong\">B\u00e4ndikuvista osa p\u00e4\u00e4tyi \u00e4\u00e4nilevyjen kansiin kuten n\u00e4m\u00e4 1980-luvun otokset:<\/strong><\/p>\n<p><img decoding=\"async\" alt=\"B\u00e4ndin laulaja ja kitaristi esiintymislavalla. Kuva &quot;ep\u00e4tarkka&quot;, kuvattavat liikkeess\u00e4.\" src=\"https:\/\/www.europesays.com\/fi\/wp-content\/uploads\/2025\/10\/39-153376468e382f1d04af.jpeg\" class=\"aw-1l9m598 hKVVvP\"\/><\/p>\n<p>Avaa kuvien katselu<\/p>\n<p><img decoding=\"async\" alt=\"Mies laulaa ja soittaa kitaraa lavalla, taustalla sek\u00e4 oikealla puolella n\u00e4kyy yhtyeen muita j\u00e4seni\u00e4 kitaroineen.\" src=\"https:\/\/www.europesays.com\/fi\/wp-content\/uploads\/2025\/10\/39-153376668e384a1c2ee1.jpeg\" class=\"aw-1l9m598 hKVVvP\"\/><\/p>\n<p>Avaa kuvien katselu<\/p>\n<p>Bremer kuvasi riipaisevan rakkauden kaipuun<\/p>\n<p class=\"aw-1gybjub aw-1p7kakr ghpEtB jtovHP yle__article__paragraph\">Pikkupoikana Stefan Bremer katseli vierest\u00e4, kun valokuvaajais\u00e4 <strong class=\"aw-ak79eh KyCXm yle__article__strong\">Caj Bremer<\/strong> kehitti filmej\u00e4 ja vedosti valokuvia kotiin tehdyss\u00e4 pimi\u00f6ss\u00e4.<\/p>\n<p class=\"aw-1gybjub aw-1p7kakr ghpEtB jtovHP yle__article__paragraph\">\u2013 Kuvat alkoivat tulla n\u00e4kyviin kehitysaltaiden liuotteissa. Miten maagista!<\/p>\n<p class=\"aw-1gybjub aw-1p7kakr ghpEtB jtovHP yle__article__paragraph\">Ensimm\u00e4iset valokuvansa h\u00e4n otti is\u00e4lt\u00e4\u00e4n lainaamalla kameralla. Is\u00e4lt\u00e4\u00e4n h\u00e4n my\u00f6s peri kiinnostuksen ihmisiin.<\/p>\n<p class=\"aw-1gybjub aw-1p7kakr ghpEtB jtovHP yle__article__paragraph\">\u2013 Ihmisen kasvot ovat ihminen pienoiskoossa. Kasvot ilment\u00e4v\u00e4t niin paljon erilaisia tunteita, ja siit\u00e4 sain motiivin kuvata heit\u00e4.<\/p>\n<blockquote class=\"aw-5b7r8f cbYKVf\">\n<p class=\"aw-1gybjub aw-c9wyj2 ghpEtB gvGRkS\">En halua kuvata ket\u00e4\u00e4n s\u00e4\u00e4litt\u00e4v\u00e4n\u00e4 ja surkeana. Kunnioitan ihmisi\u00e4.<\/p>\n<p class=\"aw-1gybjub aw-1pgj57y ghpEtB kqsCaW\">Stefan Bremer<\/p>\n<\/blockquote>\n<p class=\"aw-1gybjub aw-1p7kakr ghpEtB jtovHP yle__article__paragraph\">Stefan Bremer on yksi kuuluisimmista suomalaisista valokuvaajista ja valokuvataiteilijoista.<\/p>\n<p class=\"aw-1gybjub aw-1p7kakr ghpEtB jtovHP yle__article__paragraph\">\u2013 Minulla on ollut halu kommentoida maailmaa, jossa el\u00e4mme, ja siin\u00e4 valokuva on osoittautunut hyv\u00e4ksi v\u00e4lineeksi.<\/p>\n<p class=\"aw-1gybjub aw-1p7kakr ghpEtB jtovHP yle__article__paragraph\">Samalla ilmestyy my\u00f6s valokuvateos, johon h\u00e4nen lis\u00e4kseen tekstej\u00e4 kirjoittavat kirjailijat <strong class=\"aw-ak79eh KyCXm yle__article__strong\">Rosa Liksom<\/strong> ja <strong class=\"aw-ak79eh KyCXm yle__article__strong\">Kjell West\u00f6<\/strong>.<\/p>\n<p class=\"aw-1gybjub aw-1p7kakr ghpEtB jtovHP yle__article__paragraph\">Molemmissa on kuvia nuorista, jotka Bremer aikoinaan kohtasi Helsingin y\u00f6ss\u00e4.<\/p>\n<p class=\"aw-1gybjub aw-1p7kakr ghpEtB jtovHP yle__article__paragraph\">\u2013 Kun nyt katson niit\u00e4, n\u00e4en jotain riipaisevaa. Rakkauden kaipuu on niin suuri. Haluan valokuvillani sanoa, ett\u00e4 nuoruus on suloinen aika, mutta t\u00e4ynn\u00e4 kamppailua.<\/p>\n<p><img decoding=\"async\" alt=\"Henkil\u00f6 seisoo iltah\u00e4m\u00e4r\u00e4ss\u00e4 kadulla, jonka valaistus heijastuu m\u00e4r\u00e4st\u00e4 pinnasta. \" src=\"https:\/\/www.europesays.com\/fi\/wp-content\/uploads\/2025\/10\/39-153458368e50698abf2f.jpeg\" loading=\"lazy\" class=\"aw-1l9m598 hKVVvP\"\/><\/p>\n<p>Avaa kuvien katselu<\/p>\n<p>Nykyisin Stefan Bremer rakastaa kotikaupunkiaan Helsinki\u00e4. H\u00e4nest\u00e4 se on kaunis. Kuva: Antti Haanp\u00e4\u00e4 \/ Yle<\/p>\n<p class=\"aw-1gybjub aw-1p7kakr ghpEtB jtovHP yle__article__paragraph\">72-vuotias Bremer kantaa en\u00e4\u00e4 harvoin mukanaan painavaa kameraa, mutta k\u00e4nnykk\u00e4\u00e4 aina.<\/p>\n<p class=\"aw-1gybjub aw-1p7kakr ghpEtB jtovHP yle__article__paragraph\">Jos h\u00e4n n\u00e4kee kiinnostavan ihmisen, h\u00e4n pyyt\u00e4\u00e4 lupaa ottaa valokuvan. Usein ihmiset kielt\u00e4ytyv\u00e4t. Niin k\u00e4y siit\u00e4kin huolimatta, ett\u00e4 h\u00e4nell\u00e4 \u201don aina hyv\u00e4t aikeet\u201d.<\/p>\n<p class=\"aw-1gybjub aw-1p7kakr ghpEtB jtovHP yle__article__paragraph\">Bremer sanoo, ett\u00e4 sosiaalinen media on tuonut mukanaan pelon: koskaan ei voi olla t\u00e4ysin varma, minne itsest\u00e4 otetut kuvat lopulta p\u00e4\u00e4tyv\u00e4t.<\/p>\n<p class=\"aw-1gybjub aw-1p7kakr ghpEtB jtovHP yle__article__paragraph\">Kaikki ottavat k\u00e4nnykk\u00e4kuvia ja kuvien m\u00e4\u00e4r\u00e4 on valtava, toisin kuin viel\u00e4 1970-luvulla.<\/p>\n<p class=\"aw-1gybjub aw-1p7kakr ghpEtB jtovHP yle__article__paragraph\">\u2013 Odotan, ett\u00e4 tulee vastareaktio ja nuoret kyll\u00e4styv\u00e4t olemaan kuplansa sis\u00e4ll\u00e4 \u2013 huomio vaihtuu sosiaalisesta mediasta sosiaaliseen el\u00e4m\u00e4\u00e4n.<\/p>\n<p><img decoding=\"async\" alt=\"Henkil\u00f6, jolla on leve\u00e4lierinen hattu ja huivi kaulassaan.\" src=\"https:\/\/www.europesays.com\/fi\/wp-content\/uploads\/2025\/10\/39-153458568e50699be069.jpeg\" loading=\"lazy\" class=\"aw-1l9m598 hKVVvP\"\/><\/p>\n<p>Avaa kuvien katselu<\/p>\n<p>Stefan Bremer toivoo, ett\u00e4 nuorten tulevaisuudenn\u00e4kym\u00e4 olisi nykyist\u00e4 valoisampi. Kuva: Antti Haanp\u00e4\u00e4 \/ Yle<\/p>\n<p>Yksisilm\u00e4inen voi n\u00e4hd\u00e4<\/p>\n<p class=\"aw-1gybjub aw-1p7kakr ghpEtB jtovHP yle__article__paragraph\">Stefan Bremer toteaa, ett\u00e4 jos yhdest\u00e4 aistista olisi pakko luopua, yksik\u00e4\u00e4n valokuvaaja ei luopuisi n\u00e4k\u00f6aistista.<\/p>\n<p class=\"aw-1gybjub aw-1p7kakr ghpEtB jtovHP yle__article__paragraph\">Sen j\u00e4lkeen kun silm\u00e4 vaurioitui, h\u00e4n siirsi kameran kasvojensa toiselle puolelle ja opetteli luottamaan oikeaan silm\u00e4\u00e4ns\u00e4. Siit\u00e4 tuli uusi \u201dkuvaussilm\u00e4\u201d.<\/p>\n<p class=\"aw-1gybjub aw-1p7kakr ghpEtB jtovHP yle__article__paragraph\">Jos haluaa valokuvata ihmist\u00e4, h\u00e4net pit\u00e4\u00e4 n\u00e4hd\u00e4. Ihmisell\u00e4 voi olla kaksi tervett\u00e4 silm\u00e4\u00e4, eik\u00e4 h\u00e4n silti n\u00e4e.<\/p>\n<p class=\"aw-1gybjub aw-1p7kakr ghpEtB jtovHP yle__article__paragraph\">\u2013 Olen onnellinen, ett\u00e4 minulla on yksi silm\u00e4, ja n\u00e4en.<\/p>\n<p>Stefan Bremer<\/p>\n<p class=\"aw-1gybjub aw-1p7kakr ghpEtB jtovHP yle__article__paragraph\">Valokuvaaja ja valokuvataiteilija, syntynyt 19.6.1953 Helsingiss\u00e4.<\/p>\n<p class=\"aw-1gybjub aw-1p7kakr ghpEtB jtovHP yle__article__paragraph\">Ty\u00f6skennellyt useissa lehdiss\u00e4 valokuvaajana sek\u00e4 kuvannut teattereille.<\/p>\n<p class=\"aw-1gybjub aw-1p7kakr ghpEtB jtovHP yle__article__paragraph\">Toiminut opettajana mm. Taideteollisessa korkeakoulussa.<\/p>\n<p class=\"aw-1gybjub aw-1p7kakr ghpEtB jtovHP yle__article__paragraph\">Useita n\u00e4yttelyit\u00e4 ja valokuvateoksia.<\/p>\n<p class=\"aw-1gybjub aw-1p7kakr ghpEtB jtovHP yle__article__paragraph\">Tunnetaan nuorisokulttuurin, Helsingin y\u00f6el\u00e4m\u00e4n ja rockmuusikkojen kuvaajana.<\/p>\n<p class=\"aw-1gybjub aw-1p7kakr ghpEtB jtovHP yle__article__paragraph\">Saanut Taiteen valtionpalkinnon (1988), taiteilijaprofessroin arvon (1999) ja Helsingin kulttuuripalkinnon (2011).<\/p>\n<p class=\"aw-1gybjub aw-1p7kakr ghpEtB jtovHP yle__article__paragraph\">Stefan Bremer &#8211; Helsinki by Night Hakasalmen huvilassa Helsingiss\u00e4 24.10.\u201330.8.2026.<\/p>\n","protected":false},"excerpt":{"rendered":"Stefan Bremer her\u00e4si keskell\u00e4 y\u00f6t\u00e4 ja tajusi, ettei h\u00e4n n\u00e4hnyt toisella silm\u00e4ll\u00e4 mit\u00e4\u00e4n: vasen, h\u00e4nen kuvaussilm\u00e4ns\u00e4. Sokea kuin&hellip;\n","protected":false},"author":2,"featured_media":59734,"comment_status":"","ping_status":"","sticky":false,"template":"","format":"standard","meta":{"footnotes":""},"categories":[135],"tags":[389,387,388,390,137,33,31,30,104,108,1113,13981,814,9601,10569,32,394,393,391,392,11399,7985,6448,8747,109],"class_list":{"0":"post-59733","1":"post","2":"type-post","3":"status-publish","4":"format-standard","5":"has-post-thumbnail","7":"category-taiteet-ja-suunnittelu","8":"tag-arts","9":"tag-arts-and-design","10":"tag-artsanddesign","11":"tag-design","12":"tag-entertainment","13":"tag-fi","14":"tag-finland","15":"tag-finnish","16":"tag-helsinki","17":"tag-kulttuuri","18":"tag-kulttuurivieras","19":"tag-nakeminen-havainnointi-ja-aistiminen","20":"tag-nuoret","21":"tag-silmat","22":"tag-stefan-bremer","23":"tag-suomi","24":"tag-suunnittelu","25":"tag-taiteet","26":"tag-taiteet-ja-suunnittelu","27":"tag-taiteetsuunnittelu","28":"tag-valokuvaajat","29":"tag-valokuvanayttelyt","30":"tag-valokuvat","31":"tag-valokuvataide","32":"tag-viihde"},"share_on_mastodon":{"url":"","error":""},"_links":{"self":[{"href":"https:\/\/www.europesays.com\/fi\/wp-json\/wp\/v2\/posts\/59733","targetHints":{"allow":["GET"]}}],"collection":[{"href":"https:\/\/www.europesays.com\/fi\/wp-json\/wp\/v2\/posts"}],"about":[{"href":"https:\/\/www.europesays.com\/fi\/wp-json\/wp\/v2\/types\/post"}],"author":[{"embeddable":true,"href":"https:\/\/www.europesays.com\/fi\/wp-json\/wp\/v2\/users\/2"}],"replies":[{"embeddable":true,"href":"https:\/\/www.europesays.com\/fi\/wp-json\/wp\/v2\/comments?post=59733"}],"version-history":[{"count":0,"href":"https:\/\/www.europesays.com\/fi\/wp-json\/wp\/v2\/posts\/59733\/revisions"}],"wp:featuredmedia":[{"embeddable":true,"href":"https:\/\/www.europesays.com\/fi\/wp-json\/wp\/v2\/media\/59734"}],"wp:attachment":[{"href":"https:\/\/www.europesays.com\/fi\/wp-json\/wp\/v2\/media?parent=59733"}],"wp:term":[{"taxonomy":"category","embeddable":true,"href":"https:\/\/www.europesays.com\/fi\/wp-json\/wp\/v2\/categories?post=59733"},{"taxonomy":"post_tag","embeddable":true,"href":"https:\/\/www.europesays.com\/fi\/wp-json\/wp\/v2\/tags?post=59733"}],"curies":[{"name":"wp","href":"https:\/\/api.w.org\/{rel}","templated":true}]}}