{"id":59764,"date":"2025-10-12T07:55:08","date_gmt":"2025-10-12T07:55:08","guid":{"rendered":"https:\/\/www.europesays.com\/fi\/59764\/"},"modified":"2025-10-12T07:55:08","modified_gmt":"2025-10-12T07:55:08","slug":"video-julki-aseistautuneista-miehista-viron-rajalla-eivat-todellakaan-olleet-rajavartijoita","status":"publish","type":"post","link":"https:\/\/www.europesays.com\/fi\/59764\/","title":{"rendered":"Video julki aseistautuneista miehist\u00e4 Viron rajalla \u2013 \u201dEiv\u00e4t todellakaan olleet rajavartijoita\u201d"},"content":{"rendered":"<p>Viron rajavartioston p\u00e4\u00e4llik\u00f6n mukaan Viron rajan l\u00e4heisyydess\u00e4 k\u00e4yskennelleet miehet eiv\u00e4t olleet rajavartioita.<\/p>\n<p><img decoding=\"async\" class=\"image image-show image-preview\" src=\"https:\/\/www.europesays.com\/fi\/wp-content\/uploads\/2025\/10\/905a6974768e16ba1bf01253fe1b8b575516bfccd333e464fbd690ac0be96e49.png\" alt=\"\"\/><img decoding=\"async\" class=\"image image-show\" src=\"https:\/\/www.europesays.com\/fi\/wp-content\/uploads\/2025\/10\/1760255708_669_905a6974768e16ba1bf01253fe1b8b575516bfccd333e464fbd690ac0be96e49.png\" alt=\"\"\/><\/p>\n<p>Viron polisii- ja rajavartiolaitoksen julkaisemalla videolla n\u00e4kyy, miten aseistautuneet miehet k\u00e4yskentelev\u00e4t tieosuudella. Viron poliisi- ja rajavartiolaitos<\/p>\n<p class=\"paragraph\">Viron poliisi- ja tullilaitos (PPA) on julkistanut videon perjantai-iltana maassa selkkauksen aiheuttaneesta ven\u00e4l\u00e4isyksik\u00f6st\u00e4, <a href=\"https:\/\/www.delfi.ee\/artikkel\/120409672\/video-seitse-relvastatud-venemaa-uksuslast-seisid-eesti-vene-piiril-saatse-saapas-tee-peal\" target=\"_blank\" rel=\"noopener nofollow\">kertovat<\/a> videon julkaisseet virolaismediat <a href=\"https:\/\/www.delfi.ee\/artikkel\/120409672\/video-seitse-relvastatud-venemaa-uksuslast-seisid-eesti-vene-piiril-saatse-saapas-tee-peal\" target=\"_blank\" rel=\"noopener nofollow\">Delfi<\/a> ja <a href=\"https:\/\/lounapostimees.postimees.ee\/8340855\/video-venemaa-relvastatud-uksus-ilmus-saatse-saabast-labivale-teele\" target=\"_blank\" rel=\"noopener nofollow\">Postimees<\/a>.<\/p>\n<p class=\"paragraph\">Viron kaakkoisosassa sijaitseva tie jouduttiin sulkemaan sen j\u00e4lkeen, kun PPA oli saanut havainnon alueella Ven\u00e4j\u00e4n puolella liikkuneesta tavallista suuremmasta ven\u00e4l\u00e4isyksik\u00f6st\u00e4.<\/p>\n<p class=\"paragraph\">Suljettu V\u00e4rska\u2013Ulitina-tie kulkee kahdessa kohdassa Ven\u00e4j\u00e4n puolella rajaa. Nyt julkaistu video on kuvattu toisesta n\u00e4ist\u00e4 kohdista. Aluetta kutsutaan nimell\u00e4 Saatsen saapas.<\/p>\n<p>V\u00e4rska\u2013Ulitina-tie kulkee kahdessa kohtaa Ven\u00e4j\u00e4n puolella rajaa. Openstreetmap\/IL-grafiikka<\/p>\n<p class=\"paragraph\">Videolla n\u00e4kyy, miten seitsem\u00e4n kiv\u00e4\u00e4rein aseistautunutta ja maastopukuihin pukeutunutta miest\u00e4 seisoskelee tiell\u00e4.<\/p>\n<p class=\"paragraph\">Viron etel\u00e4isen alueen rajavartioston p\u00e4\u00e4llikk\u00f6 <strong>Meelis Saarepuu<\/strong> <a href=\"https:\/\/www.err.ee\/1609827117\/piirivalve-juht-saatse-saapa-juures-liikusid-relvastatud-grupid\" target=\"_blank\" rel=\"noopener nofollow\">kertoi<\/a> Viron yleisradioyhti\u00f6 ERR:lle joukon liikkuneen aluksi tiet\u00e4 pitkin, mutta jossain vaiheessa asettuneen riviin kohtisuoraan tiet\u00e4 vasten.<\/p>\n<p class=\"paragraph\">\u2013 Meille t\u00e4m\u00e4 oli selv\u00e4 uhkatilanne.<\/p>\n<p class=\"paragraph\">Saarepuun mukaan Ven\u00e4j\u00e4 ei ole paljastanut Viron viranomaisille, mik\u00e4 yksikk\u00f6 oli kyseess\u00e4.<\/p>\n<p class=\"paragraph\">\u2013 Heid\u00e4n univormuistaan p\u00e4\u00e4tellen he eiv\u00e4t todellakaan olleet rajavartijoita, Saarepuu kertoo.<\/p>\n<p class=\"paragraph\">Saarepuu kertoo Delfille tieosuuden pysyv\u00e4n suljettuna viikonlopun yli ja muistuttaa alueen vaarallisuudesta.<\/p>\n<p class=\"paragraph\">\u2013 T\u00e4m\u00e4 on Ven\u00e4j\u00e4n federaation aluetta ja viranomaisten k\u00e4ytt\u00e4ytyminen siell\u00e4 on arvaamatonta.<\/p>\n<p class=\"paragraph\">Tavallisesti noin 800 metrin tieosuuden l\u00e4pi ajaminen on sallittua, kunhan autoilijat eiv\u00e4t pys\u00e4hdy Ven\u00e4j\u00e4lle kuuluvan alueen l\u00e4heisyydess\u00e4.<\/p>\n<p class=\"paragraph\">Saarepuun mukaan on kuitenkin yleist\u00e4, ett\u00e4 ihmiset eiv\u00e4t noudata kieltoa ja pys\u00e4htyv\u00e4t alueelle esimerkiksi valokuvien ottamista varten. Riskin\u00e4 on h\u00e4nen mukaansa jopa vankeus Ven\u00e4j\u00e4ll\u00e4.<\/p>\n<p class=\"paragraph\">\u2013 Jos Ven\u00e4j\u00e4n viranomaiset pid\u00e4tt\u00e4v\u00e4t jonkun tiell\u00e4, rajavartijamme eiv\u00e4t voi tulla heid\u00e4n avukseen.<\/p>\n<p class=\"paragraph\">Viron viranomaiset arvioivat tilannetta ja tien avaamisen mahdollisuutta ensi viikolla.<\/p>\n","protected":false},"excerpt":{"rendered":"Viron rajavartioston p\u00e4\u00e4llik\u00f6n mukaan Viron rajan l\u00e4heisyydess\u00e4 k\u00e4yskennelleet miehet eiv\u00e4t olleet rajavartioita. Viron polisii- ja rajavartiolaitoksen julkaisemalla videolla&hellip;\n","protected":false},"author":2,"featured_media":59765,"comment_status":"","ping_status":"","sticky":false,"template":"","format":"standard","meta":{"footnotes":""},"categories":[5],"tags":[35,22,23,26,27,33,31,30,17,53,24,25,28,29,15,18,21,52,4281,878,32,19,20,4280,16],"class_list":{"0":"post-59764","1":"post","2":"type-post","3":"status-publish","4":"format-standard","5":"has-post-thumbnail","7":"category-otsikot","8":"tag-24h","9":"tag-breaking-news","10":"tag-breakingnews","11":"tag-featured-news","12":"tag-featurednews","13":"tag-fi","14":"tag-finland","15":"tag-finnish","16":"tag-headlines","17":"tag-laki-oikeus-ja-rikos","18":"tag-latest-news","19":"tag-latestnews","20":"tag-main-news","21":"tag-mainnews","22":"tag-news","23":"tag-otsikot","24":"tag-paauutiset","25":"tag-poliisi","26":"tag-poliisitoimi-ja-rajojen-vartiointi","27":"tag-puolustus-ja-rajavalvonta-maanpuolustus","28":"tag-suomi","29":"tag-top-stories","30":"tag-topstories","31":"tag-ulkoasiain-hallinto-maanpuolustus-ja-jarjestystoimi","32":"tag-uutiset"},"share_on_mastodon":{"url":"","error":""},"_links":{"self":[{"href":"https:\/\/www.europesays.com\/fi\/wp-json\/wp\/v2\/posts\/59764","targetHints":{"allow":["GET"]}}],"collection":[{"href":"https:\/\/www.europesays.com\/fi\/wp-json\/wp\/v2\/posts"}],"about":[{"href":"https:\/\/www.europesays.com\/fi\/wp-json\/wp\/v2\/types\/post"}],"author":[{"embeddable":true,"href":"https:\/\/www.europesays.com\/fi\/wp-json\/wp\/v2\/users\/2"}],"replies":[{"embeddable":true,"href":"https:\/\/www.europesays.com\/fi\/wp-json\/wp\/v2\/comments?post=59764"}],"version-history":[{"count":0,"href":"https:\/\/www.europesays.com\/fi\/wp-json\/wp\/v2\/posts\/59764\/revisions"}],"wp:featuredmedia":[{"embeddable":true,"href":"https:\/\/www.europesays.com\/fi\/wp-json\/wp\/v2\/media\/59765"}],"wp:attachment":[{"href":"https:\/\/www.europesays.com\/fi\/wp-json\/wp\/v2\/media?parent=59764"}],"wp:term":[{"taxonomy":"category","embeddable":true,"href":"https:\/\/www.europesays.com\/fi\/wp-json\/wp\/v2\/categories?post=59764"},{"taxonomy":"post_tag","embeddable":true,"href":"https:\/\/www.europesays.com\/fi\/wp-json\/wp\/v2\/tags?post=59764"}],"curies":[{"name":"wp","href":"https:\/\/api.w.org\/{rel}","templated":true}]}}