{"id":59782,"date":"2025-10-12T08:20:09","date_gmt":"2025-10-12T08:20:09","guid":{"rendered":"https:\/\/www.europesays.com\/fi\/59782\/"},"modified":"2025-10-12T08:20:09","modified_gmt":"2025-10-12T08:20:09","slug":"hamara-kouvolalaistalo-oli-vuosia-rakennusvalvonnan-syynissa-sitten-paljastui-valtava-asekatko-kymenlaakso","status":"publish","type":"post","link":"https:\/\/www.europesays.com\/fi\/59782\/","title":{"rendered":"H\u00e4m\u00e4r\u00e4 kouvolalaistalo oli vuosia rakennusvalvonnan syyniss\u00e4 \u2013 sitten paljastui valtava asek\u00e4tk\u00f6 | Kymenlaakso"},"content":{"rendered":"<p class=\"aw-1gybjub aw-5vja16 ghpEtB kjanFo yle__article__paragraph\">Voikkaan r\u00e4j\u00e4hdetalona tunnetun kiinteist\u00f6n omistaja onnistui v\u00e4ltt\u00e4m\u00e4\u00e4n palotarkastuksen siirt\u00e4m\u00e4ll\u00e4 osoitteensa. Palotarkastajan mukaan tulipalo olisi tehnyt pahaa j\u00e4lke\u00e4.<\/p>\n<p><img decoding=\"async\" alt=\"Kaakkois-Suomen poliisiin ja ja Puolustusvoimien operaatio ampuma-aseisiin ja r\u00e4j\u00e4hteisiin liittyen Voikkaalla Kouvolassa.  \" src=\"https:\/\/www.europesays.com\/fi\/wp-content\/uploads\/2025\/10\/39-151729668b95a1ae6f93.jpeg\" class=\"aw-1l9m598 hKVVvP\"\/><\/p>\n<p>Avaa kuvien katselu<\/p>\n<p>Poliisi ja puolustusvoimat l\u00f6ysiv\u00e4t Kouvolan Voikkaalla sijaitsevasta huonokuntoisesta asuintalosta runsaasti r\u00e4j\u00e4hteit\u00e4 elo-syyskuussa t\u00e4n\u00e4 vuonna. Kuva: Antro Valo \/ Yle<\/p>\n<p class=\"aw-1gybjub aw-1p7kakr ghpEtB jtovHP yle__article__paragraph\">Kouvolan laajan r\u00e4j\u00e4hde- ja asetutkinnan keski\u00f6ss\u00e4 oleva Voikkaan kiinteist\u00f6 kiinnitti viranomaisten mielenkiinnon jo vuosia sitten.<\/p>\n<p class=\"aw-1gybjub aw-1p7kakr ghpEtB jtovHP yle__article__paragraph\">Ensimm\u00e4isen kerran kaupunki tarkasti kiinteist\u00f6n nelj\u00e4 vuotta sitten. Sen j\u00e4lkeen kaupunki ja pelastuslaitos ovat k\u00e4yneet kiinteist\u00f6ll\u00e4 useasti.<\/p>\n<p class=\"aw-1gybjub aw-1p7kakr ghpEtB jtovHP yle__article__paragraph\">Liki 100 asetta ja satoja kiloja sotilask\u00e4ytt\u00f6\u00f6n tarkoitettuja r\u00e4j\u00e4hteit\u00e4 l\u00f6ytyi kuitenkin vasta runsas kuukausi sitten syksyn suuressa <a class=\"aw-iao6s4 iHOxEa yle__article__link\" href=\"https:\/\/yle.fi\/a\/74-20184997\" role=\"link\" rel=\"nofollow noopener\" target=\"_blank\">viranomaisoperaatiossa<\/a>. Sen seurauksena poliisi ep\u00e4ilee talon omistajaa ase- ja r\u00e4j\u00e4hderikoksista sek\u00e4 vaaran aiheuttamisesta.<\/p>\n<p class=\"aw-1gybjub aw-1p7kakr ghpEtB jtovHP yle__article__paragraph\"><strong class=\"aw-ak79eh KyCXm yle__article__strong\">T\u00e4lt\u00e4 n\u00e4ytti poliisin ja Puolustusvoimien tyhjennys- ja raivausoperaatio Voikkaalla syyskuun alussa 2025:<\/strong><\/p>\n<p>Video: Antro Valo \/ Yle.<\/p>\n<p class=\"aw-1gybjub aw-1p7kakr ghpEtB jtovHP yle__article__paragraph\">Kaupunki teki ensimm\u00e4isen tarkastuksen kiinteist\u00f6n pihaan kuitenkin jo paljon tiedetty\u00e4 aiemmin, marraskuussa 2021. Rakennusvalvonta oli saanut useita ilmoituksia talon ja sen pihapiirin ep\u00e4siisteydest\u00e4.<\/p>\n<p class=\"aw-1gybjub aw-1p7kakr ghpEtB jtovHP yle__article__paragraph\">Pihalla lojuvien autonromujen ja vanhojen kodinkoneiden seassa vilisi ilmoitusten mukaan rottia. Aseista tai r\u00e4j\u00e4hteist\u00e4 ei kaupungilla ollut tuolloin mit\u00e4\u00e4n tietoa.<\/p>\n<p class=\"aw-1gybjub aw-1p7kakr ghpEtB jtovHP yle__article__paragraph\">\u2013 Ulkoap\u00e4in ei pystynyt havaitsemaan, ett\u00e4 siell\u00e4 saattaisi sellaista olla. Jos olisi tiedetty, emme olisi siell\u00e4 k\u00e4yneetk\u00e4\u00e4n, vaan olisimme ilmoittaneet heti poliisille, kertoo tarkastukset suorittanut valvontainsin\u00f6\u00f6ri <strong class=\"aw-ak79eh KyCXm yle__article__strong\">Tiina Raudaskoski<\/strong>.<\/p>\n<p>Talo muuttuu yht\u00e4kki\u00e4 asumattomaksi<\/p>\n<p class=\"aw-1gybjub aw-1p7kakr ghpEtB jtovHP yle__article__paragraph\">Kouvolan kaupungin rakennusvalvonta on tehnyt tarkastuksia r\u00e4j\u00e4hdetaloon vuodesta 2021 l\u00e4htien yhteens\u00e4 nelj\u00e4 kertaa, viimeksi t\u00e4m\u00e4n vuoden hein\u00e4kuussa.<\/p>\n<p class=\"aw-1gybjub aw-1p7kakr ghpEtB jtovHP yle__article__paragraph\">Marraskuussa 2024 tarkastaja huomasi, ett\u00e4 talon parveke oli sortunut, eteistilan sis\u00e4katto romahtanut ja ikkunoita rikkoutunut. Talon ulkopuolella oli edelleen j\u00e4tett\u00e4 ja sekalaista irtotavaraa, jota oli s\u00e4il\u00f6tty my\u00f6s pihalla seisoviin autoihin.<\/p>\n<p><img decoding=\"async\" alt=\"Kaakkois-Suomen poliisiin ja ja Puolustusvoimien operaatio ampuma-aseisiin ja r\u00e4j\u00e4hteisiin liittyen Voikkaalla Kouvolassa.  \" src=\"https:\/\/www.europesays.com\/fi\/wp-content\/uploads\/2025\/10\/39-151729368b95a183a72a.jpeg\" loading=\"lazy\" class=\"aw-1l9m598 hKVVvP\"\/><\/p>\n<p>Avaa kuvien katselu<\/p>\n<p>Poliisi tutki voikkaalaistaloa ja sen pusikoitunutta ymp\u00e4rist\u00f6\u00e4 syyskuun alussa 2025. Kuva: Antro Valo \/ Yle<\/p>\n<p class=\"aw-1gybjub aw-1p7kakr ghpEtB jtovHP yle__article__paragraph\">Tiina Raudaskosken mukaan oli aihetta olettaa, ett\u00e4 talon sis\u00e4puolellakaan ei ole kaikki kunnossa. T\u00e4m\u00e4n vuoksi kaupunki ilmoitti Kymenlaakson pelastuslaistokselle, ett\u00e4 taloon pit\u00e4isi tehd\u00e4 ylim\u00e4\u00e4r\u00e4inen palotarkastus.<\/p>\n<p class=\"aw-1gybjub aw-1p7kakr ghpEtB jtovHP yle__article__paragraph\">Kymenlaakson pelastuslaitos aikoi tehd\u00e4 tarkastuksen helmikuussa 2025, mutta se viiv\u00e4styi, kun omistaja toivoi tarkastuksen siirtoa maaliskuun lopulle. Pelastuslaitos my\u00f6ntyi toiveeseen.<\/p>\n<p class=\"aw-1gybjub aw-1p7kakr ghpEtB jtovHP yle__article__paragraph\">Muutamaa p\u00e4iv\u00e4\u00e4 ennen sovittua uutta tarkastusp\u00e4iv\u00e4\u00e4 talon omistaja kuitenkin soitti palotarkastaja <strong class=\"aw-ak79eh KyCXm yle__article__strong\">Atte Aarniolle<\/strong> ja kertoi muuttaneensa talosta pois.<\/p>\n<p class=\"aw-1gybjub aw-1p7kakr ghpEtB jtovHP yle__article__paragraph\">\u2013 Voikkaan talo oli k\u00e4yt\u00e4nn\u00f6ss\u00e4 muuttunut asumattomaksi, joten palotarkastukselle ei ollut en\u00e4\u00e4 tarvetta. Homma v\u00e4h\u00e4n l\u00e4ss\u00e4hti, palotarkastaja Aarnio kertoo.<\/p>\n<p><img decoding=\"async\" alt=\"Kouvolan kartta, johon on merkitty Voikkaan ja Korian kaupunginosat.\" src=\"https:\/\/www.europesays.com\/fi\/wp-content\/uploads\/2025\/10\/39-151756868b98d46742db.jpeg\" loading=\"lazy\" class=\"aw-1l9m598 hKVVvP\"\/><\/p>\n<p>Avaa kuvien katselu<\/p>\n<p>Voikkaan ja Korian niin sanotut r\u00e4j\u00e4hdetalot ovat ty\u00f6llist\u00e4neet t\u00e4n\u00e4 vuonna virnaomaisia Kouvolassa. Talojen omistajilla on yhteinen osoite kaupungin keskustassa.  Kuva: Leena Luotio \/ Yle<\/p>\n<p class=\"aw-1gybjub aw-1p7kakr ghpEtB jtovHP yle__article__paragraph\">Miehen uusi asuinosoite sijaitsi Kouvolan keskustassa. Samassa asunnossa oli kirjoilla miehen pitk\u00e4aikainen tuttava, Puolustusvoimilla aiemmin ty\u00f6skennellyt <a class=\"aw-iao6s4 iHOxEa yle__article__link\" href=\"https:\/\/yle.fi\/a\/74-20185744\" role=\"link\" rel=\"nofollow noopener\" target=\"_blank\">asesepp\u00e4<\/a>. H\u00e4net on vuosia sitten tuomittu Suomen suurimmassa <a class=\"aw-iao6s4 iHOxEa yle__article__link\" href=\"https:\/\/yle.fi\/a\/3-10340601\" role=\"link\" rel=\"nofollow noopener\" target=\"_blank\">asetakavarikkojutussa<\/a>.<\/p>\n<p class=\"aw-1gybjub aw-1p7kakr ghpEtB jtovHP yle__article__paragraph\">Syksyn suuroperaatiossa viranomaiset tekiv\u00e4t etsinn\u00e4n my\u00f6s asesep\u00e4n omistamalle kiinteist\u00f6lle Kouvolan Korialla. Asesepp\u00e4\u00e4 poliisi ep\u00e4ilee t\u00f6rke\u00e4st\u00e4 varkaudesta ja ampuma-aserikoksesta.<\/p>\n<p class=\"aw-1gybjub aw-1p7kakr ghpEtB jtovHP yle__article__paragraph\">Rikostutkinta on edelleen kesken.<\/p>\n<p>Kaupunki m\u00e4\u00e4r\u00e4si uhkasakon<\/p>\n<p class=\"aw-1gybjub aw-1p7kakr ghpEtB jtovHP yle__article__paragraph\">Kouvolan rakennusvalvonnan tarkastusmuistioiden mukaan Voikkaan kiinteist\u00f6n omistaja on vuosien ajan antanut lupauksia kiinteist\u00f6n siistimisest\u00e4. H\u00e4n on luvannut siirt\u00e4\u00e4 tavaroita pihavarastoon ja kaavaillut julkisivuremonttia. H\u00e4n on kertonut my\u00f6s harkinneensa talon myynti\u00e4.<\/p>\n<p class=\"aw-1gybjub aw-1p7kakr ghpEtB jtovHP yle__article__paragraph\">Talon omistaja on ollut mukana kaupungin tekemill\u00e4 tarkastusk\u00e4ynneill\u00e4. Valvontainsin\u00f6\u00f6ri Tiina Raudaskosken mukaan talon omistaja ei vastustanut kaupungin tarkastuksia mitenk\u00e4\u00e4n.<\/p>\n<p class=\"aw-1gybjub aw-1p7kakr ghpEtB jtovHP yle__article__paragraph\">Mit\u00e4\u00e4n edistyst\u00e4 pihan siisteydess\u00e4 tai asuinrakennuksen kunnossa ei kuitenkaan vuosien 2021\u20132025 aikana tapahtunut.<\/p>\n<p><img decoding=\"async\" alt=\"Viranomainen heitt\u00e4m\u00e4ss\u00e4 j\u00e4tes\u00e4kki\u00e4 ulos ikkunasta Kouvolan Voikkaalla.\" src=\"https:\/\/www.europesays.com\/fi\/wp-content\/uploads\/2025\/09\/39-151796868babb3cf23af.jpeg\" loading=\"lazy\" class=\"aw-1l9m598 hKVVvP\"\/><\/p>\n<p>Avaa kuvien katselu<\/p>\n<p>T\u00e4m\u00e4n talon omistaja sai Kouvolan kaupungilta uhkasakon pihan siistimiseksi ja talon kunnostamiseksi. Arkistokuva poliisin tyhjennysoperaatiosta syyskuussa 2025. Kuva: Antro Valo \/ Yle<\/p>\n<p class=\"aw-1gybjub aw-1p7kakr ghpEtB jtovHP yle__article__paragraph\">Palotarkastaja Atte Aarnio arvelee yleisell\u00e4 tasolla, ett\u00e4 taloon s\u00e4il\u00f6tyt aseet ja r\u00e4j\u00e4hteet olisivat tulipalon syttyess\u00e4 voineet aiheuttaa pahaa j\u00e4lke\u00e4. H\u00e4n korostaa, ett\u00e4 ei omin silmin n\u00e4hnyt mit\u00e4 ja miten taloon oli varastoitu, koska palotarkastusta ei p\u00e4\u00e4sty tekem\u00e4\u00e4n.<\/p>\n<p class=\"aw-1gybjub aw-1p7kakr ghpEtB jtovHP yle__article__paragraph\">\u2013 Jos noin huonokuntoinen talo palaisi ja siell\u00e4 olisi tuollaista tavaraa varastoituna, niin varmasti paukkuisi voimakkaasti.<\/p>\n<p class=\"aw-1gybjub aw-1p7kakr ghpEtB jtovHP yle__article__paragraph\">Nyt Kouvolan kaupunki on m\u00e4\u00e4r\u00e4nnyt useiden noudattamatta j\u00e4tettyjen siistimis- ja korjauskehotusten j\u00e4lkeen yhteens\u00e4 6 000 euron uhkasakon talon omistajalle.<\/p>\n<p class=\"aw-1gybjub aw-1p7kakr ghpEtB jtovHP yle__article__paragraph\">Sakko tulee maksettavaksi, jos omistaja ei edelleenk\u00e4\u00e4n noudata kaupungin rakennusvalvonnan ohjeita pihan siistimisest\u00e4 ja rakennuksen korjauksista.<\/p>\n","protected":false},"excerpt":{"rendered":"Voikkaan r\u00e4j\u00e4hdetalona tunnetun kiinteist\u00f6n omistaja onnistui v\u00e4ltt\u00e4m\u00e4\u00e4n palotarkastuksen siirt\u00e4m\u00e4ll\u00e4 osoitteensa. Palotarkastajan mukaan tulipalo olisi tehnyt pahaa j\u00e4lke\u00e4. Avaa&hellip;\n","protected":false},"author":2,"featured_media":59783,"comment_status":"","ping_status":"","sticky":false,"template":"","format":"standard","meta":{"footnotes":""},"categories":[12],"tags":[820,22,23,26,27,33,31,30,17,71,737,464,24,25,28,29,15,18,21,857,10755,5329,1263,32,19,20,16,8113],"class_list":{"0":"post-59782","1":"post","2":"type-post","3":"status-publish","4":"format-standard","5":"has-post-thumbnail","7":"category-suomi","8":"tag-aseet","9":"tag-breaking-news","10":"tag-breakingnews","11":"tag-featured-news","12":"tag-featurednews","13":"tag-fi","14":"tag-finland","15":"tag-finnish","16":"tag-headlines","17":"tag-kotimaa","18":"tag-kouvola","19":"tag-kymenlaakso","20":"tag-latest-news","21":"tag-latestnews","22":"tag-main-news","23":"tag-mainnews","24":"tag-news","25":"tag-otsikot","26":"tag-paauutiset","27":"tag-pelastustoiminta","28":"tag-rajahderikos","29":"tag-rakennusvalvonta","30":"tag-rikosepailyt","31":"tag-suomi","32":"tag-top-stories","33":"tag-topstories","34":"tag-uutiset","35":"tag-voikkaa"},"share_on_mastodon":{"url":"","error":""},"_links":{"self":[{"href":"https:\/\/www.europesays.com\/fi\/wp-json\/wp\/v2\/posts\/59782","targetHints":{"allow":["GET"]}}],"collection":[{"href":"https:\/\/www.europesays.com\/fi\/wp-json\/wp\/v2\/posts"}],"about":[{"href":"https:\/\/www.europesays.com\/fi\/wp-json\/wp\/v2\/types\/post"}],"author":[{"embeddable":true,"href":"https:\/\/www.europesays.com\/fi\/wp-json\/wp\/v2\/users\/2"}],"replies":[{"embeddable":true,"href":"https:\/\/www.europesays.com\/fi\/wp-json\/wp\/v2\/comments?post=59782"}],"version-history":[{"count":0,"href":"https:\/\/www.europesays.com\/fi\/wp-json\/wp\/v2\/posts\/59782\/revisions"}],"wp:featuredmedia":[{"embeddable":true,"href":"https:\/\/www.europesays.com\/fi\/wp-json\/wp\/v2\/media\/59783"}],"wp:attachment":[{"href":"https:\/\/www.europesays.com\/fi\/wp-json\/wp\/v2\/media?parent=59782"}],"wp:term":[{"taxonomy":"category","embeddable":true,"href":"https:\/\/www.europesays.com\/fi\/wp-json\/wp\/v2\/categories?post=59782"},{"taxonomy":"post_tag","embeddable":true,"href":"https:\/\/www.europesays.com\/fi\/wp-json\/wp\/v2\/tags?post=59782"}],"curies":[{"name":"wp","href":"https:\/\/api.w.org\/{rel}","templated":true}]}}