{"id":59794,"date":"2025-10-12T08:45:08","date_gmt":"2025-10-12T08:45:08","guid":{"rendered":"https:\/\/www.europesays.com\/fi\/59794\/"},"modified":"2025-10-12T08:45:08","modified_gmt":"2025-10-12T08:45:08","slug":"ft-yhdysvallat-tukee-ukrainaa-iskuissa-venajan-energialaitoksiin-tavoitteena-kaivaa-maata-venajan-talouden-alta-uutissuomalainen","status":"publish","type":"post","link":"https:\/\/www.europesays.com\/fi\/59794\/","title":{"rendered":"FT: Yhdysvallat tukee Ukrainaa iskuissa Ven\u00e4j\u00e4n energialaitoksiin \u2013\u2009tavoitteena kaivaa maata Ven\u00e4j\u00e4n talouden alta | Uutissuomalainen"},"content":{"rendered":"<p>Yhdysvallat on jo kuukausien ajan avustanut Ukrainaa Ven\u00e4j\u00e4n energia-infrastruktuuriin kohdistuvien iskujen toteuttamisessa, uutisoi <a href=\"https:\/\/www.ft.com\/content\/f9f42c10-3a30-4ee1-aff7-3368dd831c8c?shareType=nongift\" rel=\"nofollow noopener\" target=\"_blank\">Financial Times<\/a>. Lehden haastattelemien asiantuntijoiden mukaan kyseess\u00e4 on koordinoitu yritys heikent\u00e4\u00e4 Ven\u00e4j\u00e4n taloutta ja pakottaa maa neuvottelup\u00f6yt\u00e4\u00e4n.<\/p>\n<p>Yhdysvaltojen jakamaa tiedustelutietoa on hy\u00f6dynnetty muun muassa iskujen reitityksess\u00e4 ja ajoituksessa. Yhdysvallat on ollut mukana kaikissa suunnitteluvaiheissa: Ukraina valitsee kohteet, ja Yhdysvallat tarjoaa tiedustelutietoa kohteiden haavoittuvuuksista.<\/p>\n<p>Er\u00e4iden FT:n haastattelemien asiantuntijoiden mukaan Yhdysvallat on my\u00f6s m\u00e4\u00e4ritt\u00e4nyt Ukrainalle priorisoitavia kohteita. Yksi haastatelluista kuvaa Ukrainan drooniarsenaalia &#8221;instrumentiksi&#8221;, jolla Yhdysvallat kaivoo maata Ven\u00e4j\u00e4n talouden alta.<\/p>\n<p>Yhdysvaltain presidentti <strong>Donald Trump<\/strong> on viime kuukausina ollut aiempaa halukkaampi tukemaan Ukrainaa sodassa. FT:n mukaan muutos tapahtui sen j\u00e4lkeen, kun Trump ja Ukrainan presidentti <strong>Volodymyr Zelenskyi<\/strong> olivat keskustelleet puhelimitse hein\u00e4kuussa. Tuolloin Trump kysyi Zelenskyilt\u00e4, pystyisik\u00f6 Ukraina iskem\u00e4\u00e4n Moskovaan Yhdysvaltain tarjoamilla pitk\u00e4n matkan aseilla.<\/p>\n<p>Kahden FT:n haastatteleman asiantuntijan mukaan Trump ilmoitti puhelussa tukevansa sit\u00e4, ett\u00e4 Ven\u00e4j\u00e4 &#8221;saadaan tuntemaan sodan tuska&#8221;.<\/p>\n<p>Trump on viime kuukausina ilmaissut tyytym\u00e4tt\u00f6myytt\u00e4\u00e4n ven\u00e4l\u00e4iskollega <strong>Vladimir Putinin<\/strong> haluttomuuteen neuvotella rauhasta.<\/p>\n<p>Yhdysvallat ei ole julkisesti my\u00f6nt\u00e4nyt osallisuuttaan Ukrainan tekemiin iskuihin.<\/p>\n","protected":false},"excerpt":{"rendered":"Yhdysvallat on jo kuukausien ajan avustanut Ukrainaa Ven\u00e4j\u00e4n energia-infrastruktuuriin kohdistuvien iskujen toteuttamisessa, uutisoi Financial Times. Lehden haastattelemien asiantuntijoiden&hellip;\n","protected":false},"author":2,"featured_media":59795,"comment_status":"","ping_status":"","sticky":false,"template":"","format":"standard","meta":{"footnotes":""},"categories":[14],"tags":[22,23,585,26,27,33,31,30,17,3880,24,25,28,29,2325,15,18,21,637,144,32,19,20,549,56,16,2257,59,60,61],"class_list":{"0":"post-59794","1":"post","2":"type-post","3":"status-publish","4":"format-standard","5":"has-post-thumbnail","7":"category-ulkomaat","8":"tag-breaking-news","9":"tag-breakingnews","10":"tag-donald-trump","11":"tag-featured-news","12":"tag-featurednews","13":"tag-fi","14":"tag-finland","15":"tag-finnish","16":"tag-headlines","17":"tag-julkinen-infrastruktuuri","18":"tag-latest-news","19":"tag-latestnews","20":"tag-main-news","21":"tag-mainnews","22":"tag-moskova-venaja","23":"tag-news","24":"tag-otsikot","25":"tag-paauutiset","26":"tag-politiikka","27":"tag-presidentti","28":"tag-suomi","29":"tag-top-stories","30":"tag-topstories","31":"tag-ukrainan-sota","32":"tag-ulkomaat","33":"tag-uutiset","34":"tag-vladimir-putin","35":"tag-world","36":"tag-world-news","37":"tag-worldnews"},"share_on_mastodon":{"url":"","error":""},"_links":{"self":[{"href":"https:\/\/www.europesays.com\/fi\/wp-json\/wp\/v2\/posts\/59794","targetHints":{"allow":["GET"]}}],"collection":[{"href":"https:\/\/www.europesays.com\/fi\/wp-json\/wp\/v2\/posts"}],"about":[{"href":"https:\/\/www.europesays.com\/fi\/wp-json\/wp\/v2\/types\/post"}],"author":[{"embeddable":true,"href":"https:\/\/www.europesays.com\/fi\/wp-json\/wp\/v2\/users\/2"}],"replies":[{"embeddable":true,"href":"https:\/\/www.europesays.com\/fi\/wp-json\/wp\/v2\/comments?post=59794"}],"version-history":[{"count":0,"href":"https:\/\/www.europesays.com\/fi\/wp-json\/wp\/v2\/posts\/59794\/revisions"}],"wp:featuredmedia":[{"embeddable":true,"href":"https:\/\/www.europesays.com\/fi\/wp-json\/wp\/v2\/media\/59795"}],"wp:attachment":[{"href":"https:\/\/www.europesays.com\/fi\/wp-json\/wp\/v2\/media?parent=59794"}],"wp:term":[{"taxonomy":"category","embeddable":true,"href":"https:\/\/www.europesays.com\/fi\/wp-json\/wp\/v2\/categories?post=59794"},{"taxonomy":"post_tag","embeddable":true,"href":"https:\/\/www.europesays.com\/fi\/wp-json\/wp\/v2\/tags?post=59794"}],"curies":[{"name":"wp","href":"https:\/\/api.w.org\/{rel}","templated":true}]}}