{"id":59814,"date":"2025-10-12T09:12:08","date_gmt":"2025-10-12T09:12:08","guid":{"rendered":"https:\/\/www.europesays.com\/fi\/59814\/"},"modified":"2025-10-12T09:12:08","modified_gmt":"2025-10-12T09:12:08","slug":"madagaskarin-presidentti-maassa-on-kaynnissa-vallankaappausyritys-uutisia-lyhyesti","status":"publish","type":"post","link":"https:\/\/www.europesays.com\/fi\/59814\/","title":{"rendered":"Madagaskarin presidentti: Maassa on k\u00e4ynniss\u00e4 vallankaappaus\u00adyritys | Uutisia lyhyesti"},"content":{"rendered":"<p class=\"aw-1gybjub aw-5vja16 ghpEtB kjanFo yle__article__paragraph\">Tuhannet ihmiset ovat osoittaneet Madagaskarissa mielt\u00e4\u00e4n syyskuusta asti.  Eilen mielen\u00adosoituksiin liittyi joukko sotilaita.<\/p>\n<p><img decoding=\"async\" alt=\"Madagaskarin armeijan sotilas mielenosoittajien ymp\u00e4r\u00f6im\u00e4n\u00e4.\" src=\"https:\/\/www.europesays.com\/fi\/wp-content\/uploads\/2025\/10\/39-153706168eb595124810.jpeg\" class=\"aw-1l9m598 hKVVvP\"\/><\/p>\n<p>Avaa kuvien katselu<\/p>\n<p>Madagaskarin armeijan sotilas mielenosoittajien ymp\u00e4r\u00f6im\u00e4n\u00e4 11.10.2025. Kuva: Luis Tato \/ AFP<\/p>\n<p>10:25\u2022P\u00e4ivitetty 11:52<\/p>\n<p class=\"aw-1gybjub aw-1p7kakr ghpEtB jtovHP yle__article__paragraph\">Madagaskarin presidentti <strong class=\"aw-ak79eh KyCXm yle__article__strong\">Andry<\/strong> <strong class=\"aw-ak79eh KyCXm yle__article__strong\">Rajoelina<\/strong> sanoo presidentinviraston julkaisemassa lausunnossa, ett\u00e4 maassa on k\u00e4ynniss\u00e4 vallankaappausyritys.<\/p>\n<p class=\"aw-1gybjub aw-1p7kakr ghpEtB jtovHP yle__article__paragraph\">\u2013 Tasavallan presidentti haluaa kertoa kansalle ja kansainv\u00e4liselle yhteis\u00f6lle, ett\u00e4 k\u00e4ynniss\u00e4 on yritys kaapata valta laittomasti ja voimakeinoin, vastoin perustuslakia ja demokraattisia periaatteita, Rajoelina sanoo lausunnossa.<\/p>\n<p class=\"aw-1gybjub aw-1p7kakr ghpEtB jtovHP yle__article__paragraph\">Madagaskarin armeijan CAPSAT-osasto ilmoitti my\u00f6hemmin sunnuntaina, ett\u00e4 se ottaa haltuunsa maan armeijan. Kaikki Madagascarin armeijan k\u00e4skyt tulevat nyt CAPSAT:in p\u00e4\u00e4majasta, sanoo CAPSAT-osaston upseeri videolausunnossa.<\/p>\n<p class=\"aw-1gybjub aw-1p7kakr ghpEtB jtovHP yle__article__paragraph\">Asiasta kertoo uutistoimisto AFP.<\/p>\n<p class=\"aw-1gybjub aw-1p7kakr ghpEtB jtovHP yle__article__paragraph\">Tuhannet ihmiset ovat osoittaneet Madagaskarissa mielt\u00e4\u00e4n syyskuusta asti. Mielenosoittajat protestoivat aluksi vesi- ja s\u00e4hk\u00f6katkojen takia, mutta mielenosoitus on laajentunut yleisemmin korruption, huonojen elinolojen ja hallinnon vastustamiseksi.<\/p>\n<p class=\"aw-1gybjub aw-1p7kakr ghpEtB jtovHP yle__article__paragraph\">Mielenosoittajat ovat vaatineet presidentti Rajoelinan irtisanoutumista.<\/p>\n<p class=\"aw-1gybjub aw-1p7kakr ghpEtB jtovHP yle__article__paragraph\">Joukko CAPSAT-osaston sotilaita liittyi eilen lauantaina mielenosoittajien riveihin, kertoo yhdysvaltalaislehti T<a class=\"aw-iao6s4 iHOxEa yle__article__link\" href=\"https:\/\/www.nytimes.com\/2025\/10\/11\/world\/africa\/madagascar-protest-coup-fears.html\" role=\"link\" rel=\"nofollow noopener\" target=\"_blank\">he New York Times<\/a>. Mielenosoittajien joukkoon liittyneiden sotilaiden m\u00e4\u00e4r\u00e4st\u00e4 ei ole tarkkaa tietoa.<\/p>\n<p class=\"aw-1gybjub aw-1p7kakr ghpEtB jtovHP yle__article__paragraph\">Osaston sotilaat ovat kehottaneet muitakin sotilaita kielt\u00e4ytym\u00e4\u00e4n k\u00e4skyjen noudattamisesta ja tukemaan mielenosoittajia.<\/p>\n<p class=\"aw-1gybjub aw-1p7kakr ghpEtB jtovHP yle__article__paragraph\">Uutista muokattu 12.10.2025 kello 11.52: Lis\u00e4tty AFP:n tieto siit\u00e4, ett\u00e4 Madagaskarin CAPSAT-osasto on ilmoittanut ottavansa haltuun maan armeijan.<\/p>\n<p class=\"aw-1gybjub aw-1p7kakr ghpEtB jtovHP yle__article__paragraph\">L\u00e4hteet: AFP, Reuters<\/p>\n","protected":false},"excerpt":{"rendered":"Tuhannet ihmiset ovat osoittaneet Madagaskarissa mielt\u00e4\u00e4n syyskuusta asti. Eilen mielen\u00adosoituksiin liittyi joukko sotilaita. Avaa kuvien katselu Madagaskarin armeijan&hellip;\n","protected":false},"author":2,"featured_media":59815,"comment_status":"","ping_status":"","sticky":false,"template":"","format":"standard","meta":{"footnotes":""},"categories":[12],"tags":[8630,13989,22,23,26,27,33,31,30,17,3551,24,25,13098,28,29,2571,15,18,21,32,19,20,56,16],"class_list":{"0":"post-59814","1":"post","2":"type-post","3":"status-publish","4":"format-standard","5":"has-post-thumbnail","7":"category-suomi","8":"tag-afrikka","9":"tag-andry-rajoelina","10":"tag-breaking-news","11":"tag-breakingnews","12":"tag-featured-news","13":"tag-featurednews","14":"tag-fi","15":"tag-finland","16":"tag-finnish","17":"tag-headlines","18":"tag-kansalaistoiminta","19":"tag-latest-news","20":"tag-latestnews","21":"tag-madagaskar","22":"tag-main-news","23":"tag-mainnews","24":"tag-mielenosoitukset","25":"tag-news","26":"tag-otsikot","27":"tag-paauutiset","28":"tag-suomi","29":"tag-top-stories","30":"tag-topstories","31":"tag-ulkomaat","32":"tag-uutiset"},"share_on_mastodon":{"url":"","error":""},"_links":{"self":[{"href":"https:\/\/www.europesays.com\/fi\/wp-json\/wp\/v2\/posts\/59814","targetHints":{"allow":["GET"]}}],"collection":[{"href":"https:\/\/www.europesays.com\/fi\/wp-json\/wp\/v2\/posts"}],"about":[{"href":"https:\/\/www.europesays.com\/fi\/wp-json\/wp\/v2\/types\/post"}],"author":[{"embeddable":true,"href":"https:\/\/www.europesays.com\/fi\/wp-json\/wp\/v2\/users\/2"}],"replies":[{"embeddable":true,"href":"https:\/\/www.europesays.com\/fi\/wp-json\/wp\/v2\/comments?post=59814"}],"version-history":[{"count":0,"href":"https:\/\/www.europesays.com\/fi\/wp-json\/wp\/v2\/posts\/59814\/revisions"}],"wp:featuredmedia":[{"embeddable":true,"href":"https:\/\/www.europesays.com\/fi\/wp-json\/wp\/v2\/media\/59815"}],"wp:attachment":[{"href":"https:\/\/www.europesays.com\/fi\/wp-json\/wp\/v2\/media?parent=59814"}],"wp:term":[{"taxonomy":"category","embeddable":true,"href":"https:\/\/www.europesays.com\/fi\/wp-json\/wp\/v2\/categories?post=59814"},{"taxonomy":"post_tag","embeddable":true,"href":"https:\/\/www.europesays.com\/fi\/wp-json\/wp\/v2\/tags?post=59814"}],"curies":[{"name":"wp","href":"https:\/\/api.w.org\/{rel}","templated":true}]}}