{"id":59840,"date":"2025-10-12T09:59:07","date_gmt":"2025-10-12T09:59:07","guid":{"rendered":"https:\/\/www.europesays.com\/fi\/59840\/"},"modified":"2025-10-12T09:59:07","modified_gmt":"2025-10-12T09:59:07","slug":"suosikkitubettaja-pinja-sanaksenahon-suuri-suru-isa-kuoli","status":"publish","type":"post","link":"https:\/\/www.europesays.com\/fi\/59840\/","title":{"rendered":"Suosikkitubettaja Pinja Sanaksenahon suuri suru: is\u00e4 kuoli"},"content":{"rendered":"<p>\n            20240814, Helsinki. Petolliset -sarjan pressi. Kuvassa Pinja Sanaksenaho.<br \/>\n            Timo Korhonen\n        <\/p>\n<p class=\"subtitle \">Perhe jakoi suru-uutisen sosiaalisessa mediassa.<\/p>\n<p class=\"article-content article-content-width !bg-background\">Youtube-t\u00e4hti\u00a0Pinkku Pinskuna\u00a0tunnettu   on kohdannut suuren surun.<\/p>\n<p class=\"font-weight-bold m-font-weight-bold article-content article-content-width !bg-background\">Arkistovideo: Pinja Sanaksenaho Seiskan haastattelussa<\/p>\n<p class=\"article-content article-content-width !bg-background\">Pinjan \u00e4iti  \u00a0on julkaissut yhteisen somep\u00e4ivityksen, johon on merkitty yhteistekij\u00f6iksi Pinja sek\u00e4 h\u00e4nen pikkuveljens\u00e4. Instagram-p\u00e4ivitys on julkaistu lauantaina 11.10.<\/p>\n<p class=\"article-content article-content-width !bg-background\">Julkaisun ensimm\u00e4isess\u00e4 kuvassa n\u00e4hd\u00e4\u00e4n yhteiskuva koko perheest\u00e4. Pinja, h\u00e4nen vanhempansa ja pikkuveljens\u00e4 lomailivat Balilla viime jouluna.\u00a0<\/p>\n<p class=\"article-content article-content-width !bg-background\">Kuva on editoitu mustavalkoiseksi.<\/p>\n<p>        <a itemprop=\"url\" href=\"https:\/\/www.seiska.fi\/kotimaa\/pinja-sanaksenahon-valtava-elamanmuutos-itkuinen-paivitys\/1910806\" rel=\"nofollow noopener\" target=\"_blank\"><\/p>\n<p>\nValtava el\u00e4m\u00e4nmuutos\n<\/p>\n<p class=\"section-date\">\n        <strong class=\"article-section\" data-section=\"kotimaa\"><br \/>\n            kotimaa<br \/>\n        <\/strong><br \/>\n        27.8. 05:30\n    <\/p>\n<p>Pinja Sanaksenahon valtava el\u00e4m\u00e4nmuutos \u2013 itkuinen p\u00e4ivitys\n    <\/p>\n<p itemprop=\"description\" class=\"subtitle \">\n    Martina Aitolehtikin reagoi uutiseen.\n<\/p>\n<p>        <\/a><\/p>\n<p class=\"article-content article-content-width !bg-background\">Instagram-julkaisussa kerrotaan, ett\u00e4 Pinjan is\u00e4 on menehtynyt \u00e4killiseen sairauskohtaukseen torstaina 9. lokakuuta. Pinjan is\u00e4 oli 62-vuotias.<\/p>\n<p class=\"article-content article-content-width !bg-background\">\u2013 Meid\u00e4n perhett\u00e4 on kohdannut suuri suru, yksi meist\u00e4 on pois.<\/p>\n<p class=\"article-content article-content-width !bg-background\">\u2013 Rakkaamme Esa Sanaksenaho menehtyi 9.10.25 \u00e4killiseen sairauskohtaukseen.<\/p>\n<p class=\"article-content article-content-width !bg-background\">\u2013 Rakastamme sinua aina ja ikuisesti.\u00a0Ik\u00e4v\u00f6iden Jaana, Pinja ja Hugo, julkaisun tekstiss\u00e4 mainitaan.<\/p>\n<p>Perheelle satelee osanottoja<\/p>\n<p class=\"article-content article-content-width !bg-background\">Julkaisun toiseen kuvaan on editoitu kauniin muistov\u00e4rssyn teksti.<\/p>\n<p class=\"article-content article-content-width !bg-background\">\u2013 Et ole j\u00e4tt\u00e4nyt meit\u00e4, et ole vaiti, olet lintujen laulu taivaalla, olet kuiskaus viljapellolla, olet henk\u00e4ys rakkaasi poskella.<\/p>\n<p class=\"article-content article-content-width !bg-background\">Julkaisu on ker\u00e4nnyt jo yli 20 000 tykk\u00e4yst\u00e4. Monet julkkikset ovat ilmaisseet osanottonsa kommenteissa.<\/p>\n<p class=\"article-content article-content-width !bg-background\">Seiska ei tavoittanut Pinjaa.<\/p>\n<p>        <a itemprop=\"url\" href=\"https:\/\/www.seiska.fi\/kotimaa\/pinja-sanaksenahon-balin-lomalla-ikava-kaanne\/1570936\" rel=\"nofollow noopener\" target=\"_blank\"><\/p>\n<p class=\"section-date\">\n        <strong class=\"article-section\" data-section=\"kotimaa\"><br \/>\n            kotimaa<br \/>\n        <\/strong><br \/>\n        4.1. 14:00\n    <\/p>\n<p>Pinja Sanaksenahon Balin-lomalla ik\u00e4v\u00e4 k\u00e4\u00e4nne\n    <\/p>\n<p itemprop=\"description\" class=\"subtitle \">\n    T\u00e4lt\u00e4 n\u00e4ytti somet\u00e4hden lomamatka.\n<\/p>\n<p>        <\/a><\/p>\n<p>Vanhemmat juhlivat 30-vuotish\u00e4\u00e4p\u00e4iv\u00e4\u00e4ns\u00e4 viime vuonna<\/p>\n<p class=\"article-content article-content-width !bg-background\">Pinja sek\u00e4 h\u00e4nen \u00e4itins\u00e4 Jaana tekev\u00e4t YouTube-videoita.<\/p>\n<p class=\"article-content article-content-width !bg-background\">Pinjan is\u00e4 on n\u00e4hty monella remonttiaiheisella videolla, sill\u00e4 h\u00e4n toimi rakennusalan yritt\u00e4j\u00e4n\u00e4.<\/p>\n<p class=\"article-content article-content-width !bg-background\"><a href=\"https:\/\/www.is.fi\/menaiset\/ihmiset-ja-suhteet\/art-2000010020159.html\" target=\"_blank\" rel=\"nofollow noopener\">Molemmat vanhemmat ovat mukana Pinjan yritystoiminnassa.<\/a><\/p>\n<p class=\"article-content article-content-width !bg-background\">Pinjan Jaana-\u00e4iti kertoi viime vuoden hein\u00e4kuussa viett\u00e4neens\u00e4 <a href=\"https:\/\/www.instagram.com\/p\/C9xeff-KJV5\/?img_index=1\" target=\"_blank\" rel=\"nofollow noopener\">30-vuotish\u00e4\u00e4p\u00e4iv\u00e4\u00e4ns\u00e4<\/a>.\u00a0<\/p>\n<p class=\"article-content article-content-width !bg-background\">Pinja on yksi Suomen tunnetuimmista somet\u00e4hdist\u00e4. H\u00e4nell\u00e4 on yli 300 000 tilaajaa <a href=\"https:\/\/www.youtube.com\/@PinkkuPinsku\" target=\"_blank\" rel=\"nofollow noopener\">Youtubessa<\/a>. Instagramissa h\u00e4nell\u00e4 on yli 294 000 seuraajaa.<\/p>\n<p class=\"article-content article-content-width !bg-background\">Pinja ja h\u00e4nen \u00e4itins\u00e4 ovat osallistuneet\u00a0Tubecon-gaalaan yhdess\u00e4.<\/p>\n<p>        <a itemprop=\"url\" href=\"https:\/\/www.seiska.fi\/kotimaa\/pinja-sanaksenaho-kohtasi-keskella-yota-jarkyttavaa-ilkivaltaa-joudun-pelkaa-mun-omassa-kodissa\/1170292\" rel=\"nofollow noopener\" target=\"_blank\"><\/p>\n<p class=\"section-date\">\n        <strong class=\"article-section\" data-section=\"kotimaa\"><br \/>\n            kotimaa<br \/>\n        <\/strong><br \/>\n        21.10.2023 09:57\n    <\/p>\n<p>Pinja Sanaksenaho kohtasi keskell\u00e4 y\u00f6t\u00e4 j\u00e4rkytt\u00e4v\u00e4\u00e4 ilkivaltaa: &#8221;Joudun pelk\u00e4\u00e4 mun omassa kodissa&#8221;\n    <\/p>\n<p itemprop=\"description\" class=\"subtitle \">\n    Tubettaja kertoo vieneens\u00e4 asian poliisille. H\u00e4n on tapahtuneen vuoksi poissa tolaltaan.\n<\/p>\n<p>        <\/a><\/p>\n<p class=\"article-content article-content-width !bg-background\">Pinja on osallistunut tv-ohjelmiin, kuten Selviytyj\u00e4t Suomi, Petolliset sek\u00e4 Big Brother Suomi VIP.<\/p>\n<p class=\"article-content article-content-width !bg-background\">Jaana-\u00e4idill\u00e4 on yli 20 000 seuraajaa Instagramissa. H\u00e4nen <a href=\"https:\/\/www.youtube.com\/@jaanasanaksenaho5030\" target=\"_blank\" rel=\"nofollow noopener\">Youtube-kanavallaan<\/a> on yli 27 000 tilaajaa.<\/p>\n<p><script async src=\"\/\/www.instagram.com\/embed.js\"><\/script><\/p>\n","protected":false},"excerpt":{"rendered":"20240814, Helsinki. Petolliset -sarjan pressi. Kuvassa Pinja Sanaksenaho. Timo Korhonen Perhe jakoi suru-uutisen sosiaalisessa mediassa. Youtube-t\u00e4hti\u00a0Pinkku Pinskuna\u00a0tunnettu on&hellip;\n","protected":false},"author":2,"featured_media":59841,"comment_status":"","ping_status":"","sticky":false,"template":"","format":"standard","meta":{"footnotes":""},"categories":[130],"tags":[137,33,31,30,7184,5994,98,6508,32,5997,1464,12657,102,109],"class_list":{"0":"post-59840","1":"post","2":"type-post","3":"status-publish","4":"format-standard","5":"has-post-thumbnail","7":"category-viihde","8":"tag-entertainment","9":"tag-fi","10":"tag-finland","11":"tag-finnish","12":"tag-isa","13":"tag-kuolinuutinen","14":"tag-perhe","15":"tag-pinja-sanaksenaho","16":"tag-suomi","17":"tag-suru-uutinen","18":"tag-suuri-suru","19":"tag-tubettaja","20":"tag-vanhemmat","21":"tag-viihde"},"share_on_mastodon":{"url":"","error":""},"_links":{"self":[{"href":"https:\/\/www.europesays.com\/fi\/wp-json\/wp\/v2\/posts\/59840","targetHints":{"allow":["GET"]}}],"collection":[{"href":"https:\/\/www.europesays.com\/fi\/wp-json\/wp\/v2\/posts"}],"about":[{"href":"https:\/\/www.europesays.com\/fi\/wp-json\/wp\/v2\/types\/post"}],"author":[{"embeddable":true,"href":"https:\/\/www.europesays.com\/fi\/wp-json\/wp\/v2\/users\/2"}],"replies":[{"embeddable":true,"href":"https:\/\/www.europesays.com\/fi\/wp-json\/wp\/v2\/comments?post=59840"}],"version-history":[{"count":0,"href":"https:\/\/www.europesays.com\/fi\/wp-json\/wp\/v2\/posts\/59840\/revisions"}],"wp:featuredmedia":[{"embeddable":true,"href":"https:\/\/www.europesays.com\/fi\/wp-json\/wp\/v2\/media\/59841"}],"wp:attachment":[{"href":"https:\/\/www.europesays.com\/fi\/wp-json\/wp\/v2\/media?parent=59840"}],"wp:term":[{"taxonomy":"category","embeddable":true,"href":"https:\/\/www.europesays.com\/fi\/wp-json\/wp\/v2\/categories?post=59840"},{"taxonomy":"post_tag","embeddable":true,"href":"https:\/\/www.europesays.com\/fi\/wp-json\/wp\/v2\/tags?post=59840"}],"curies":[{"name":"wp","href":"https:\/\/api.w.org\/{rel}","templated":true}]}}