{"id":59884,"date":"2025-10-12T11:13:07","date_gmt":"2025-10-12T11:13:07","guid":{"rendered":"https:\/\/www.europesays.com\/fi\/59884\/"},"modified":"2025-10-12T11:13:07","modified_gmt":"2025-10-12T11:13:07","slug":"mikkelilainen-heidi-hasanen-ei-eparoinyt-kun-huomasi-mahdollisuuden-paasta-mukaan-suosikkiyhtyeensa-musiikkivideolle-paikalliset","status":"publish","type":"post","link":"https:\/\/www.europesays.com\/fi\/59884\/","title":{"rendered":"Mikkelil\u00e4inen Heidi Hasanen ei ep\u00e4r\u00f6inyt, kun huomasi mahdollisuuden p\u00e4\u00e4st\u00e4 mukaan suosikkiyhtyeens\u00e4 musiikkivideolle | Paikalliset"},"content":{"rendered":"<p>Heidi Hasanen osallistui liki 80 muun fanin kanssa Bloodred Hourglassin uuden musavideon kuvauksiin. H\u00e4n ollut aiemmin mukana Turmion K\u00e4til\u00f6iden videolla.<\/p>\n<p>Mikkelil\u00e4inen metalliyhtye Bloodred Hourglass on juuri julkaissut seitsem\u00e4nnen pitk\u00e4soittonsa ja k\u00e4ynnist\u00e4nyt 16 keikkaa k\u00e4sitt\u00e4v\u00e4n Euroopan kiertueensa. Se kantaa nime\u00e4 European Headline Tour 2025. L\u00e4mpp\u00e4rin\u00e4 heill\u00e4 on toinen savolaiskokoonpano, Luna Kills.<\/p>\n","protected":false},"excerpt":{"rendered":"Heidi Hasanen osallistui liki 80 muun fanin kanssa Bloodred Hourglassin uuden musavideon kuvauksiin. H\u00e4n ollut aiemmin mukana Turmion&hellip;\n","protected":false},"author":2,"featured_media":59885,"comment_status":"","ping_status":"","sticky":false,"template":"","format":"standard","meta":{"footnotes":""},"categories":[132],"tags":[138,13699,137,33,31,30,104,685,9812,195,47,32,484,109],"class_list":{"0":"post-59884","1":"post","2":"type-post","3":"status-publish","4":"format-standard","5":"has-post-thumbnail","7":"category-musiikki","8":"tag-audio","9":"tag-bloodred-hourglass","10":"tag-entertainment","11":"tag-fi","12":"tag-finland","13":"tag-finnish","14":"tag-helsinki","15":"tag-mikkeli","16":"tag-mikkelin-seudun-ihmiset","17":"tag-music","18":"tag-musiikki","19":"tag-suomi","20":"tag-taiteellinen-ilmaisu-ja-mediat","21":"tag-viihde"},"share_on_mastodon":{"url":"","error":""},"_links":{"self":[{"href":"https:\/\/www.europesays.com\/fi\/wp-json\/wp\/v2\/posts\/59884","targetHints":{"allow":["GET"]}}],"collection":[{"href":"https:\/\/www.europesays.com\/fi\/wp-json\/wp\/v2\/posts"}],"about":[{"href":"https:\/\/www.europesays.com\/fi\/wp-json\/wp\/v2\/types\/post"}],"author":[{"embeddable":true,"href":"https:\/\/www.europesays.com\/fi\/wp-json\/wp\/v2\/users\/2"}],"replies":[{"embeddable":true,"href":"https:\/\/www.europesays.com\/fi\/wp-json\/wp\/v2\/comments?post=59884"}],"version-history":[{"count":0,"href":"https:\/\/www.europesays.com\/fi\/wp-json\/wp\/v2\/posts\/59884\/revisions"}],"wp:featuredmedia":[{"embeddable":true,"href":"https:\/\/www.europesays.com\/fi\/wp-json\/wp\/v2\/media\/59885"}],"wp:attachment":[{"href":"https:\/\/www.europesays.com\/fi\/wp-json\/wp\/v2\/media?parent=59884"}],"wp:term":[{"taxonomy":"category","embeddable":true,"href":"https:\/\/www.europesays.com\/fi\/wp-json\/wp\/v2\/categories?post=59884"},{"taxonomy":"post_tag","embeddable":true,"href":"https:\/\/www.europesays.com\/fi\/wp-json\/wp\/v2\/tags?post=59884"}],"curies":[{"name":"wp","href":"https:\/\/api.w.org\/{rel}","templated":true}]}}