{"id":59894,"date":"2025-10-12T11:21:07","date_gmt":"2025-10-12T11:21:07","guid":{"rendered":"https:\/\/www.europesays.com\/fi\/59894\/"},"modified":"2025-10-12T11:21:07","modified_gmt":"2025-10-12T11:21:07","slug":"maailman-vanhin-presidentti-hakee-tanaan-jatkokautta-tuli-valtaan-vuonna-1982-ulkomaat","status":"publish","type":"post","link":"https:\/\/www.europesays.com\/fi\/59894\/","title":{"rendered":"Maailman vanhin presidentti hakee t\u00e4n\u00e4\u00e4n jatkokautta \u2013 tuli valtaan vuonna 1982 | Ulkomaat"},"content":{"rendered":"<p class=\"aw-1gybjub aw-5vja16 ghpEtB kjanFo yle__article__paragraph\">Kamerunin presidentin tyt\u00e4r pyysi Tiktokissa, ettei h\u00e4nen is\u00e4\u00e4ns\u00e4 \u00e4\u00e4nestett\u00e4isi. My\u00f6hemmin h\u00e4n pyysi anteeksi.<\/p>\n<p><img decoding=\"async\" alt=\"Kahdessa tien varrella olevassa mainostaulussa on sama mies sinisess\u00e4 puvussa. \" src=\"https:\/\/www.europesays.com\/fi\/wp-content\/uploads\/2025\/10\/39-153698768ea775bd38c6.jpeg\" class=\"aw-1l9m598 hKVVvP\"\/><\/p>\n<p>Avaa kuvien katselu<\/p>\n<p>Presidentti Paul Biyan vaalimainoksissa lukee \u201dSuuruus ja toivo\u201d. Kuva: Etienne Mainimox \/ AOP<\/p>\n<p class=\"aw-1gybjub aw-1p7kakr ghpEtB jtovHP yle__article__paragraph\"><strong class=\"aw-ak79eh KyCXm yle__article__strong\">NAIROBI<\/strong> Maailman vanhin presidentti hakee jatkokautta t\u00e4n\u00e4\u00e4n j\u00e4rjestett\u00e4viss\u00e4 vaaleissa Keski-Afrikan Kamerunissa. 92-vuotias <strong class=\"aw-ak79eh KyCXm yle__article__strong\">Paul Biya<\/strong> nousi valtaan vuonna 1982 eli h\u00e4n on ollut vallassa selv\u00e4sti yli 40 vuotta. Biya on vuonna 1960 itsen\u00e4istyneen Kamerunin toinen presidentti.<\/p>\n<p class=\"aw-1gybjub aw-1p7kakr ghpEtB jtovHP yle__article__paragraph\">Biyan valtakausi on pitk\u00e4 etenkin siihen n\u00e4hden, kuinka nuoria kamerunilaiset ovat. Yli 60 prosenttia noin 30 miljoonan <a class=\"aw-iao6s4 iHOxEa yle__article__link\" href=\"https:\/\/www.bbc.com\/news\/articles\/crkjg1n0m02o\" role=\"link\" rel=\"nofollow noopener\" target=\"_blank\">kansasta<\/a> on alle 25-vuotiaita. Presidentin ik\u00e4 taas on huomattava siihenkin n\u00e4hden, ett\u00e4 elini\u00e4nodote Kamerunissa on <a class=\"aw-iao6s4 iHOxEa yle__article__link\" href=\"https:\/\/data.worldbank.org\/indicator\/SP.DYN.LE00.IN?locations=CM\" role=\"link\" rel=\"nofollow noopener\" target=\"_blank\">64 vuotta<\/a>.<\/p>\n<p class=\"aw-1gybjub aw-1p7kakr ghpEtB jtovHP yle__article__paragraph\">Biyan ennakoidaan kuitenkin voittavan vaalit selv\u00e4sti. H\u00e4nen merkitt\u00e4vin kilpailijansa professori <strong class=\"aw-ak79eh KyCXm yle__article__strong\">Maurice Kamto<\/strong> suljettiin ulos kisasta, kertoo kenialainen <a class=\"aw-iao6s4 iHOxEa yle__article__link\" href=\"https:\/\/www.theeastafrican.co.ke\/tea\/news\/central-africa\/why-biya-campaigns-in-only-one-town-maroua-5220130\" role=\"link\" rel=\"nofollow noopener\" target=\"_blank\">EastAfrican<\/a>.<\/p>\n<p class=\"aw-1gybjub aw-1p7kakr ghpEtB jtovHP yle__article__paragraph\">Tutkimuslaitos International <a class=\"aw-iao6s4 iHOxEa yle__article__link\" href=\"https:\/\/www.crisisgroup.org\/africa\/central-africa\/cameroon\/b206-preventing-unrest-run-up-cameroons-presidential-poll\" role=\"link\" rel=\"nofollow noopener\" target=\"_blank\">Crisis Group<\/a> sanoo vain harvojen asiantuntijoiden uskovan, ett\u00e4 vaaleista tulee vapaat ja reilut. YK:n ihmisoikeusvaltuutettu <strong class=\"aw-ak79eh KyCXm yle__article__strong\">Volker T\u00fcrk<\/strong> <a class=\"aw-iao6s4 iHOxEa yle__article__link\" href=\"https:\/\/www.ohchr.org\/en\/press-releases\/2025\/09\/cameroon-restrictions-civic-space-risk-undermining-presidential-election\" role=\"link\" rel=\"nofollow noopener\" target=\"_blank\">taas arvioi<\/a>, ett\u00e4 lis\u00e4\u00e4ntyv\u00e4t kiristykset demokraattiseen tilaan lis\u00e4\u00e4v\u00e4t huolta siit\u00e4, voivatko \u00e4\u00e4nest\u00e4j\u00e4t ilmaista tahtonsa vapaasti.<\/p>\n<p class=\"aw-1gybjub aw-1p7kakr ghpEtB jtovHP yle__article__paragraph\">Presidentti\u00e4 n\u00e4hd\u00e4\u00e4n julkisuudessa <a class=\"aw-iao6s4 iHOxEa yle__article__link\" href=\"https:\/\/www.theeastafrican.co.ke\/tea\/news\/central-africa\/paul-biya-presidential-candidate-no-campaign-rallies-5218816\" role=\"link\" rel=\"nofollow noopener\" target=\"_blank\">harvoin edes<\/a> vaalikampanjoiden aikana. Nyt h\u00e4n vietti suuren osan lyhyest\u00e4 kampanjakaudesta kymmenen p\u00e4iv\u00e4n yksityismatkalla Eurooppaan.<\/p>\n<p>Tytt\u00e4ren erikoinen julkaisu Tiktokissa<\/p>\n<p class=\"aw-1gybjub aw-1p7kakr ghpEtB jtovHP yle__article__paragraph\">Erikoinen k\u00e4\u00e4nne vaalien l\u00e4hestymisess\u00e4 oli presidentin 27-vuotiaan tytt\u00e4ren <strong class=\"aw-ak79eh KyCXm yle__article__strong\">Brenda Biyan<\/strong> <a class=\"aw-iao6s4 iHOxEa yle__article__link\" href=\"https:\/\/nation.africa\/africa\/news\/paul-biya-s-daughter-defies-father-on-tiktok-5215922\" role=\"link\" rel=\"nofollow noopener\" target=\"_blank\">julkaisema <\/a>Tiktok-video. Videolla h\u00e4n sanoi, ettei aio \u00e4\u00e4nest\u00e4\u00e4 is\u00e4\u00e4ns\u00e4.<\/p>\n<p class=\"aw-1gybjub aw-1p7kakr ghpEtB jtovHP yle__article__paragraph\">\u2013 \u00c4lk\u00e4\u00e4 \u00e4\u00e4nest\u00e4k\u00f6 Paul Biyaa. Ei minun takiani vaan siksi, ett\u00e4 h\u00e4n on aiheuttanut k\u00e4rsimyst\u00e4 niin monille ihmisille, Brenda Biya sanoo videolla. Tyt\u00e4r kirjoitti toivovansa, ett\u00e4 maa saisi toisen presidentin.<\/p>\n<p class=\"aw-1gybjub aw-1p7kakr ghpEtB jtovHP yle__article__paragraph\">H\u00e4n poisti julkaisunsa nopeasti ja pyysi toisessa julkaisussa anteeksi.<\/p>\n<p class=\"aw-1gybjub aw-1p7kakr ghpEtB jtovHP yle__article__paragraph\">Brenda Biya on hy\u00f6tynyt is\u00e4ns\u00e4 vallasta, sanoo uutistoimisto Reuters. Tyt\u00e4r esimerkiksi opiskeli Kaliforniassa. Sielt\u00e4 h\u00e4n kertoi sosiaalisessa mediassa maksavansa 400 dollaria kyydist\u00e4 luennoille luksusautoissa \u2013 yhteen suuntaan.<\/p>\n<p class=\"aw-1gybjub aw-1p7kakr ghpEtB jtovHP yle__article__paragraph\">Kamerunin kansasta <a class=\"aw-iao6s4 iHOxEa yle__article__link\" href=\"https:\/\/www.wfp.org\/countries\/cameroon\" role=\"link\" rel=\"nofollow noopener\" target=\"_blank\">yli 23 prosenttia<\/a> el\u00e4\u00e4 alle 2,15 dollarilla p\u00e4iv\u00e4ss\u00e4. Muita Kamerunin ongelmia ovat esimerkiksi nuorisoty\u00f6tt\u00f6myys, turvallisuusongelmat ja korruptio.<\/p>\n<p class=\"aw-1gybjub aw-1p7kakr ghpEtB jtovHP yle__article__paragraph\">Korruptiota seuraavan Transparency Internationalin 180 maan <a class=\"aw-iao6s4 iHOxEa yle__article__link\" href=\"https:\/\/www.transparency.org\/en\/cpi\/2024\" role=\"link\" rel=\"nofollow noopener\" target=\"_blank\">listalla<\/a> Kamerun on sijalla 140. Mit\u00e4 huonompi sijoitus, sit\u00e4 pahempi ongelma on.<\/p>\n","protected":false},"excerpt":{"rendered":"Kamerunin presidentin tyt\u00e4r pyysi Tiktokissa, ettei h\u00e4nen is\u00e4\u00e4ns\u00e4 \u00e4\u00e4nestett\u00e4isi. My\u00f6hemmin h\u00e4n pyysi anteeksi. Avaa kuvien katselu Presidentti Paul&hellip;\n","protected":false},"author":2,"featured_media":59895,"comment_status":"","ping_status":"","sticky":false,"template":"","format":"standard","meta":{"footnotes":"","_share_on_mastodon":"0"},"categories":[14],"tags":[8630,22,23,26,27,33,31,30,17,13996,24,25,28,29,15,18,21,13997,637,13998,32,19,20,56,16,2196,59,60,61],"class_list":["post-59894","post","type-post","status-publish","format-standard","has-post-thumbnail","category-ulkomaat","tag-afrikka","tag-breaking-news","tag-breakingnews","tag-featured-news","tag-featurednews","tag-fi","tag-finland","tag-finnish","tag-headlines","tag-kamerun","tag-latest-news","tag-latestnews","tag-main-news","tag-mainnews","tag-news","tag-otsikot","tag-paauutiset","tag-paul-biya","tag-politiikka","tag-presidentinvaalit","tag-suomi","tag-top-stories","tag-topstories","tag-ulkomaat","tag-uutiset","tag-vaalit","tag-world","tag-world-news","tag-worldnews"],"share_on_mastodon":{"url":"","error":""},"_links":{"self":[{"href":"https:\/\/www.europesays.com\/fi\/wp-json\/wp\/v2\/posts\/59894","targetHints":{"allow":["GET"]}}],"collection":[{"href":"https:\/\/www.europesays.com\/fi\/wp-json\/wp\/v2\/posts"}],"about":[{"href":"https:\/\/www.europesays.com\/fi\/wp-json\/wp\/v2\/types\/post"}],"author":[{"embeddable":true,"href":"https:\/\/www.europesays.com\/fi\/wp-json\/wp\/v2\/users\/2"}],"replies":[{"embeddable":true,"href":"https:\/\/www.europesays.com\/fi\/wp-json\/wp\/v2\/comments?post=59894"}],"version-history":[{"count":0,"href":"https:\/\/www.europesays.com\/fi\/wp-json\/wp\/v2\/posts\/59894\/revisions"}],"wp:featuredmedia":[{"embeddable":true,"href":"https:\/\/www.europesays.com\/fi\/wp-json\/wp\/v2\/media\/59895"}],"wp:attachment":[{"href":"https:\/\/www.europesays.com\/fi\/wp-json\/wp\/v2\/media?parent=59894"}],"wp:term":[{"taxonomy":"category","embeddable":true,"href":"https:\/\/www.europesays.com\/fi\/wp-json\/wp\/v2\/categories?post=59894"},{"taxonomy":"post_tag","embeddable":true,"href":"https:\/\/www.europesays.com\/fi\/wp-json\/wp\/v2\/tags?post=59894"}],"curies":[{"name":"wp","href":"https:\/\/api.w.org\/{rel}","templated":true}]}}