{"id":59916,"date":"2025-10-12T11:47:06","date_gmt":"2025-10-12T11:47:06","guid":{"rendered":"https:\/\/www.europesays.com\/fi\/59916\/"},"modified":"2025-10-12T11:47:06","modified_gmt":"2025-10-12T11:47:06","slug":"unifil-rauhanturvaaja-haavoittui-israelin-pudotettua-kranaatin-joukkojen-lahelle-uutissuomalainen","status":"publish","type":"post","link":"https:\/\/www.europesays.com\/fi\/59916\/","title":{"rendered":"Unifil-rauhanturvaaja haavoittui Israelin pudotettua kranaatin joukkojen l\u00e4helle | Uutissuomalainen"},"content":{"rendered":"<p>Libanonissa Unifil-operaation rauhanturvaaja haavoittui lauantaina Israelin pudotettua kranaatin rauhanturvajoukkojen l\u00e4helle. Unifilin mukaan rauhanturvaaja haavoittui liev\u00e4sti.<\/p>\n<p>Unifil-operaatiossa on mukana suomalaisia. Puolustusvoimista kerrottiin STT:lle, ett\u00e4 suomalaisia ei haavoittunut.<\/p>\n<p>Tapaus oli runsaan kuukauden aikana kolmas, kun Israel on tehnyt iskuja l\u00e4hell\u00e4 rauhanturvaajia.<\/p>\n<p>Unifil on toistuvasti vaatinut Israelia lopettamaan iskut rauhanturvaajien l\u00e4hist\u00f6ll\u00e4.<\/p>\n<p>Lokakuun alussa Israelin asevoimat pudotti useita kranaatteja rauhanturvaajien l\u00e4helle. Rauhanturvaajat olivat tuolloin yhdess\u00e4 libanonilaisten sotilaiden kanssa turvaamassa siviility\u00f6ntekij\u00f6it\u00e4, kun kranaatteja pudotettiin. Kukaan ei haavoittunut iskussa.<\/p>\n<p>Syyskuussa Israel pudotti nelj\u00e4 kranaattia rauhanturvaajien l\u00e4helle mutta sanoi, ett\u00e4 ei tarkoituksellisesti t\u00e4hd\u00e4nnyt rauhanturvaajiin.<\/p>\n<p>Unifil on Etel\u00e4-Libanonissa vuodesta 1978 l\u00e4htien YK:n rauhanturvaoperaatio.<\/p>\n","protected":false},"excerpt":{"rendered":"Libanonissa Unifil-operaation rauhanturvaaja haavoittui lauantaina Israelin pudotettua kranaatin rauhanturvajoukkojen l\u00e4helle. Unifilin mukaan rauhanturvaaja haavoittui liev\u00e4sti. Unifil-operaatiossa on mukana&hellip;\n","protected":false},"author":2,"featured_media":59917,"comment_status":"","ping_status":"","sticky":false,"template":"","format":"standard","meta":{"footnotes":""},"categories":[14],"tags":[802,804,820,22,23,26,27,33,31,30,17,24,25,803,28,29,15,18,21,878,2535,32,19,20,2534,56,16,59,60,61],"class_list":{"0":"post-59916","1":"post","2":"type-post","3":"status-publish","4":"format-standard","5":"has-post-thumbnail","7":"category-ulkomaat","8":"tag-armeijat-ja-aseelliset-joukot","9":"tag-aseelliset-konfliktit","10":"tag-aseet","11":"tag-breaking-news","12":"tag-breakingnews","13":"tag-featured-news","14":"tag-featurednews","15":"tag-fi","16":"tag-finland","17":"tag-finnish","18":"tag-headlines","19":"tag-latest-news","20":"tag-latestnews","21":"tag-levottomuudet-ja-sodat","22":"tag-main-news","23":"tag-mainnews","24":"tag-news","25":"tag-otsikot","26":"tag-paauutiset","27":"tag-puolustus-ja-rajavalvonta-maanpuolustus","28":"tag-puolustuspolitiikka","29":"tag-suomi","30":"tag-top-stories","31":"tag-topstories","32":"tag-turvallisuuspolitiikka","33":"tag-ulkomaat","34":"tag-uutiset","35":"tag-world","36":"tag-world-news","37":"tag-worldnews"},"share_on_mastodon":{"url":"","error":""},"_links":{"self":[{"href":"https:\/\/www.europesays.com\/fi\/wp-json\/wp\/v2\/posts\/59916","targetHints":{"allow":["GET"]}}],"collection":[{"href":"https:\/\/www.europesays.com\/fi\/wp-json\/wp\/v2\/posts"}],"about":[{"href":"https:\/\/www.europesays.com\/fi\/wp-json\/wp\/v2\/types\/post"}],"author":[{"embeddable":true,"href":"https:\/\/www.europesays.com\/fi\/wp-json\/wp\/v2\/users\/2"}],"replies":[{"embeddable":true,"href":"https:\/\/www.europesays.com\/fi\/wp-json\/wp\/v2\/comments?post=59916"}],"version-history":[{"count":0,"href":"https:\/\/www.europesays.com\/fi\/wp-json\/wp\/v2\/posts\/59916\/revisions"}],"wp:featuredmedia":[{"embeddable":true,"href":"https:\/\/www.europesays.com\/fi\/wp-json\/wp\/v2\/media\/59917"}],"wp:attachment":[{"href":"https:\/\/www.europesays.com\/fi\/wp-json\/wp\/v2\/media?parent=59916"}],"wp:term":[{"taxonomy":"category","embeddable":true,"href":"https:\/\/www.europesays.com\/fi\/wp-json\/wp\/v2\/categories?post=59916"},{"taxonomy":"post_tag","embeddable":true,"href":"https:\/\/www.europesays.com\/fi\/wp-json\/wp\/v2\/tags?post=59916"}],"curies":[{"name":"wp","href":"https:\/\/api.w.org\/{rel}","templated":true}]}}