{"id":59926,"date":"2025-10-12T12:04:09","date_gmt":"2025-10-12T12:04:09","guid":{"rendered":"https:\/\/www.europesays.com\/fi\/59926\/"},"modified":"2025-10-12T12:04:09","modified_gmt":"2025-10-12T12:04:09","slug":"jp-leppaluodon-esitys-sai-katsojat-raivon-partaalle","status":"publish","type":"post","link":"https:\/\/www.europesays.com\/fi\/59926\/","title":{"rendered":"JP Lepp\u00e4luodon esitys sai katsojat raivon partaalle"},"content":{"rendered":"<p>Osa katsojista piti JP Lepp\u00e4luotoa kummallisena valintana herk\u00e4n kappaleen esitt\u00e4j\u00e4ksi.<\/p>\n<p class=\"paragraph\">Lauantaisessa El\u00e4m\u00e4ni biisi -jaksossa t\u00e4htitieteilij\u00e4 <a href=\"https:\/\/www.iltalehti.fi\/henkilot\/Anne Liljestr\u00f6m\" class=\"article-link-person-page\" rel=\"nofollow noopener\" target=\"_blank\">Anne Liljestr\u00f6m<\/a>, juontaja <a href=\"https:\/\/www.iltalehti.fi\/henkilot\/Ellen Jokikunnas\" class=\"article-link-person-page\" rel=\"nofollow noopener\" target=\"_blank\">Ellen Jokikunnas<\/a>, radiojuontaja <a href=\"https:\/\/www.iltalehti.fi\/henkilot\/Esko Eerik\u00e4inen\" class=\"article-link-person-page\" rel=\"nofollow noopener\" target=\"_blank\">Esko Eerik\u00e4inen<\/a>, muusikko <a href=\"https:\/\/www.iltalehti.fi\/henkilot\/Isaac Sene\" class=\"article-link-person-page\" rel=\"nofollow noopener\" target=\"_blank\">Isaac Sene<\/a> sek\u00e4 kirjailija <a href=\"https:\/\/www.iltalehti.fi\/henkilot\/Anja Snellman\" class=\"article-link-person-page\" rel=\"nofollow noopener\" target=\"_blank\">Anja Snellman<\/a> kertoivat koko kansalle el\u00e4m\u00e4ns\u00e4 t\u00e4rkeimm\u00e4t kappaleet.<\/p>\n<p><img decoding=\"async\" class=\"image image-show image-preview\" src=\"https:\/\/www.europesays.com\/fi\/wp-content\/uploads\/2025\/10\/9fa30cf2e372d114f8e6df5057002c0354dc38bb5b7709f715f573a29cdf5d0a.jpg\" alt=\"\"\/><img decoding=\"async\" class=\"image image-show\" src=\"https:\/\/www.europesays.com\/fi\/wp-content\/uploads\/2025\/10\/1760270649_466_9fa30cf2e372d114f8e6df5057002c0354dc38bb5b7709f715f573a29cdf5d0a.jpg\" alt=\"\"\/><\/p>\n<p>JP Lepp\u00e4luoto tulkitsi Laura N\u00e4rhen herk\u00e4n kappaleen. Pete Anikari<\/p>\n<p class=\"paragraph\">Kirjailija <a href=\"https:\/\/www.iltalehti.fi\/henkilot\/Anja Snellman\" class=\"article-link-person-page\" rel=\"nofollow noopener\" target=\"_blank\">Snellman<\/a> paljasti el\u00e4m\u00e4ns\u00e4 biisikseen <a href=\"https:\/\/www.iltalehti.fi\/henkilot\/Laura N\u00e4rhi\" class=\"article-link-person-page\" rel=\"nofollow noopener\" target=\"_blank\">Laura N\u00e4rhen<\/a> M\u00e4 annan sut pois. Kappaleen esitti Y\u00f6-yhtyeen nykyinen solisti <a href=\"https:\/\/www.iltalehti.fi\/henkilot\/JP Lepp\u00e4luoto\" class=\"article-link-person-page\" rel=\"nofollow noopener\" target=\"_blank\">JP Lepp\u00e4luoto<\/a>.<\/p>\n<p class=\"paragraph\">El\u00e4m\u00e4ni biisi -ohjelman Facebook-sivulla on k\u00e4ynyt jakson j\u00e4lkeen kova kuhina. Katsojat keskustelevat, p\u00e4\u00e4sik\u00f6 M\u00e4 annan sut pois -kappale oikeuksiinsa illan aikana vai ei.<\/p>\n<p class=\"paragraph\">\u2013 JP Lepp\u00e4luoto oli kummallinen valinta M\u00e4 annan sut pois -biisin laulajaksi ja hevisovitus my\u00f6s hyvin outo. Herkk\u00e4 biisi meni ihan m\u00f6nk\u00e4\u00e4n, er\u00e4s kommentoija kirjoittaa.<\/p>\n<p class=\"paragraph\">Monet ovat kommentoijan kanssa samaa mielt\u00e4. Osa ohjelman katsojista olisi toivonut, ett\u00e4 <a href=\"https:\/\/www.iltalehti.fi\/henkilot\/Suvi Ter\u00e4sniska\" class=\"article-link-person-page\" rel=\"nofollow noopener\" target=\"_blank\">Suvi Ter\u00e4sniska<\/a> olisi esitt\u00e4nyt kyseisen herk\u00e4n kappaleen.<\/p>\n<p class=\"paragraph\">\u2013 Samaa mielt\u00e4 olen. Tuo biisi on aina merkinnyt minulle paljon, nyt se lyt\u00e4ttiin ja pilattiin, yksi kommentoijista analysoi.<\/p>\n<p class=\"paragraph\">\u2013 JP:ll\u00e4 t\u00e4ysin v\u00e4\u00e4r\u00e4 biisi. Puuttui tunne ja herkkyys. Suvi olisi ollut sopiva esitt\u00e4j\u00e4. Isaac, Ellen ja Anja mieluisat vieraat, kolmas kommentoija listaa.<\/p>\n<p class=\"paragraph\">Useat kommentoijat nimitt\u00e4v\u00e4t itse\u00e4\u00e4n Lepp\u00e4luodon fanikuntaan kuuluviksi, mutta lauantainen esitys ei vakuuttanut.<\/p>\n<p class=\"paragraph\">\u2013 JP on kyll\u00e4 huippu, mutta olisi nyt vaatinut Suvin laulajaksi.<\/p>\n<p class=\"paragraph\">\u2013 J\u00e4\u00e4t\u00e4v\u00e4n huono tulkinta. Tunne puuttui ja t\u00e4m\u00e4 kuuluu kyll\u00e4 laulaa. Tykk\u00e4\u00e4n oikeasti artistista, mutta nyt ei vaan mennyt ollenkaan.<\/p>\n<p class=\"paragraph\">\u2013 JP:n upeita esityksi\u00e4 on n\u00e4hty runsaasti, mutta t\u00e4m\u00e4 biisi ei nyt sopinut lainkaan h \u00e4nen \u00e4\u00e4nelleen.<\/p>\n<p class=\"paragraph\">Kommentoijista l\u00f6ytyy my\u00f6s Lepp\u00e4luodon ja illan esityksen fanittajia.<\/p>\n<p class=\"paragraph\">\u2013 Upea esitys JP Lepp\u00e4luoto ja M\u00e4 annan sut pois! yksi kommentoijista hehkuttaa.<\/p>\n<p class=\"paragraph\">\u2013 Huikea! Toinen jatkaa.<\/p>\n<p class=\"paragraph\">\u2013 M\u00e4 annan sut pois paras ja ihanin biisi. Kiitos Anja Snellman! Kolmas summaa.<\/p>\n<p class=\"paragraph\">El\u00e4m\u00e4ni biisi -ohjelma lauantaisin kello 21 Yle TV1 -kanavalla ja Yle Areenassa. <a href=\"https:\/\/www.iltalehti.fi\/telkku\" rel=\"nofollow noopener\" target=\"_blank\">Katso kaikki ohjelmatiedot ja l\u00e4hetysajat Telkusta.<\/a><\/p>\n","protected":false},"excerpt":{"rendered":"Osa katsojista piti JP Lepp\u00e4luotoa kummallisena valintana herk\u00e4n kappaleen esitt\u00e4j\u00e4ksi. Lauantaisessa El\u00e4m\u00e4ni biisi -jaksossa t\u00e4htitieteilij\u00e4 Anne Liljestr\u00f6m, juontaja&hellip;\n","protected":false},"author":2,"featured_media":59927,"comment_status":"","ping_status":"","sticky":false,"template":"","format":"standard","meta":{"footnotes":""},"categories":[133],"tags":[35,138,137,33,31,30,47,141,32,484,206,139,156,109],"class_list":{"0":"post-59926","1":"post","2":"type-post","3":"status-publish","4":"format-standard","5":"has-post-thumbnail","7":"category-televisiot","8":"tag-24h","9":"tag-audio","10":"tag-entertainment","11":"tag-fi","12":"tag-finland","13":"tag-finnish","14":"tag-musiikki","15":"tag-muusikot-bandit","16":"tag-suomi","17":"tag-taiteellinen-ilmaisu-ja-mediat","18":"tag-televisiot","19":"tag-tv-ohjelmat","20":"tag-tv","21":"tag-viihde"},"share_on_mastodon":{"url":"","error":""},"_links":{"self":[{"href":"https:\/\/www.europesays.com\/fi\/wp-json\/wp\/v2\/posts\/59926","targetHints":{"allow":["GET"]}}],"collection":[{"href":"https:\/\/www.europesays.com\/fi\/wp-json\/wp\/v2\/posts"}],"about":[{"href":"https:\/\/www.europesays.com\/fi\/wp-json\/wp\/v2\/types\/post"}],"author":[{"embeddable":true,"href":"https:\/\/www.europesays.com\/fi\/wp-json\/wp\/v2\/users\/2"}],"replies":[{"embeddable":true,"href":"https:\/\/www.europesays.com\/fi\/wp-json\/wp\/v2\/comments?post=59926"}],"version-history":[{"count":0,"href":"https:\/\/www.europesays.com\/fi\/wp-json\/wp\/v2\/posts\/59926\/revisions"}],"wp:featuredmedia":[{"embeddable":true,"href":"https:\/\/www.europesays.com\/fi\/wp-json\/wp\/v2\/media\/59927"}],"wp:attachment":[{"href":"https:\/\/www.europesays.com\/fi\/wp-json\/wp\/v2\/media?parent=59926"}],"wp:term":[{"taxonomy":"category","embeddable":true,"href":"https:\/\/www.europesays.com\/fi\/wp-json\/wp\/v2\/categories?post=59926"},{"taxonomy":"post_tag","embeddable":true,"href":"https:\/\/www.europesays.com\/fi\/wp-json\/wp\/v2\/tags?post=59926"}],"curies":[{"name":"wp","href":"https:\/\/api.w.org\/{rel}","templated":true}]}}