{"id":59932,"date":"2025-10-12T12:09:08","date_gmt":"2025-10-12T12:09:08","guid":{"rendered":"https:\/\/www.europesays.com\/fi\/59932\/"},"modified":"2025-10-12T12:09:08","modified_gmt":"2025-10-12T12:09:08","slug":"pinja-sanaksenahon-perheessa-suru-uutinen","status":"publish","type":"post","link":"https:\/\/www.europesays.com\/fi\/59932\/","title":{"rendered":"Pinja Sanaksenahon perheess\u00e4 suru-uutinen"},"content":{"rendered":"<p> Pinja Sanaksenahon perheess\u00e4 on kohdattu suuri suru.<\/p>\n<p><img decoding=\"async\" class=\"image image-show image-preview\" src=\"https:\/\/www.europesays.com\/fi\/wp-content\/uploads\/2025\/10\/1d6f7fa8978a89e4880ff673112ae173b1b7e9ccea25b23830b640c2120a4d66.jpg\" alt=\"\"\/><img decoding=\"async\" class=\"image image-show\" src=\"https:\/\/www.europesays.com\/fi\/wp-content\/uploads\/2025\/10\/1760270948_98_1d6f7fa8978a89e4880ff673112ae173b1b7e9ccea25b23830b640c2120a4d66.jpg\" alt=\"\"\/><\/p>\n<p>Pinja Sanaksenaho kertoo surustaan Instagramissa. Tuuli Syrj\u00e4l\u00e4<\/p>\n<p class=\"paragraph\">Vaikuttaja <a href=\"https:\/\/www.iltalehti.fi\/henkilot\/Pinja Sanaksenaho\" class=\"article-link-person-page\" rel=\"nofollow noopener\" target=\"_blank\">Pinja Sanaksenahon<\/a> eli <strong>Pinkku Pinskun<\/strong> perhe on kertonut sosiaalisessa mediassa suuresta surusta.<\/p>\n<p class=\"paragraph\">Sanaksenahon perhe kertoo Instagram-sovelluksessa, ett\u00e4 heid\u00e4n perheenj\u00e4senens\u00e4 <strong>Esa Sanaksenaho<\/strong> on kuollut. <a href=\"https:\/\/www.seiska.fi\/kotimaa\/pinja-sanaksenahon-isa-on-kuollut\/1959333\" target=\"_blank\" rel=\"noopener nofollow\">Seiskan<\/a> mukaan kyseess\u00e4 on Pinja Sananksenahon is\u00e4.<\/p>\n<p class=\"paragraph\">\u2013 Meid\u00e4n perhett\u00e4 on kohdannut suuri suru, yksi meist\u00e4 on pois. Rakkaamme Esa Sanaksenaho menehtyi 9.10.25 \u00e4killiseen sairauskohtaukseen, perhe kirjoittaa julkaisun yhteydess\u00e4.<\/p>\n<p class=\"paragraph\">\u2013 Rakastamme sinua aina ja ikuisesti. Ik\u00e4v\u00f6iden Jaana, Pinja ja Hugo.<\/p>\n<p class=\"paragraph\">Pinjan \u00e4iti <strong>Jaana Sanaksenaho<\/strong> tekee my\u00f6s sis\u00e4lt\u00f6\u00e4 sosiaaliseen mediaan. Esa Sanaksenaho on ollut tuttu n\u00e4ky h\u00e4nen somesis\u00e4ll\u00f6iss\u00e4\u00e4n muiden perheenj\u00e4senten lis\u00e4ksi.<\/p>\n<p class=\"paragraph\">Pinkku Pinskuna tunnettu vaikuttaja on tehnyt yli vuosikymmenen ajan sis\u00e4lt\u00f6\u00e4 sosiaaliseen mediaan ja erityisesti Youtubeen. H\u00e4net on n\u00e4hty my\u00f6s useissa eri tv-ohjelmissa, mukaan lukien Selviytyj\u00e4t Suomi ja Petolliset.<\/p>\n","protected":false},"excerpt":{"rendered":"Pinja Sanaksenahon perheess\u00e4 on kohdattu suuri suru. Pinja Sanaksenaho kertoo surustaan Instagramissa. Tuuli Syrj\u00e4l\u00e4 Vaikuttaja Pinja Sanaksenahon eli&hellip;\n","protected":false},"author":2,"featured_media":59933,"comment_status":"","ping_status":"","sticky":false,"template":"","format":"standard","meta":{"footnotes":""},"categories":[130],"tags":[35,137,33,31,30,101,147,99,100,98,32,109],"class_list":{"0":"post-59932","1":"post","2":"type-post","3":"status-publish","4":"format-standard","5":"has-post-thumbnail","7":"category-viihde","8":"tag-24h","9":"tag-entertainment","10":"tag-fi","11":"tag-finland","12":"tag-finnish","13":"tag-ihmissuhteet","14":"tag-internet-palvelut","15":"tag-lapset","16":"tag-lapset-ja-nuoret","17":"tag-perhe","18":"tag-suomi","19":"tag-viihde"},"share_on_mastodon":{"url":"","error":""},"_links":{"self":[{"href":"https:\/\/www.europesays.com\/fi\/wp-json\/wp\/v2\/posts\/59932","targetHints":{"allow":["GET"]}}],"collection":[{"href":"https:\/\/www.europesays.com\/fi\/wp-json\/wp\/v2\/posts"}],"about":[{"href":"https:\/\/www.europesays.com\/fi\/wp-json\/wp\/v2\/types\/post"}],"author":[{"embeddable":true,"href":"https:\/\/www.europesays.com\/fi\/wp-json\/wp\/v2\/users\/2"}],"replies":[{"embeddable":true,"href":"https:\/\/www.europesays.com\/fi\/wp-json\/wp\/v2\/comments?post=59932"}],"version-history":[{"count":0,"href":"https:\/\/www.europesays.com\/fi\/wp-json\/wp\/v2\/posts\/59932\/revisions"}],"wp:featuredmedia":[{"embeddable":true,"href":"https:\/\/www.europesays.com\/fi\/wp-json\/wp\/v2\/media\/59933"}],"wp:attachment":[{"href":"https:\/\/www.europesays.com\/fi\/wp-json\/wp\/v2\/media?parent=59932"}],"wp:term":[{"taxonomy":"category","embeddable":true,"href":"https:\/\/www.europesays.com\/fi\/wp-json\/wp\/v2\/categories?post=59932"},{"taxonomy":"post_tag","embeddable":true,"href":"https:\/\/www.europesays.com\/fi\/wp-json\/wp\/v2\/tags?post=59932"}],"curies":[{"name":"wp","href":"https:\/\/api.w.org\/{rel}","templated":true}]}}