{"id":60061,"date":"2025-10-12T15:29:06","date_gmt":"2025-10-12T15:29:06","guid":{"rendered":"https:\/\/www.europesays.com\/fi\/60061\/"},"modified":"2025-10-12T15:29:06","modified_gmt":"2025-10-12T15:29:06","slug":"paula-vesala-raskauskuva-ihastuttaa-seiska","status":"publish","type":"post","link":"https:\/\/www.europesays.com\/fi\/60061\/","title":{"rendered":"Paula Vesala: raskauskuva ihastuttaa | Seiska"},"content":{"rendered":"<p>\n            20220829, Espoo. Espoo Cinen avajaiset. Kuvassa Paula Vesala.<br \/>\n            TIMO KORHONEN\n        <\/p>\n<p class=\"subtitle \">Paula odottaa toista lastaan.<\/p>\n<p class=\"article-content article-content-width !bg-background\">Muusikko, k\u00e4sikirjoittaja ja n\u00e4yttelij\u00e4\u00a0, 43, odottaa toista lastaan.<\/p>\n<p>        <a itemprop=\"url\" href=\"https:\/\/www.seiska.fi\/kotimaa\/pmmplle-miljoonien-rahapotti-taustalla-massimuijien-verokikkailu\/1949327\" rel=\"nofollow noopener\" target=\"_blank\"><\/p>\n<p>\nTaustalla \u201dmassimuijien\u201d verokikkailu\n<\/p>\n<p class=\"section-date\">\n        <strong class=\"article-section\" data-section=\"kotimaa\"><br \/>\n            kotimaa<br \/>\n        <\/strong><br \/>\n        6.10. 06:00\n    <\/p>\n<p>PMMP:lle miljoonien rahapotti \u2013 taustalla \u201dmassimuijien\u201d verokikkailu\n    <\/p>\n<p itemprop=\"description\" class=\"subtitle \">\n    Suosikkiyhtye PMMP:n paluukeikat kannatti, sill\u00e4 kaikille b\u00e4ndin j\u00e4senille tupsahti j\u00e4\u00e4t\u00e4v\u00e4 potti edullista rahaa.\n<\/p>\n<p>        <\/a><\/p>\n<p class=\"font-weight-bold m-font-weight-bold article-content article-content-width !bg-background\">Katso arkistovideo \u2013 Paula lomaili rakkaansa kanssa:<\/p>\n<p>Hehkuu onnea<\/p>\n<p class=\"article-content article-content-width !bg-background\">Paula kertoi syyskuun alussa sosiaalisessa mediassa odottavansa perheenlis\u00e4yst\u00e4.<\/p>\n<p class=\"article-content article-content-width !bg-background\">\u2013\u00a0Olen saanut pit\u00e4\u00e4 salaisuutta, jota toivoin hirmuisen kauan, ja luovutinkin jo. Sanottiin ett\u00e4 olisi mahdotonta, mutta h\u00e4n p\u00e4\u00e4tti tulla kuitenkin, Paula kirjoitti Instagram-p\u00e4ivityksess\u00e4\u00e4n.<\/p>\n<p class=\"article-content article-content-width !bg-background\">Paulalla on ennest\u00e4\u00e4n 17-vuotias poika, jonka h\u00e4n sai suhteestaan\u00a0The Rasmus\u00a0-yhtyeest\u00e4 tutun\u00a0\u00a0kanssa.\u00a0<\/p>\n<p>        <a itemprop=\"url\" href=\"https:\/\/www.seiska.fi\/kotimaa\/tama-vauvan-saavan-paula-vesalan-puolisosta-tiedetaan\/1935843\" rel=\"nofollow noopener\" target=\"_blank\"><\/p>\n<p>\nVauva tulossa\n<\/p>\n<p class=\"section-date\">\n        <strong class=\"article-section\" data-section=\"kotimaa\"><br \/>\n            kotimaa<br \/>\n        <\/strong><br \/>\n        19.9. 09:44\n    <\/p>\n<p>T\u00e4m\u00e4 vauvan saavan Paula Vesalan puolisosta tiedet\u00e4\u00e4n\n    <\/p>\n<p itemprop=\"description\" class=\"subtitle \">\n    Paula on kertonut k\u00e4yneens\u00e4 lapsettomuushoidoissa.\n<\/p>\n<p>        <\/a><\/p>\n<p class=\"article-content article-content-width !bg-background\">Raskausuutisensa j\u00e4lkeen Paula ei ole jakanut Instagram-tilill\u00e4\u00e4n muita kuvia raskaudestaan. Tuoreessa julkaisussaan h\u00e4n kuitenkin esittelee kauniisti py\u00f6ristynytt\u00e4 vatsaansa.<\/p>\n<p>&#8221;Mama&#8221;<\/p>\n<p class=\"article-content article-content-width !bg-background\">Paula poseeraa mustassa, kiilt\u00e4v\u00e4pintaisessa asussa, joka paljastaa vatsan. Asuun kuuluu leve\u00e4, maahan ulottuva hame ja liehuvahihainen pusero. H\u00e4n pitelee vatsaansa k\u00e4sill\u00e4\u00e4n.<\/p>\n<p class=\"article-content article-content-width !bg-background\">\u2013\u00a0Odotuksia \/ expectations, Paula kirjoittaa kuvatekstiss\u00e4.<\/p>\n<p class=\"article-content article-content-width !bg-background\">Julkaisu on ker\u00e4nnyt kymmeni\u00e4 ihastelevia kommentteja.<\/p>\n<p>        <a itemprop=\"url\" href=\"https:\/\/www.seiska.fi\/kotimaa\/tiesitko-ttk-tahti-seurusteli-paula-vesalan-kanssa-deittaili-myos-kaunarit-tahtea\/1936064\" rel=\"nofollow noopener\" target=\"_blank\"><\/p>\n<p>\nTiesitk\u00f6?\n<\/p>\n<p class=\"section-date\">\n        <strong class=\"article-section\" data-section=\"kotimaa\"><br \/>\n            kotimaa<br \/>\n        <\/strong><br \/>\n        21.9. 12:00\n    <\/p>\n<p>Tiesitk\u00f6? TTK-t\u00e4hti seurusteli Paula Vesalan kanssa \u2013 deittaili my\u00f6s Kaunarit-t\u00e4hte\u00e4!\n    <\/p>\n<p itemprop=\"description\" class=\"subtitle \">\n    TTK-komistuksella on silm\u00e4\u00e4 naiskauneudelle sek\u00e4 lahjakkuudelle.\n<\/p>\n<p>        <\/a><\/p>\n<p class=\"article-content article-content-width !bg-background\">\u2013\u00a0Mama, kirjoittaa laulajakollega  syd\u00e4men kera.<\/p>\n<p class=\"article-content article-content-width !bg-background\">\u2013\u00a0Rakas sin\u00e4 ja te, kommentoi n\u00e4yttelij\u00e4 <\/p>\n<p class=\"article-content article-content-width !bg-background\">\u2013\u00a0Mama!!! Ihastelee juuri vauvan saanut .<\/p>\n<p class=\"article-content article-content-width !bg-background\">\u2013\u00a0Upeus!! Hehkuttaa muotisuunnittelija .<\/p>\n<p>Ty\u00f6kavereista rakastavaisiksi<\/p>\n<p class=\"article-content article-content-width !bg-background\">Seiska uutisoi ensimm\u00e4isen kerran vuonna 2021, ett\u00e4 Paula seurustelee elokuva-alalla ty\u00f6skentelev\u00e4n miehen kanssa.<\/p>\n<p class=\"article-content article-content-width !bg-background\">Paula on ollut julkisuudessa melko vaitonainen yksityisel\u00e4m\u00e4st\u00e4\u00e4n ja parisuhdeasioistaan.\u00a0Ennen kuin heid\u00e4n suhteensa vakavoitui, Paula ja h\u00e4nen puolisonsa ehtiv\u00e4t ty\u00f6skennell\u00e4 yhdess\u00e4.<\/p>\n<p>        <a itemprop=\"url\" href=\"https:\/\/www.seiska.fi\/kotimaa\/paula-vesala-ja-krista-kosonen-murtuivat-kollegansa-yllattavasta-poismenosta-kuolinsyy-julki\/1938814\" rel=\"nofollow noopener\" target=\"_blank\"><\/p>\n<p>\nPaula Vesala ja Krista Kosonen murtuivat\n<\/p>\n<p class=\"section-date\">\n        <strong class=\"article-section\" data-section=\"kotimaa\"><br \/>\n            kotimaa<br \/>\n        <\/strong><br \/>\n        22.9. 16:30\n    <\/p>\n<p>Paula Vesala ja Krista Kosonen murtuivat kollegansa yll\u00e4tt\u00e4v\u00e4st\u00e4 poismenosta \u2013 kuolinsyy julki!\n    <\/p>\n<p itemprop=\"description\" class=\"subtitle \">\n    Tomi Alatalon oli m\u00e4\u00e4r\u00e4 n\u00e4ytell\u00e4 H\u00e4meenlinnan Teatterissa ensi kuussa ensi-iltansa saavassa musiikkin\u00e4ytelm\u00e4ss\u00e4 Irwin \u2013 Mies joka valitsi v\u00e4\u00e4rin nuorta Irwin Goodmania.\n<\/p>\n<p>        <\/a><\/p>\n<p class=\"article-content article-content-width !bg-background\">Vuonna 2021 Y\u00f6kyl\u00e4ss\u00e4 Maria Veitola -ohjelmassa n\u00e4htiin kuitenkin harvinainen hetki, kun Paula vahvisti olevansa parisuhteessa.<\/p>\n","protected":false},"excerpt":{"rendered":"20220829, Espoo. Espoo Cinen avajaiset. Kuvassa Paula Vesala. TIMO KORHONEN Paula odottaa toista lastaan. Muusikko, k\u00e4sikirjoittaja ja n\u00e4yttelij\u00e4\u00a0,&hellip;\n","protected":false},"author":2,"featured_media":60062,"comment_status":"","ping_status":"","sticky":false,"template":"","format":"standard","meta":{"footnotes":""},"categories":[136],"tags":[6664,407,137,33,31,30,408,14042,4793,4803,2443,32,109,14043],"class_list":{"0":"post-60061","1":"post","2":"type-post","3":"status-publish","4":"format-standard","5":"has-post-thumbnail","7":"category-julkkikset","8":"tag-anna-puu","9":"tag-celebrities","10":"tag-entertainment","11":"tag-fi","12":"tag-finland","13":"tag-finnish","14":"tag-julkkikset","15":"tag-lauri-ylonen","16":"tag-paula-vesala","17":"tag-pmmp","18":"tag-raskaus","19":"tag-suomi","20":"tag-viihde","21":"tag-yokylassa-maria-veitola"},"share_on_mastodon":{"url":"","error":""},"_links":{"self":[{"href":"https:\/\/www.europesays.com\/fi\/wp-json\/wp\/v2\/posts\/60061","targetHints":{"allow":["GET"]}}],"collection":[{"href":"https:\/\/www.europesays.com\/fi\/wp-json\/wp\/v2\/posts"}],"about":[{"href":"https:\/\/www.europesays.com\/fi\/wp-json\/wp\/v2\/types\/post"}],"author":[{"embeddable":true,"href":"https:\/\/www.europesays.com\/fi\/wp-json\/wp\/v2\/users\/2"}],"replies":[{"embeddable":true,"href":"https:\/\/www.europesays.com\/fi\/wp-json\/wp\/v2\/comments?post=60061"}],"version-history":[{"count":0,"href":"https:\/\/www.europesays.com\/fi\/wp-json\/wp\/v2\/posts\/60061\/revisions"}],"wp:featuredmedia":[{"embeddable":true,"href":"https:\/\/www.europesays.com\/fi\/wp-json\/wp\/v2\/media\/60062"}],"wp:attachment":[{"href":"https:\/\/www.europesays.com\/fi\/wp-json\/wp\/v2\/media?parent=60061"}],"wp:term":[{"taxonomy":"category","embeddable":true,"href":"https:\/\/www.europesays.com\/fi\/wp-json\/wp\/v2\/categories?post=60061"},{"taxonomy":"post_tag","embeddable":true,"href":"https:\/\/www.europesays.com\/fi\/wp-json\/wp\/v2\/tags?post=60061"}],"curies":[{"name":"wp","href":"https:\/\/api.w.org\/{rel}","templated":true}]}}