{"id":60097,"date":"2025-10-12T16:09:09","date_gmt":"2025-10-12T16:09:09","guid":{"rendered":"https:\/\/www.europesays.com\/fi\/60097\/"},"modified":"2025-10-12T16:09:09","modified_gmt":"2025-10-12T16:09:09","slug":"viisikymppinen-mies-osti-15-vuotiaalta-seksia-viinalla-tytto-ei-ehtinyt-nahda-kun-mies-tuomittiin","status":"publish","type":"post","link":"https:\/\/www.europesays.com\/fi\/60097\/","title":{"rendered":"Viisikymppinen mies osti 15-vuotiaalta seksi\u00e4 viinalla \u2013 Tytt\u00f6 ei ehtinyt n\u00e4hd\u00e4, kun mies tuomittiin"},"content":{"rendered":"<p>Mies osti seksi\u00e4 alaik\u00e4iselt\u00e4 hatkanuorelta kahdesti. Tytt\u00f6 avautui l\u00e4heiselleen j\u00e4rkytt\u00e4v\u00e4st\u00e4 kokemuksesta.<\/p>\n<p><img decoding=\"async\" class=\"image image-show image-preview\" src=\"https:\/\/www.europesays.com\/fi\/wp-content\/uploads\/2025\/10\/373d5ff571ced4bc5ee16740332ea612ac1ce489a61818e3274dd60182a20e84.jpg\" alt=\"\"\/><img decoding=\"async\" class=\"image image-show\" src=\"https:\/\/www.europesays.com\/fi\/wp-content\/uploads\/2025\/10\/1760285349_540_373d5ff571ced4bc5ee16740332ea612ac1ce489a61818e3274dd60182a20e84.jpg\" alt=\"\"\/><\/p>\n<p>Viestien perusteella tytt\u00f6 h\u00e4pesi tapahtunutta v\u00e4litt\u00f6m\u00e4sti. Kuvituskuva. Mostphotos<\/p>\n<p class=\"paragraph\">It\u00e4-Suomen hovioikeus on tuominnut 52-vuotiaan miehen t\u00f6rkeist\u00e4 lapseen kohdistuvista seksuaalirikoksista vankeuteen.<\/p>\n<p class=\"paragraph\">Syytt\u00e4j\u00e4n mukaan mies osti alaik\u00e4iselt\u00e4 tyt\u00f6lt\u00e4 seksi\u00e4. Rikokset tapahtuivat Kotkassa ja Kouvolassa vuosina 2019\u20132020. Mies oli tekoaikaan 46-vuotias, uhri 15\u201316-vuotias.<\/p>\n<p class=\"paragraph\">Maksuksi kelpasivat alkoholi ja tupakka.<\/p>\n<p>Seksi\u00e4 viinalla<\/p>\n<p class=\"paragraph\">Mies kohtasi tyt\u00f6n random.fi-verkkosivustolla. 15-vuotias tytt\u00f6 oli tapahtuma-aikaan karkumatkalla lastensuojelulaitoksesta. H\u00e4n valehteli olevansa 17-vuotias.<\/p>\n<p class=\"paragraph\">Jo kolmannessa viestiss\u00e4\u00e4n mies pyysi tyt\u00f6lt\u00e4 alastonkuvia. H\u00e4n oli l\u00e4hett\u00e4nyt itsest\u00e4\u00e4n alastonkuvan tyt\u00f6lle. Kun tytt\u00f6 ei suostunut l\u00e4hett\u00e4m\u00e4\u00e4n vastaavia kuvia, mies pyysi \u201dnormikuvia\u201d.<\/p>\n<p class=\"paragraph\">\u2013 M\u00e4 haen vakipanoa, mies viestitti tyt\u00f6lle suoraan.<\/p>\n<p class=\"paragraph\">Tytt\u00f6 suostui miehen ehdotteluihin vain yhdell\u00e4 ehdolla: h\u00e4n halusi miehelt\u00e4 viinaa ja muutaman t\u00f6lkin lonkeroa. Kun tytt\u00f6 yritti my\u00f6hemmin pyyt\u00e4\u00e4 my\u00f6s tupakkaa, mies torjui ehdotuksen: Vain alkoholista oli sovittu.<\/p>\n<p class=\"paragraph\">Mies kertoi viesteiss\u00e4\u00e4n haluavansa tyt\u00f6lt\u00e4 runsaasti seksi\u00e4 ilman kondomia.<\/p>\n<p class=\"paragraph\">Jo seuraavana p\u00e4iv\u00e4n\u00e4 mies k\u00e4vi noutamassa sovitusti 15-vuotiaan tyt\u00f6n paikalliselta Salelta luokseen. Sukupuoliyhteys tapahtui miehen kotona.<\/p>\n<p>T\u00e4ytti 16 vuotta<\/p>\n<p>Tytt\u00f6 ei ehtinyt n\u00e4hd\u00e4, kun h\u00e4nen hyv\u00e4ksik\u00e4ytt\u00e4j\u00e4ns\u00e4 tuomittiin yli kahden vuoden vankeusrangaistukseen. Henri K\u00e4rkk\u00e4inen<\/p>\n<p class=\"paragraph\">My\u00f6hemmin tytt\u00f6 l\u00e4hetti miehelle viestin, jossa tunnusti olevansa 15-vuotias.<\/p>\n<p class=\"paragraph\">\u2013 Kerroit olevasi 17-vuotias. Viestit tallessa, mies vastasi.<\/p>\n<p class=\"paragraph\">K\u00e4r\u00e4j\u00e4oikeuden mukaan tytt\u00f6 oli miehelle l\u00e4hett\u00e4miens\u00e4 kuvien perusteella nuori henkil\u00f6. Asiassa oli siten ilmeist\u00e4, ett\u00e4 miehen olisi pit\u00e4nyt tarkistaa tyt\u00f6n ik\u00e4.<\/p>\n<p class=\"paragraph\">My\u00f6hemmin tytt\u00f6 ehdotti miehelle, ett\u00e4 he voisivat jatkaa tapailua puhtaalta p\u00f6yd\u00e4lt\u00e4, kun h\u00e4n t\u00e4ytt\u00e4\u00e4 16 vuotta. Mies ei torjunut t\u00e4t\u00e4 ehdotusta.<\/p>\n<p class=\"paragraph\">Puolen vuoden p\u00e4\u00e4st\u00e4 mies k\u00e4vi j\u00e4lleen hakemassa tyt\u00f6n samasta paikasta ja hyv\u00e4ksik\u00e4ytt\u00f6 jatkui tupakka-askin hinnalla.<\/p>\n<p class=\"paragraph\">Koska tytt\u00f6 oli t\u00e4ytt\u00e4nyt tapahtumien v\u00e4liss\u00e4 16 vuotta, miehen tekoihin sovellettiin eri rikosnimikkeit\u00e4. Ensimm\u00e4isen teon osalta kyse oli t\u00f6rke\u00e4st\u00e4 lapsen seksuaalisesta hyv\u00e4ksik\u00e4yt\u00f6st\u00e4. Toisen teon osalta perusmuotoisesta seksuaalisesta hyv\u00e4ksik\u00e4yt\u00f6st\u00e4.<\/p>\n<p>Kuoli ennen oikeudenk\u00e4ynti\u00e4<\/p>\n<p class=\"paragraph\">Heti ensimm\u00e4isen kerran j\u00e4lkeen tytt\u00f6 l\u00e4hetti l\u00e4heiselleen viestej\u00e4, joissa kertoi asiasta ja miehest\u00e4. Tapahtunut h\u00e4vetti h\u00e4nt\u00e4. Tytt\u00f6 sanoi, ett\u00e4 h\u00e4neen sattui ja h\u00e4n haluaa kuolla.<\/p>\n<p class=\"paragraph\">Teinitytt\u00f6 kuoli ennen kuin asiaa ehdittiin k\u00e4sitell\u00e4 k\u00e4r\u00e4jill\u00e4. Videoidussa kuulemisessaan h\u00e4n kertoi, ettei mies ollut varmistanut h\u00e4nen ik\u00e4\u00e4ns\u00e4 ennen tapaamista mitenk\u00e4\u00e4n.<\/p>\n<p class=\"paragraph\">K\u00e4r\u00e4j\u00e4oikeus katsoi annetun n\u00e4yt\u00f6n perusteella, ett\u00e4 viisikymppinen mies oli tarjonnut tyt\u00f6lle alkoholia ja tupakkaa vastineeksi seksist\u00e4.<\/p>\n<p class=\"paragraph\"><strong>Jani Pekka Juhani Jolkkonen<\/strong> tuomittiin Kymenlaakson k\u00e4r\u00e4j\u00e4oikeudessa silloisen seksuaalirikoslain mukaan t\u00f6rke\u00e4st\u00e4 lapsen seksuaalisesta hyv\u00e4ksik\u00e4yt\u00f6st\u00e4, seksuaalisesta hyv\u00e4ksik\u00e4yt\u00f6st\u00e4 ja kahdesta seksuaalipalvelujen ostamisesta nuorelta henkil\u00f6lt\u00e4. Mies tuomittiin kahden ja puolen vuoden vankeusrangaistukseen.<\/p>\n<p class=\"paragraph\">It\u00e4-Suomen hovioikeus ei muuttanut tuomiota rangaistusseuraamuksen osalta. K\u00e4r\u00e4j\u00e4oikeuden tuomio j\u00e4\u00e4 siis voimaan.<\/p>\n<p class=\"paragraph\">\u00c4l\u00e4 j\u00e4\u00e4 yksin! Mielenterveysongelmiin ja itsetuhoisiin ajatuksiin on saatavilla kattavasti tukea. Tietoa tukipalveluista puhelimitse, verkossa ja kasvokkain <a href=\"https:\/\/www.iltalehti.fi\/terveysuutiset\/201806102200998639\" rel=\"nofollow noopener\" target=\"_blank\">l\u00f6yd\u00e4t t\u00e4\u00e4lt\u00e4<\/a>.<\/p>\n","protected":false},"excerpt":{"rendered":"Mies osti seksi\u00e4 alaik\u00e4iselt\u00e4 hatkanuorelta kahdesti. Tytt\u00f6 avautui l\u00e4heiselleen j\u00e4rkytt\u00e4v\u00e4st\u00e4 kokemuksesta. Viestien perusteella tytt\u00f6 h\u00e4pesi tapahtunutta v\u00e4litt\u00f6m\u00e4sti. Kuvituskuva.&hellip;\n","protected":false},"author":2,"featured_media":60098,"comment_status":"","ping_status":"","sticky":false,"template":"","format":"standard","meta":{"footnotes":""},"categories":[5],"tags":[35,22,23,26,27,33,31,30,17,2288,24,25,28,29,15,18,21,98,38,875,32,19,20,1727,16],"class_list":{"0":"post-60097","1":"post","2":"type-post","3":"status-publish","4":"format-standard","5":"has-post-thumbnail","7":"category-otsikot","8":"tag-24h","9":"tag-breaking-news","10":"tag-breakingnews","11":"tag-featured-news","12":"tag-featurednews","13":"tag-fi","14":"tag-finland","15":"tag-finnish","16":"tag-headlines","17":"tag-karajaoikeus","18":"tag-latest-news","19":"tag-latestnews","20":"tag-main-news","21":"tag-mainnews","22":"tag-news","23":"tag-otsikot","24":"tag-paauutiset","25":"tag-perhe","26":"tag-rikos","27":"tag-seksi","28":"tag-suomi","29":"tag-top-stories","30":"tag-topstories","31":"tag-tuomiot","32":"tag-uutiset"},"share_on_mastodon":{"url":"","error":""},"_links":{"self":[{"href":"https:\/\/www.europesays.com\/fi\/wp-json\/wp\/v2\/posts\/60097","targetHints":{"allow":["GET"]}}],"collection":[{"href":"https:\/\/www.europesays.com\/fi\/wp-json\/wp\/v2\/posts"}],"about":[{"href":"https:\/\/www.europesays.com\/fi\/wp-json\/wp\/v2\/types\/post"}],"author":[{"embeddable":true,"href":"https:\/\/www.europesays.com\/fi\/wp-json\/wp\/v2\/users\/2"}],"replies":[{"embeddable":true,"href":"https:\/\/www.europesays.com\/fi\/wp-json\/wp\/v2\/comments?post=60097"}],"version-history":[{"count":0,"href":"https:\/\/www.europesays.com\/fi\/wp-json\/wp\/v2\/posts\/60097\/revisions"}],"wp:featuredmedia":[{"embeddable":true,"href":"https:\/\/www.europesays.com\/fi\/wp-json\/wp\/v2\/media\/60098"}],"wp:attachment":[{"href":"https:\/\/www.europesays.com\/fi\/wp-json\/wp\/v2\/media?parent=60097"}],"wp:term":[{"taxonomy":"category","embeddable":true,"href":"https:\/\/www.europesays.com\/fi\/wp-json\/wp\/v2\/categories?post=60097"},{"taxonomy":"post_tag","embeddable":true,"href":"https:\/\/www.europesays.com\/fi\/wp-json\/wp\/v2\/tags?post=60097"}],"curies":[{"name":"wp","href":"https:\/\/api.w.org\/{rel}","templated":true}]}}