{"id":60117,"date":"2025-10-12T16:34:09","date_gmt":"2025-10-12T16:34:09","guid":{"rendered":"https:\/\/www.europesays.com\/fi\/60117\/"},"modified":"2025-10-12T16:34:09","modified_gmt":"2025-10-12T16:34:09","slug":"hs-mielipide-laakari-varoittaa-adhd-laakityksen-haitoista","status":"publish","type":"post","link":"https:\/\/www.europesays.com\/fi\/60117\/","title":{"rendered":"HS mielipide: L\u00e4\u00e4k\u00e4ri varoittaa ADHD-l\u00e4\u00e4kityksen haitoista"},"content":{"rendered":"<p>L\u00e4\u00e4k\u00e4ri kertoo Helsingin Sanomien mielipidekirjoituksessaan adhd-l\u00e4\u00e4kityksen vaikeasti havaittavista haitoista.<\/p>\n<p><img decoding=\"async\" class=\"image image-show image-preview\" src=\"https:\/\/www.europesays.com\/fi\/wp-content\/uploads\/2025\/10\/a7ec69e69da04cb2bc6789c7a52af2f03bf42db032c8aa281b8f7dc083ef7d41.jpg\" alt=\"\"\/><img decoding=\"async\" class=\"image image-show\" src=\"https:\/\/www.europesays.com\/fi\/wp-content\/uploads\/2025\/10\/1760286849_411_a7ec69e69da04cb2bc6789c7a52af2f03bf42db032c8aa281b8f7dc083ef7d41.jpg\" alt=\"\"\/><\/p>\n<p>L\u00e4\u00e4k\u00e4ri kertoo HS:ssa omakohtaisia kokemuksiaan adhd-l\u00e4\u00e4kityksest\u00e4. Adobe Stock \/ AOP<\/p>\n<p class=\"paragraph\"><a href=\"https:\/\/www.hs.fi\/mielipide\/art-2000011545658.html\" target=\"_blank\" rel=\"noopener nofollow\">Helsingin Sanomien mielipidekirjoituksessa<\/a> (9.10.) psykiatriaan erikoistuva l\u00e4\u00e4k\u00e4ri ja tutkijatohtori <strong>Jani Kajanoja<\/strong> kertoo henkil\u00f6kohtaisista kokemuksistaan adhd-l\u00e4\u00e4kityksest\u00e4.<\/p>\n<p class=\"paragraph\">Kajanojalla on itsell\u00e4\u00e4n adhd-diagnoosi, ja h\u00e4n on k\u00e4ytt\u00e4nyt l\u00e4\u00e4kityst\u00e4 vuosien ajan. Aluksi l\u00e4\u00e4kitys auttoi merkitt\u00e4v\u00e4sti: keskittyminen parani, sis\u00e4inen rauha lis\u00e4\u00e4ntyi ja ty\u00f6skentely helpottui. Puolen vuoden j\u00e4lkeen haittavaikutuksia alkoi nousta esiin.<\/p>\n<p class=\"paragraph\">Selkeiden haittojen, kuten lihasj\u00e4nnityksen ja uniongelmien, lis\u00e4ksi l\u00e4\u00e4k\u00e4ri havaitsi hienovaraisia muutoksia: ajattelun kapeutumista, luovuuden heikkenemist\u00e4 sek\u00e4 empatian vaikeutta. N\u00e4m\u00e4 haitat korjaantuivat kuukauden tauon j\u00e4lkeen.<\/p>\n<p class=\"paragraph\">\u2013 V\u00e4it\u00e4n kuitenkin, ett\u00e4 adhd-l\u00e4\u00e4kkeisiin liittyy hienovaraisia haittoja, joita ei k\u00e4yt\u00e4nn\u00f6ss\u00e4 voida havaita tutkimuksissa, koska niit\u00e4 on vaikeaa itsek\u00e4\u00e4n tunnistaa, saati raportoida l\u00e4\u00e4keviranomaisille. Monet kokevat l\u00e4\u00e4kityksen vaikutukset ep\u00e4m\u00e4\u00e4r\u00e4isen ep\u00e4miellytt\u00e4vin\u00e4 eiv\u00e4tk\u00e4 osaa tarkentaa t\u00e4t\u00e4 kokemusta, Kajanoja toteaa.<\/p>\n<p class=\"paragraph\">Kajanoja kyseenalaistaa l\u00e4\u00e4kityksen turvallisuuden ja tehon, viitaten siihen, ett\u00e4 yli puolet k\u00e4ytt\u00e4jist\u00e4 lopettaa l\u00e4\u00e4kityksen alle kahdessa vuodessa. H\u00e4n suosittelee tiukkaa varovaisuusperiaatetta amfetamiinijohdannaisten k\u00e4yt\u00f6ss\u00e4 ja painottaa l\u00e4\u00e4kkeett\u00f6m\u00e4n hoidon merkityst\u00e4 pitk\u00e4ll\u00e4 aikav\u00e4lill\u00e4, vaikka se on kalliimpaa ja ty\u00f6l\u00e4\u00e4mp\u00e4\u00e4 kuin l\u00e4\u00e4kehoito.<\/p>\n","protected":false},"excerpt":{"rendered":"L\u00e4\u00e4k\u00e4ri kertoo Helsingin Sanomien mielipidekirjoituksessaan adhd-l\u00e4\u00e4kityksen vaikeasti havaittavista haitoista. L\u00e4\u00e4k\u00e4ri kertoo HS:ssa omakohtaisia kokemuksiaan adhd-l\u00e4\u00e4kityksest\u00e4. Adobe Stock \/&hellip;\n","protected":false},"author":2,"featured_media":60118,"comment_status":"","ping_status":"","sticky":false,"template":"","format":"standard","meta":{"footnotes":""},"categories":[12],"tags":[1933,22,23,26,27,33,31,30,17,1390,24,25,28,29,1346,15,18,21,32,502,167,19,20,472,16],"class_list":{"0":"post-60117","1":"post","2":"type-post","3":"status-publish","4":"format-standard","5":"has-post-thumbnail","7":"category-suomi","8":"tag-asiantuntijatyo","9":"tag-breaking-news","10":"tag-breakingnews","11":"tag-featured-news","12":"tag-featurednews","13":"tag-fi","14":"tag-finland","15":"tag-finnish","16":"tag-headlines","17":"tag-kuukausi","18":"tag-latest-news","19":"tag-latestnews","20":"tag-main-news","21":"tag-mainnews","22":"tag-mielenterveys","23":"tag-news","24":"tag-otsikot","25":"tag-paauutiset","26":"tag-suomi","27":"tag-terveydenhoito","28":"tag-terveys","29":"tag-top-stories","30":"tag-topstories","31":"tag-tutkimus","32":"tag-uutiset"},"share_on_mastodon":{"url":"","error":""},"_links":{"self":[{"href":"https:\/\/www.europesays.com\/fi\/wp-json\/wp\/v2\/posts\/60117","targetHints":{"allow":["GET"]}}],"collection":[{"href":"https:\/\/www.europesays.com\/fi\/wp-json\/wp\/v2\/posts"}],"about":[{"href":"https:\/\/www.europesays.com\/fi\/wp-json\/wp\/v2\/types\/post"}],"author":[{"embeddable":true,"href":"https:\/\/www.europesays.com\/fi\/wp-json\/wp\/v2\/users\/2"}],"replies":[{"embeddable":true,"href":"https:\/\/www.europesays.com\/fi\/wp-json\/wp\/v2\/comments?post=60117"}],"version-history":[{"count":0,"href":"https:\/\/www.europesays.com\/fi\/wp-json\/wp\/v2\/posts\/60117\/revisions"}],"wp:featuredmedia":[{"embeddable":true,"href":"https:\/\/www.europesays.com\/fi\/wp-json\/wp\/v2\/media\/60118"}],"wp:attachment":[{"href":"https:\/\/www.europesays.com\/fi\/wp-json\/wp\/v2\/media?parent=60117"}],"wp:term":[{"taxonomy":"category","embeddable":true,"href":"https:\/\/www.europesays.com\/fi\/wp-json\/wp\/v2\/categories?post=60117"},{"taxonomy":"post_tag","embeddable":true,"href":"https:\/\/www.europesays.com\/fi\/wp-json\/wp\/v2\/tags?post=60117"}],"curies":[{"name":"wp","href":"https:\/\/api.w.org\/{rel}","templated":true}]}}