{"id":60226,"date":"2025-10-12T19:10:31","date_gmt":"2025-10-12T19:10:31","guid":{"rendered":"https:\/\/www.europesays.com\/fi\/60226\/"},"modified":"2025-10-12T19:10:31","modified_gmt":"2025-10-12T19:10:31","slug":"noitia-shamaaneja-ja-haltioita-katso-millaista-vakea-vieraili-pakanafestareilla-kulttuuri","status":"publish","type":"post","link":"https:\/\/www.europesays.com\/fi\/60226\/","title":{"rendered":"Noitia, shamaaneja ja haltioita: Katso, millaista v\u00e4ke\u00e4 vieraili Pakanafestareilla | Kulttuuri"},"content":{"rendered":"<p class=\"aw-1gybjub aw-5vja16 ghpEtB kjanFo yle__article__paragraph\">Pakanafestarit j\u00e4rjestettiin t\u00e4n\u00e4 vuonna Espoon Dipolissa.<\/p>\n<p><img decoding=\"async\" alt=\"Pakanafestarit 11.10.2025. \" src=\"https:\/\/www.europesays.com\/fi\/wp-content\/uploads\/2025\/10\/39-153708668eb832d8656e.jpeg\" class=\"aw-1l9m598 hKVVvP\"\/><\/p>\n<p>Avaa kuvien katselu<\/p>\n<p>Mira Suovasen tyyli\u00e4 Pakanafestareilla. Kuva: Jussi Mankkinen \/ Yle<\/p>\n<p class=\"aw-1gybjub aw-1p7kakr ghpEtB jtovHP yle__article__paragraph\">Pakanafestarille osallistui viikonlopun aikana nelisentuhatta kansanperinteest\u00e4, mytologiasta, muinaisuskosta ja pakanuudesta kiinnostunutta henkil\u00f6\u00e4.<\/p>\n<p class=\"aw-1gybjub aw-1p7kakr ghpEtB jtovHP yle__article__paragraph\">Tapahtuman musiikkitarjonnasta taas vastasivat muun muassa Havukruunu, V\u00e4rttin\u00e4 ja Kallom\u00e4ki. Kuvagallerian kuvat ovat lauantailta.<\/p>\n<p><img decoding=\"async\" alt=\"Pakanafestarit 11.10.2025. \" src=\"https:\/\/www.europesays.com\/fi\/wp-content\/uploads\/2025\/10\/39-153707568eb83281e505.jpeg\" loading=\"lazy\" class=\"aw-1l9m598 hKVVvP\"\/><\/p>\n<p>Avaa kuvien katselu<\/p>\n<p>Lauantaina festarilaisia hellii aurinkoinen, joskin tuulinen s\u00e4\u00e4. \u201dMinulle pakanuus merkitsee vapautta olla oma itsens\u00e4: on ok olla erilainen eik\u00e4 aina tarvitse olla jossakin tietyss\u00e4 muotissa\u201d, Maiju Peukkuri toteaa.  Kuva: Jussi Mankkinen \/ Yle<img decoding=\"async\" alt=\"Pakanafestarit 11.10.2025. \" src=\"https:\/\/www.europesays.com\/fi\/wp-content\/uploads\/2025\/10\/39-153707768eb8329c00c2.jpeg\" loading=\"lazy\" class=\"aw-1l9m598 hKVVvP\"\/><\/p>\n<p>Avaa kuvien katselu<\/p>\n<p>Peukkurin korvaa koristaa kanin leukaluusta, tarkemmin alaleukaluusta, tehty korvakoru.  Kuva: Jussi Mankkinen \/ Yle<img decoding=\"async\" alt=\"Pakanafestarit 11.10.2025. \" src=\"https:\/\/www.europesays.com\/fi\/wp-content\/uploads\/2025\/10\/39-153707868eb832a5b1ea.jpeg\" loading=\"lazy\" class=\"aw-1l9m598 hKVVvP\"\/><\/p>\n<p>Avaa kuvien katselu<\/p>\n<p>Monessa mukana oleva Jessika Elo toimii Pakanafestareiden juontajana. \u201dKiinnostus pakanuutta kohtaan kasvaa koko ajan. Kyse on reaktiosta: halutaan palata alkul\u00e4hteille, koska teknologiaa ja  vastaavaa on maailmassa jo niin paljon\u201d.  Kuva: Jussi Mankkinen \/ Yle<img decoding=\"async\" alt=\"Pakanafestarit 11.10.2025. \" src=\"https:\/\/www.europesays.com\/fi\/wp-content\/uploads\/2025\/10\/39-153707968eb832b02718.jpeg\" loading=\"lazy\" class=\"aw-1l9m598 hKVVvP\"\/><\/p>\n<p>Avaa kuvien katselu<\/p>\n<p>Kauhukirjailija Edgar Allan Poen Korppi-runossa (1845) todetaan, ett\u00e4 \u201daavemaisen kiillon luovat korpin silm\u00e4t pahansuovat\u201d. T\u00e4m\u00e4 seesteist\u00e4kin seesteisempi korppi vaikuttaa (onneksi) hieman s\u00e4yse\u00e4mm\u00e4lt\u00e4.  Kuva: Jussi Mankkinen \/ Yle<img decoding=\"async\" alt=\"Pakanafestarit 11.10.2025. \" src=\"https:\/\/www.europesays.com\/fi\/wp-content\/uploads\/2025\/10\/39-153708568eb832d0d39b.jpeg\" loading=\"lazy\" class=\"aw-1l9m598 hKVVvP\"\/><\/p>\n<p>Avaa kuvien katselu<\/p>\n<p>Krista Viitanen ja Sanna Vanhala, joka toimii my\u00f6s Noita ry:n puheenjohtajana. \u201dMe keskitymme suomalaiseen kansanperinnemagiaan sek\u00e4 vanhoihin tapoihin ja perinteisiin ja niiden tuomiseen t\u00e4m\u00e4n p\u00e4iv\u00e4n arkeen\u201d, Vanhala kertoo.   Kuva: Jussi Mankkinen \/ Yle<img decoding=\"async\" alt=\"Pakanafestarit 11.10.2025. \" src=\"https:\/\/www.europesays.com\/fi\/wp-content\/uploads\/2025\/10\/39-153708268eb832bef640.jpeg\" loading=\"lazy\" class=\"aw-1l9m598 hKVVvP\"\/><\/p>\n<p>Avaa kuvien katselu<\/p>\n<p>Sami Suomalainen valvomassa interaktiivista pistett\u00e4, jossa p\u00e4\u00e4see tutustumaan noitavainojen historiaan.  Kuva: Jussi Mankkinen \/ Yle<img decoding=\"async\" alt=\"Pakanafestarit 11.10.2025. \" src=\"https:\/\/www.europesays.com\/fi\/wp-content\/uploads\/2025\/10\/39-153712068eb833e5dd64.jpeg\" loading=\"lazy\" class=\"aw-1l9m598 hKVVvP\"\/><\/p>\n<p>Avaa kuvien katselu<\/p>\n<p>\u201dMua polttaa liekit rovion\u201d, kuten Gimmel-yhtye muinoin lauloi. Interaktiivisuuteen kuuluu se, ett\u00e4 noitavainoista kertovan n\u00e4yttelyn ohella yleis\u00f6ll\u00e4 on mahdollista kokeilla roviota, jonkalaisessa noitia tai noidiksi ep\u00e4iltyj\u00e4 aikoinaan poltettiin.  Kuva: Jussi Mankkinen \/ Yle<img decoding=\"async\" alt=\"Pakanafestarit 11.10.2025. \" src=\"https:\/\/www.europesays.com\/fi\/wp-content\/uploads\/2025\/10\/39-153708368eb832c8160f.jpeg\" loading=\"lazy\" class=\"aw-1l9m598 hKVVvP\"\/><\/p>\n<p>Avaa kuvien katselu<\/p>\n<p>P\u00e4iv\u00e4n ensimm\u00e4isen esiintyj\u00e4n, The Gallows Dance -yhtyeen musiikilliset juuret kurottuvat valtameren toiselle puolelle. Murhafolkiksi nimetty tyylilaji nivoo toisiinsa americanaa, kantria ja karmivia balladeja.  Kuva: Jussi Mankkinen \/ Yle<img decoding=\"async\" alt=\"Pakanafestarit 11.10.2025. \" src=\"https:\/\/www.europesays.com\/fi\/wp-content\/uploads\/2025\/10\/39-153708468eb832ceaafb.jpeg\" loading=\"lazy\" class=\"aw-1l9m598 hKVVvP\"\/><\/p>\n<p>Avaa kuvien katselu<\/p>\n<p>The Gallows Dancen \u00e4\u00e4niarsenaaliin kuuluu my\u00f6s vokalistin kettinkipinon kolistelu.  Kuva: Jussi Mankkinen \/ Yle<img decoding=\"async\" alt=\"Pakanafestarit 11.10.2025. \" src=\"https:\/\/www.europesays.com\/fi\/wp-content\/uploads\/2025\/10\/39-153708768eb832dd1633.jpeg\" loading=\"lazy\" class=\"aw-1l9m598 hKVVvP\"\/><\/p>\n<p>Avaa kuvien katselu<\/p>\n<p>Niko R\u00e4s\u00e4nen, Jutta Koskinen ja Mira Suovanen vaikuttavat Todellisuuspakolaiset ry:ss\u00e4. Pakanafestareilla he ovat el\u00e4v\u00f6itt\u00e4m\u00e4ss\u00e4 tapahtumaa. \u201dPakanuus merkitsee minulle oman luontosuhteen tutkiskelua syv\u00e4llisemm\u00e4ll\u00e4 tasolla, mutta my\u00f6s oman kansan mytologian juurien opiskelua\u201d, Suovanen toteaa.  Kuva: Jussi Mankkinen \/ Yle<img decoding=\"async\" alt=\"Pakanafestarit 11.10.2025. \" src=\"https:\/\/www.europesays.com\/fi\/wp-content\/uploads\/2025\/10\/39-153708868eb832e5a2ec.jpeg\" loading=\"lazy\" class=\"aw-1l9m598 hKVVvP\"\/><\/p>\n<p>Avaa kuvien katselu<\/p>\n<p>Huomaa pakanaskenen isolta nimelt\u00e4 eli Heilung-yhtyeelt\u00e4 napatut visuaaliset vaikutteet.  Kuva: Jussi Mankkinen \/ Yle<img decoding=\"async\" alt=\"Pakanafestarit 11.10.2025. \" src=\"https:\/\/www.europesays.com\/fi\/wp-content\/uploads\/2025\/10\/39-153709168eb832f34ec7.jpeg\" loading=\"lazy\" class=\"aw-1l9m598 hKVVvP\"\/><\/p>\n<p>Avaa kuvien katselu<\/p>\n<p>P\u00f6yd\u00e4lle levitettyjen voimakorttien symmetriaa.  Kuva: Jussi Mankkinen \/ Yle<img decoding=\"async\" alt=\"Pakanafestarit 11.10.2025. \" src=\"https:\/\/www.europesays.com\/fi\/wp-content\/uploads\/2025\/10\/39-153708968eb832e5a677.jpeg\" loading=\"lazy\" class=\"aw-1l9m598 hKVVvP\"\/><\/p>\n<p>Avaa kuvien katselu<\/p>\n<p>Nelj\u00e4 kappaletta kauriiden kalloja&#8230; Kuva: Jussi Mankkinen \/ Yle<img decoding=\"async\" alt=\"Pakanafestarit 11.10.2025. \" src=\"https:\/\/www.europesays.com\/fi\/wp-content\/uploads\/2025\/10\/39-153709068eb832edf959.jpeg\" loading=\"lazy\" class=\"aw-1l9m598 hKVVvP\"\/><\/p>\n<p>Avaa kuvien katselu<\/p>\n<p>&#8230;joita kauppaavat Mea Ihanam\u00e4ki-Pelkonen ja Julia M\u00e4kel\u00e4. \u201dPakanuus merkitsee minulle yhteytt\u00e4 luontoon, omaan perim\u00e4\u00e4n ja omiin juuriin\u201d, Ihanam\u00e4ki-Pelkonen kiteytt\u00e4\u00e4.  Kuva: Jussi Mankkinen \/ Yle<img decoding=\"async\" alt=\"Pakanafestarit 11.10.2025. \" src=\"https:\/\/www.europesays.com\/fi\/wp-content\/uploads\/2025\/10\/39-153709368eb832fb8b3e.jpeg\" loading=\"lazy\" class=\"aw-1l9m598 hKVVvP\"\/><\/p>\n<p>Avaa kuvien katselu<\/p>\n<p>Ketjusepp\u00e4 Loke Rottaparta intoutuu esittelem\u00e4\u00e4n huilistintaitojaan.  Kuva: Jussi Mankkinen \/ Yle<img decoding=\"async\" alt=\"Pakanafestarit 11.10.2025. \" src=\"https:\/\/www.europesays.com\/fi\/wp-content\/uploads\/2025\/10\/39-153710468eb8334c24aa.jpeg\" loading=\"lazy\" class=\"aw-1l9m598 hKVVvP\"\/><\/p>\n<p>Avaa kuvien katselu<\/p>\n<p>K\u00e4ytettyjen kirjojen tarjontaa. Kuvassa muun muassa Rauni-Leena Luukasen Kuolemaa ei ole -klassikko vuodelta 1982.  Kuva: Jussi Mankkinen \/ Yle<img decoding=\"async\" alt=\"Pakanafestarit 11.10.2025. \" src=\"https:\/\/www.europesays.com\/fi\/wp-content\/uploads\/2025\/10\/39-153709568eb83304c446.jpeg\" loading=\"lazy\" class=\"aw-1l9m598 hKVVvP\"\/><\/p>\n<p>Avaa kuvien katselu<\/p>\n<p>Lis\u00e4\u00e4 kirjoja: Juha Jyrk\u00e4ksen t\u00e4n\u00e4 vuonna ilmestynyt Rauni  koostaa kansiensa v\u00e4liin l\u00e4nsisuomalaisen kansanrunouden, joka on j\u00e4\u00e4nyt Kalevalan ja it\u00e4suomalaisen kansanperinteen varjoon.  Kuva: Jussi Mankkinen \/ Yle<img decoding=\"async\" alt=\"Pakanafestarit 11.10.2025. \" src=\"https:\/\/www.europesays.com\/fi\/wp-content\/uploads\/2025\/10\/39-153709468eb833043041.jpeg\" loading=\"lazy\" class=\"aw-1l9m598 hKVVvP\"\/><\/p>\n<p>Avaa kuvien katselu<\/p>\n<p>Juha Jyrk\u00e4s tunnetaan intohimoisena suomen kielen puolestapuhujana: \u201dEnglannin kielen ylivalta on uhkaavaa ja t\u00e4ll\u00e4 hetkell\u00e4 se tunkeutuu esimerkiksi suomalaiseen tieteeseen. Lis\u00e4ksi ravintoloiden ruokalistat ovat englanniksi ja v\u00e4lill\u00e4 Helsingiss\u00e4 ei edes saa palvelua suomeksi\u201d.  Kuva: Jussi Mankkinen \/ Yle<img decoding=\"async\" alt=\"Pakanafestarit 11.10.2025. \" src=\"https:\/\/www.europesays.com\/fi\/wp-content\/uploads\/2025\/10\/39-153709668eb833115397.jpeg\" loading=\"lazy\" class=\"aw-1l9m598 hKVVvP\"\/><\/p>\n<p>Avaa kuvien katselu<\/p>\n<p>Folk-kaksikko P\u00e4\u00e4skyl\u00e4 esiintym\u00e4ss\u00e4 Kallolavalla.  Kuva: Jussi Mankkinen \/ Yle<img decoding=\"async\" alt=\"Pakanafestarit 11.10.2025. \" src=\"https:\/\/www.europesays.com\/fi\/wp-content\/uploads\/2025\/10\/39-153709868eb833335c37.jpeg\" loading=\"lazy\" class=\"aw-1l9m598 hKVVvP\"\/><\/p>\n<p>Avaa kuvien katselu<\/p>\n<p>\u201dT\u00e4m\u00e4 yhteis\u00f6 kulkee k\u00e4si k\u00e4dess\u00e4 metalliskenen kanssa, joten Pakanafestareilla k\u00e4ymisest\u00e4 on muodostunut minulle perinne\u201d, Katariina Koponen sanoo.  Kuva: Jussi Mankkinen \/ Yle<img decoding=\"async\" alt=\"Pakanafestarit 11.10.2025. \" src=\"https:\/\/www.europesays.com\/fi\/wp-content\/uploads\/2025\/10\/39-153709968eb83336233f.jpeg\" loading=\"lazy\" class=\"aw-1l9m598 hKVVvP\"\/><\/p>\n<p>Avaa kuvien katselu<\/p>\n<p>Katariina Koposen n\u00e4ytt\u00e4v\u00e4\u00e4 tyyli\u00e4.  Kuva: Jussi Mankkinen \/ Yle<img decoding=\"async\" alt=\"Pakanafestarit 11.10.2025. \" src=\"https:\/\/www.europesays.com\/fi\/wp-content\/uploads\/2025\/10\/39-153710268eb833448453.jpeg\" loading=\"lazy\" class=\"aw-1l9m598 hKVVvP\"\/><\/p>\n<p>Avaa kuvien katselu<\/p>\n<p>Veli-Matti J\u00e4rvel\u00e4 -niminen peikkomaisia piirteit\u00e4 omaava olento ja keraaminen p\u00e4\u00e4kallo.  Kuva: Jussi Mankkinen \/ Yle<img decoding=\"async\" alt=\"Pakanafestarit 11.10.2025. \" src=\"https:\/\/www.europesays.com\/fi\/wp-content\/uploads\/2025\/10\/39-153710368eb8334a60d6.jpeg\" loading=\"lazy\" class=\"aw-1l9m598 hKVVvP\"\/><\/p>\n<p>Avaa kuvien katselu<\/p>\n<p>K\u00e4sill\u00e4 tekeminen on t\u00e4rke\u00e4 osa Pakanafestareita.  Kuva: Jussi Mankkinen \/ Yle<img decoding=\"async\" alt=\"Pakanafestarit 11.10.2025. \" src=\"https:\/\/www.europesays.com\/fi\/wp-content\/uploads\/2025\/10\/39-153712168eb833ee34bf.jpeg\" loading=\"lazy\" class=\"aw-1l9m598 hKVVvP\"\/><\/p>\n<p>Avaa kuvien katselu<\/p>\n<p>T\u00e4ss\u00e4 rakentuu yhteis\u00f6llinen taideteos langoista.  Kuva: Jussi Mankkinen \/ Yle<img decoding=\"async\" alt=\"Pakanafestarit 11.10.2025. \" src=\"https:\/\/www.europesays.com\/fi\/wp-content\/uploads\/2025\/10\/39-153710068eb8333c1e08.jpeg\" loading=\"lazy\" class=\"aw-1l9m598 hKVVvP\"\/><\/p>\n<p>Avaa kuvien katselu<\/p>\n<p>Erik Saxelin, Emilia Holm, J\u00f3d\u00eds Maria Rannveigard\u00f3ttir ja Linnea Hellsten. \u201dMinulle t\u00e4m\u00e4 tarkoittaa tapahtumaa, jossa voi n\u00e4ytt\u00e4\u00e4 sellaiselta kuin haluaa ja lis\u00e4ksi l\u00f6yt\u00e4\u00e4 jotakin creepya ja outoa oman kodin koristeeksi\u201d, Hellsten summaa.  Kuva: Jussi Mankkinen \/ Yle<img decoding=\"async\" alt=\"Pakanafestarit 11.10.2025. \" src=\"https:\/\/www.europesays.com\/fi\/wp-content\/uploads\/2025\/10\/39-153710568eb8335297bd.jpeg\" loading=\"lazy\" class=\"aw-1l9m598 hKVVvP\"\/><\/p>\n<p>Avaa kuvien katselu<\/p>\n<p>Rudolf Soutolahden viikinkiteemaista tyyli\u00e4. \u201dOlen kiinnostunut rautakaudesta ja viikinkiajasta. Se oli parempaa ja luonnonl\u00e4heisemp\u00e4\u00e4 aikaa, ja sit\u00e4 kaipaan\u201d.  Kuva: Jussi Mankkinen \/ Yle<img decoding=\"async\" alt=\"Pakanafestarit 11.10.2025. \" src=\"https:\/\/www.europesays.com\/fi\/wp-content\/uploads\/2025\/10\/39-153710668eb83358db84.jpeg\" loading=\"lazy\" class=\"aw-1l9m598 hKVVvP\"\/><\/p>\n<p>Avaa kuvien katselu<\/p>\n<p>Viikinkien ukkosenjumala Thorin vasara. Ja kaikkihan me tied\u00e4mme, mist\u00e4 torstai-sana on l\u00e4ht\u00f6isin.  Kuva: Jussi Mankkinen \/ Yle<img decoding=\"async\" alt=\"Pakanafestarit 11.10.2025. \" src=\"https:\/\/www.europesays.com\/fi\/wp-content\/uploads\/2025\/10\/39-153710968eb83367508b.jpeg\" loading=\"lazy\" class=\"aw-1l9m598 hKVVvP\"\/><\/p>\n<p>Avaa kuvien katselu<\/p>\n<p>Heli Ahtiainen ja Teemu Raunio. \u201dOlen kiinnostunut vanhoista suomalaisista uskomuksista mutta my\u00f6s vuodenpy\u00f6r\u00e4st\u00e4 ja tarot-korteista. T\u00e4m\u00e4 tapahtuma tarjoaa minulle lis\u00e4tietoa n\u00e4ist\u00e4 asioista\u201d, Ahtiainen sanoo.  Kuva: Jussi Mankkinen \/ Yle<img decoding=\"async\" alt=\"Pakanafestarit 11.10.2025. \" src=\"https:\/\/www.europesays.com\/fi\/wp-content\/uploads\/2025\/10\/39-153710868eb833652511.jpeg\" loading=\"lazy\" class=\"aw-1l9m598 hKVVvP\"\/><\/p>\n<p>Avaa kuvien katselu<\/p>\n<p>Teemu Raunion k\u00e4sin kudottu lautanauha. Vanhimmat suomalaiset lautanauhat ovat per\u00e4isin 500-luvulta.  Kuva: Jussi Mankkinen \/ Yle<img decoding=\"async\" alt=\"Pakanafestarit 11.10.2025. \" src=\"https:\/\/www.europesays.com\/fi\/wp-content\/uploads\/2025\/10\/39-153711068eb8336c6cac.jpeg\" loading=\"lazy\" class=\"aw-1l9m598 hKVVvP\"\/><\/p>\n<p>Avaa kuvien katselu<\/p>\n<p>Teemu Raunion ohimoa koristava tatuointi.  Kuva: Jussi Mankkinen \/ Yle<img decoding=\"async\" alt=\"Pakanafestarit 11.10.2025. \" src=\"https:\/\/www.europesays.com\/fi\/wp-content\/uploads\/2025\/10\/39-153711168eb8337320d6.jpeg\" loading=\"lazy\" class=\"aw-1l9m598 hKVVvP\"\/><\/p>\n<p>Avaa kuvien katselu<\/p>\n<p>Jouhikkotaiteilija Ilkka Heinonen esiintym\u00e4ss\u00e4. Jouhikon historia siivil\u00f6ityy halki pyh\u00e4n ja maallisen.  Kuva: Jussi Mankkinen \/ Yle<img decoding=\"async\" alt=\"Pakanafestarit 11.10.2025. \" src=\"https:\/\/www.europesays.com\/fi\/wp-content\/uploads\/2025\/10\/39-153712668eb83406444d.jpeg\" loading=\"lazy\" class=\"aw-1l9m598 hKVVvP\"\/><\/p>\n<p>Avaa kuvien katselu<\/p>\n<p>Dipolin edustaa ja ulkokuorta. Arkkitehti Reima Pietil\u00e4n suunnittelema, vuonna 1966 valmistunut rakennus edustaa oman aikansa wau-arkkitehtuuria.   Kuva: Jussi Mankkinen \/ Yle<img decoding=\"async\" alt=\"Pakanafestarit 11.10.2025. \" src=\"https:\/\/www.europesays.com\/fi\/wp-content\/uploads\/2025\/10\/39-153711668eb8338dae43.jpeg\" loading=\"lazy\" class=\"aw-1l9m598 hKVVvP\"\/><\/p>\n<p>Avaa kuvien katselu<\/p>\n<p>Tiet\u00e4j\u00e4n sauvassa kohtaavat sysimusta ja vitivalkoinen, pime\u00e4 ja valo.  Kuva: Jussi Mankkinen \/ Yle<img decoding=\"async\" alt=\"Pakanafestarit 11.10.2025. \" src=\"https:\/\/www.europesays.com\/fi\/wp-content\/uploads\/2025\/10\/39-153711568eb833862a1d.jpeg\" loading=\"lazy\" class=\"aw-1l9m598 hKVVvP\"\/><\/p>\n<p>Avaa kuvien katselu<\/p>\n<p>Sep\u00e4n takomia riipuksia. Mukana my\u00f6s egyptil\u00e4inen ankh-risti, joka symboloi ikuista el\u00e4m\u00e4\u00e4.  Kuva: Jussi Mankkinen \/ Yle<img decoding=\"async\" alt=\"Pakanafestarit 11.10.2025. \" src=\"https:\/\/www.europesays.com\/fi\/wp-content\/uploads\/2025\/10\/39-153711768eb8338e394c.jpeg\" loading=\"lazy\" class=\"aw-1l9m598 hKVVvP\"\/><\/p>\n<p>Avaa kuvien katselu<\/p>\n<p>Puun kylkeen on ilmestynyt naavainen naama.  Kuva: Jussi Mankkinen \/ Yle<img decoding=\"async\" alt=\"Pakanafestarit 11.10.2025. \" src=\"https:\/\/www.europesays.com\/fi\/wp-content\/uploads\/2025\/10\/39-153711468eb83381440b.jpeg\" loading=\"lazy\" class=\"aw-1l9m598 hKVVvP\"\/><\/p>\n<p>Avaa kuvien katselu<\/p>\n<p>Kirjankustantajan ruokatauko, joka materialisoituu vasta t\u00e4m\u00e4n kuvan ottamisen j\u00e4lkeen. Salakirjojen Jon H\u00e4llstr\u00f6m on kahmaissut k\u00e4siins\u00e4 pient\u00e4 purtavaa.  Kuva: Jussi Mankkinen \/ Yle<img decoding=\"async\" alt=\"Pakanafestarit 11.10.2025. \" src=\"https:\/\/www.europesays.com\/fi\/wp-content\/uploads\/2025\/10\/39-153711868eb833bb6d81.jpeg\" loading=\"lazy\" class=\"aw-1l9m598 hKVVvP\"\/><\/p>\n<p>Avaa kuvien katselu<\/p>\n<p>Katariina Souri puhumassa auditoriossa tuoreesta Unimyytti-kirjastaan. Sourin mukaan ihmiskunnan varhaisimmat uskonnot ovat olleet matriarkaalisia eli naisvaltaisia. Kyseisen tematiikan pioneerina pidet\u00e4\u00e4n amerikkalaiskirjailija Merlin Stonea (1931-2011).  Kuva: Jussi Mankkinen \/ Yle<img decoding=\"async\" alt=\"Pakanafestarit 11.10.2025. \" src=\"https:\/\/www.europesays.com\/fi\/wp-content\/uploads\/2025\/10\/39-153711968eb833e34ae5.jpeg\" loading=\"lazy\" class=\"aw-1l9m598 hKVVvP\"\/><\/p>\n<p>Avaa kuvien katselu<\/p>\n<p>Katariina Souri jakamassa nimikirjoituksia  ja omistuskirjoituksia. Tilanteesta kehkeytyy pienimuotoinen jono.  Kuva: Jussi Mankkinen \/ Yle<img decoding=\"async\" alt=\"Pakanafestarit 11.10.2025. \" src=\"https:\/\/www.europesays.com\/fi\/wp-content\/uploads\/2025\/10\/39-153711268eb833796fc9.jpeg\" loading=\"lazy\" class=\"aw-1l9m598 hKVVvP\"\/><\/p>\n<p>Avaa kuvien katselu<\/p>\n<p>Jos olet tullut Cafe Loitsuun perinteisin tavoin eli luudalla ratsastaen&#8230; Kuva: Jussi Mankkinen \/ Yle<img decoding=\"async\" alt=\"Pakanafestarit 11.10.2025. \" src=\"https:\/\/www.europesays.com\/fi\/wp-content\/uploads\/2025\/10\/39-153711368eb8337e55f3.jpeg\" loading=\"lazy\" class=\"aw-1l9m598 hKVVvP\"\/><\/p>\n<p>Avaa kuvien katselu<\/p>\n<p>&#8230;voit j\u00e4tt\u00e4\u00e4 ajoneuvosi luutaparkkiin.  Kuva: Jussi Mankkinen \/ Yle<img decoding=\"async\" alt=\"Pakanafestarit 11.10.2025. \" src=\"https:\/\/www.europesays.com\/fi\/wp-content\/uploads\/2025\/10\/39-153713068eb8341b781b.jpeg\" loading=\"lazy\" class=\"aw-1l9m598 hKVVvP\"\/><\/p>\n<p>Avaa kuvien katselu<\/p>\n<p>Kotimaisen nykykansanmusiikin pioneeriyhtye V\u00e4rttin\u00e4 palasi t\u00e4n\u00e4 vuonna n\u00e4ytt\u00e4v\u00e4sti parrasvaloihin Kyly-levyll\u00e4\u00e4n. Muinaissuomalainen kyly-sana viittaa saunomiseen ja kylpemiseen. Kuvassa yhtyeen Karoliina Kantelinen.  Kuva: Jussi Mankkinen \/ Yle<img decoding=\"async\" alt=\"Pakanafestarit 11.10.2025. \" src=\"https:\/\/www.europesays.com\/fi\/wp-content\/uploads\/2025\/10\/39-153713168eb8341be0cb.jpeg\" loading=\"lazy\" class=\"aw-1l9m598 hKVVvP\"\/><\/p>\n<p>Avaa kuvien katselu<\/p>\n<p>V\u00e4rttin\u00e4n Mari Kaasinen.  Kuva: Jussi Mankkinen \/ Yle<img decoding=\"async\" alt=\"Pakanafestarit 11.10.2025. \" src=\"https:\/\/www.europesays.com\/fi\/wp-content\/uploads\/2025\/10\/39-153713668eb8343b533b.jpeg\" loading=\"lazy\" class=\"aw-1l9m598 hKVVvP\"\/><\/p>\n<p>Avaa kuvien katselu<\/p>\n<p>Kansanperinnetutkija ja kirjailija Rimma Erkko on tutkinut ja k\u00e4sitellyt kansanperinteen queer-historiaa. \u201dSateenkaarevuus on ollut suomalaisessa kansanperinteess\u00e4 hyvinkin avointa. Esimerkiksi 1800-luvun puoliv\u00e4liss\u00e4 ker\u00e4tyss\u00e4 tarinassa kaksi miest\u00e4 menee naimisiin\u201d. Kuva: Jussi Mankkinen \/ Yle<img decoding=\"async\" alt=\"Pakanafestarit 11.10.2025. \" src=\"https:\/\/www.europesays.com\/fi\/wp-content\/uploads\/2025\/10\/39-153713568eb8343600e2.jpeg\" loading=\"lazy\" class=\"aw-1l9m598 hKVVvP\"\/><\/p>\n<p>Avaa kuvien katselu<\/p>\n<p>Rimma Erkon kansanperinnefantasiaromaanit Koukosielut ja Ter\u00e4sj\u00e4\u00e4. \u201dKansanperinnett\u00e4 on l\u00e4hdetty alun perin ker\u00e4\u00e4m\u00e4\u00e4n tietyist\u00e4 l\u00e4ht\u00f6kohdista, kuten romantiikan ajan is\u00e4nmaallisuudesta. Sateenkaarevus on sopinut sellaiseen melko huonosti\u201d, Erkko toteaa.  Kuva: Jussi Mankkinen \/ Yle<img decoding=\"async\" alt=\"Pakanafestarit 11.10.2025. \" src=\"https:\/\/www.europesays.com\/fi\/wp-content\/uploads\/2025\/10\/39-153712368eb833f7cc2f.jpeg\" loading=\"lazy\" class=\"aw-1l9m598 hKVVvP\"\/><\/p>\n<p>Avaa kuvien katselu<\/p>\n<p>Minttu Erosen huiman valtikan p\u00e4\u00e4kallo keikkuu Motonetin luudanvarren varassa, vy\u00f6t\u00e4r\u00f6ll\u00e4 oleva puukko taas on tehty isois\u00e4n kaataman hirven sarvista.  Kuva: Jussi Mankkinen \/ Yle<img decoding=\"async\" alt=\"Pakanafestarit 11.10.2025. \" src=\"https:\/\/www.europesays.com\/fi\/wp-content\/uploads\/2025\/10\/39-153712468eb833fd875e.jpeg\" loading=\"lazy\" class=\"aw-1l9m598 hKVVvP\"\/><\/p>\n<p>Avaa kuvien katselu<\/p>\n<p>\u201dTulin t\u00e4nne, koska olen kiinnostunut vaihtoehto- ja alakulttuureista\u201d, Minttu Eronen kertoo.  Kuva: Jussi Mankkinen \/ Yle<img decoding=\"async\" alt=\"Pakanafestarit 11.10.2025. \" src=\"https:\/\/www.europesays.com\/fi\/wp-content\/uploads\/2025\/10\/39-153712268eb833f23601.jpeg\" loading=\"lazy\" class=\"aw-1l9m598 hKVVvP\"\/><\/p>\n<p>Avaa kuvien katselu<\/p>\n<p>Inni Liljan jylh\u00e4\u00e4 goottityyli\u00e4.  Kuva: Jussi Mankkinen \/ Yle<img decoding=\"async\" alt=\"Pakanafestarit 11.10.2025. \" src=\"https:\/\/www.europesays.com\/fi\/wp-content\/uploads\/2025\/10\/39-153714968eb8347a87b9.jpeg\" loading=\"lazy\" class=\"aw-1l9m598 hKVVvP\"\/><\/p>\n<p>Avaa kuvien katselu<\/p>\n<p>T\u00e4ss\u00e4 hy\u00f6dynnet\u00e4\u00e4n Ursula Lunardakinin astrologisia palveluita.  Kuva: Jussi Mankkinen \/ Yle<img decoding=\"async\" alt=\"Pakanafestarit 11.10.2025. \" src=\"https:\/\/www.europesays.com\/fi\/wp-content\/uploads\/2025\/10\/39-153713768eb83441d1e1.jpeg\" loading=\"lazy\" class=\"aw-1l9m598 hKVVvP\"\/><\/p>\n<p>Avaa kuvien katselu<\/p>\n<p>Pakanafestareilla on my\u00f6s mahdollista taotuttaa ihoonsa teemaan liittyvi\u00e4 tatuointeja.  Kuva: Jussi Mankkinen \/ Yle<img decoding=\"async\" alt=\"Pakanafestarit 11.10.2025. \" src=\"https:\/\/www.europesays.com\/fi\/wp-content\/uploads\/2025\/10\/39-153712768eb83407f4b8.jpeg\" loading=\"lazy\" class=\"aw-1l9m598 hKVVvP\"\/><\/p>\n<p>Avaa kuvien katselu<\/p>\n<p>Hieman \u2013 voisiko sanoa \u2013  karnevalisoidumpi kalloasetelma.  Kuva: Jussi Mankkinen \/ Yle<img decoding=\"async\" alt=\"Pakanafestarit 11.10.2025. \" src=\"https:\/\/www.europesays.com\/fi\/wp-content\/uploads\/2025\/10\/39-153713968eb8344e00c2.jpeg\" loading=\"lazy\" class=\"aw-1l9m598 hKVVvP\"\/><\/p>\n<p>Avaa kuvien katselu<\/p>\n<p>Viulisti ja etnomusikologi Tuomas Rounakari on aiemmin vaikuttanut muun muassa Korpiklaani-yhtyeess\u00e4. T\u00e4ss\u00e4 h\u00e4n esitt\u00e4\u00e4 karhunpeijaisiin liittyv\u00e4\u00e4 musiikkia.   Kuva: Jussi Mankkinen \/ Yle<img decoding=\"async\" alt=\"Pakanafestarit 11.10.2025. \" src=\"https:\/\/www.europesays.com\/fi\/wp-content\/uploads\/2025\/10\/39-153713868eb83446fede.jpeg\" loading=\"lazy\" class=\"aw-1l9m598 hKVVvP\"\/><\/p>\n<p>Avaa kuvien katselu<\/p>\n<p>T\u00e4llaisella t\u00f6pp\u00f6sell\u00e4 on hyv\u00e4 polkea musiikkiin tahtia ja kulkusten helin\u00e4\u00e4.  Kuva: Jussi Mankkinen \/ Yle<img decoding=\"async\" alt=\"Pakanafestarit 11.10.2025. \" src=\"https:\/\/www.europesays.com\/fi\/wp-content\/uploads\/2025\/10\/39-153713268eb834236d34.jpeg\" loading=\"lazy\" class=\"aw-1l9m598 hKVVvP\"\/><\/p>\n<p>Avaa kuvien katselu<\/p>\n<p>Karhuteemalla jatkamme, eli kuvassa komeilee Suomessa kaadetun isokokoisen karhun kallo par exellence. Karhun eli otson eli mesik\u00e4mmenen eli kontion kallon hintahaitari py\u00f6rii jopa tuhansissa euroissa ja siihen vaaditaan tietenkin asianmukaiset luvat.  Kuva: Jussi Mankkinen \/ Yle<img decoding=\"async\" alt=\"Pakanafestarit 11.10.2025. \" src=\"https:\/\/www.europesays.com\/fi\/wp-content\/uploads\/2025\/10\/39-153713368eb834289560.jpeg\" loading=\"lazy\" class=\"aw-1l9m598 hKVVvP\"\/><\/p>\n<p>Avaa kuvien katselu<\/p>\n<p>Nurmeksessa sijaitseva Zappi, josta karhun kallokin l\u00f6ytyy, on erikoistunut luukoruihin. Kuvassa t\u00e4m\u00e4n syksyn hittituote, hirven sierainluista valmistettu hiuspanta. \u201dT\u00e4ll\u00e4 hetkell\u00e4 kaikki luontoper\u00e4inen kiinnostaa etenkin nuoria. Orgaanisissa esineiss\u00e4, kuten kalloissa, kiehtoo varmaan sekin, ett\u00e4 luu el\u00e4\u00e4 koko ajan, vaikka el\u00e4in itse olisi kuollut\u201d, Zappin Miira V\u00e4is\u00e4nen kertoo.    Kuva: Jussi Mankkinen \/ Yle<img decoding=\"async\" alt=\"Pakanafestarit 11.10.2025. \" src=\"https:\/\/www.europesays.com\/fi\/wp-content\/uploads\/2025\/10\/39-153715368eb83492790b.jpeg\" loading=\"lazy\" class=\"aw-1l9m598 hKVVvP\"\/><\/p>\n<p>Avaa kuvien katselu<\/p>\n<p>Festarijohtaja Elina Sj\u00f6blom: \u201dNoituus on minulle el\u00e4m\u00e4ntapa. Jos joku kysyy, mik\u00e4 on ammattini, vastaan ett\u00e4 noita\u201d. Katso Elina Sj\u00f6blomin haastattelu t\u00e4m\u00e4n kuvagallerian lopusta.  Kuva: Jussi Mankkinen \/ Yle<img decoding=\"async\" alt=\"Pakanafestarit 11.10.2025. \" src=\"https:\/\/www.europesays.com\/fi\/wp-content\/uploads\/2025\/10\/39-153714168eb83455f1a5.jpeg\" loading=\"lazy\" class=\"aw-1l9m598 hKVVvP\"\/><\/p>\n<p>Avaa kuvien katselu<\/p>\n<p>Trio Kavenin dramaattista tanssiesityst\u00e4.   Kuva: Jussi Mankkinen \/ Yle<img decoding=\"async\" alt=\"Pakanafestarit 11.10.2025. \" src=\"https:\/\/www.europesays.com\/fi\/wp-content\/uploads\/2025\/10\/39-153714368eb83460f356.jpeg\" loading=\"lazy\" class=\"aw-1l9m598 hKVVvP\"\/><\/p>\n<p>Avaa kuvien katselu<\/p>\n<p>Esitys nivoutuu Kallom\u00e4ki-yhtyeeseen&#8230; Kuva: Jussi Mankkinen \/ Yle<img decoding=\"async\" alt=\"Pakanafestarit 11.10.2025. \" src=\"https:\/\/www.europesays.com\/fi\/wp-content\/uploads\/2025\/10\/39-153714268eb8345d7e65.jpeg\" loading=\"lazy\" class=\"aw-1l9m598 hKVVvP\"\/><\/p>\n<p>Avaa kuvien katselu<\/p>\n<p>&#8230;joka astuu lavalle heti Trio Kavenin j\u00e4lkeen.  Kuva: Jussi Mankkinen \/ Yle<img decoding=\"async\" alt=\"Pakanafestarit 11.10.2025. \" src=\"https:\/\/www.europesays.com\/fi\/wp-content\/uploads\/2025\/10\/39-153714468eb834662b23.jpeg\" loading=\"lazy\" class=\"aw-1l9m598 hKVVvP\"\/><\/p>\n<p>Avaa kuvien katselu<\/p>\n<p>Kallom\u00e4ki tunnetaan n\u00e4ytt\u00e4v\u00e4st\u00e4 visuaalisesta tyylist\u00e4\u00e4n ja pakanallisesta metallimusiikistaan.  Kuva: Jussi Mankkinen \/ Yle<img decoding=\"async\" alt=\"Pakanafestarit 11.10.2025. \" src=\"https:\/\/www.europesays.com\/fi\/wp-content\/uploads\/2025\/10\/39-153715268eb8348b3f8f.jpeg\" loading=\"lazy\" class=\"aw-1l9m598 hKVVvP\"\/><\/p>\n<p>Avaa kuvien katselu<\/p>\n<p>Hunajakeiju-yrityksen loihtimia, mehil\u00e4isvahasta valmistettuja kynttil\u00f6it\u00e4, joista tulee mieleen asteekki-intiaanien ihmisuhreista rakennettu p\u00e4\u00e4kalloteline, tzompantli.  Kuva: Jussi Mankkinen \/ Yle<img decoding=\"async\" alt=\"Pakanafestarit 11.10.2025. \" src=\"https:\/\/www.europesays.com\/fi\/wp-content\/uploads\/2025\/10\/39-153715068eb834839f40.jpeg\" loading=\"lazy\" class=\"aw-1l9m598 hKVVvP\"\/><\/p>\n<p>Avaa kuvien katselu<\/p>\n<p>Lis\u00e4\u00e4 keijuja ja keijumaisuutta. Pakanafestarilta l\u00f6ytyy my\u00f6s s\u00f6p\u00f6mp\u00e4\u00e4 tavaraa. T\u00e4ss\u00e4 esimerkkin\u00e4 lohik\u00e4\u00e4rmeist\u00e4 vaikutteita napannut keijukainen, joka l\u00f6ytyy Faerienookin myyntip\u00f6yd\u00e4lt\u00e4.  Kuva: Jussi Mankkinen \/ Yle<img decoding=\"async\" alt=\"Pakanafestarit 11.10.2025. \" src=\"https:\/\/www.europesays.com\/fi\/wp-content\/uploads\/2025\/10\/39-153715168eb83485bed9.jpeg\" loading=\"lazy\" class=\"aw-1l9m598 hKVVvP\"\/><\/p>\n<p>Avaa kuvien katselu<\/p>\n<p>\u201dLuonnonhenget ovat aina puhutelleet meit\u00e4. Keijut eiv\u00e4t sin\u00e4ns\u00e4 ole hyvi\u00e4 tai pahoja, vaan ne tekev\u00e4t asioita luonnon s\u00e4\u00e4nt\u00f6jen mukaan\u201d, Faerienookin Ruu Kokkonen ja Nelli Huhtala kertovat.  Kuva: Jussi Mankkinen \/ Yle<img decoding=\"async\" alt=\"Pakanafestarit 11.10.2025. \" src=\"https:\/\/www.europesays.com\/fi\/wp-content\/uploads\/2025\/10\/39-153714568eb834681ba5.jpeg\" loading=\"lazy\" class=\"aw-1l9m598 hKVVvP\"\/><\/p>\n<p>Avaa kuvien katselu<\/p>\n<p>Havukruunu-yhtyeen Stefan eli Timo Kosenius ennen keikkaa&#8230; Kuva: Jussi Mankkinen \/ Yle<img decoding=\"async\" alt=\"Pakanafestarit 11.10.2025. \" src=\"https:\/\/www.europesays.com\/fi\/wp-content\/uploads\/2025\/10\/39-153714768eb8347319ca.jpeg\" loading=\"lazy\" class=\"aw-1l9m598 hKVVvP\"\/><\/p>\n<p>Avaa kuvien katselu<\/p>\n<p>&#8230;ja keikkalavalla. Pakanallista mustaa metallia esitt\u00e4v\u00e4n yhtyeen valinta lauantain p\u00e4\u00e4esiintyj\u00e4ksi toi tapahtumaan runsaasti my\u00f6s metallikansaa.  Kuva: Jussi Mankkinen \/ Yle<img decoding=\"async\" alt=\"Pakanafestarit 11.10.2025. \" src=\"https:\/\/www.europesays.com\/fi\/wp-content\/uploads\/2025\/10\/39-153714668eb8346edd59.jpeg\" loading=\"lazy\" class=\"aw-1l9m598 hKVVvP\"\/><\/p>\n<p>Avaa kuvien katselu<\/p>\n<p>Havukruunun t\u00e4n\u00e4 vuonna julkaistulta dramaattiselta Tavastland-albumilta l\u00f6ytyy muun muassa Kun veri sekoittuu lumeen -niminen kappale.  Kuva: Jussi Mankkinen \/ Yle<img decoding=\"async\" alt=\"Pakanafestarit 11.10.2025. \" src=\"https:\/\/www.europesays.com\/fi\/wp-content\/uploads\/2025\/10\/39-153715768eb834a70799.jpeg\" loading=\"lazy\" class=\"aw-1l9m598 hKVVvP\"\/><\/p>\n<p>Avaa kuvien katselu<\/p>\n<p>Pakanafestareiden lauantaip\u00e4iv\u00e4 p\u00e4\u00e4ttyy FlowingLindan tulishowhun Dipolin ulkopuolella. Kuva: Jussi Mankkinen \/ Yle<img decoding=\"async\" alt=\"Pakanafestarit 11.10.2025. \" src=\"https:\/\/www.europesays.com\/fi\/wp-content\/uploads\/2025\/10\/39-153715668eb834a0e31f.jpeg\" loading=\"lazy\" class=\"aw-1l9m598 hKVVvP\"\/><\/p>\n<p>Avaa kuvien katselu<\/p>\n<p>Liekit valaisevat pime\u00e4\u00e4 syysiltaa&#8230; Kuva: Jussi Mankkinen \/ Yle<img decoding=\"async\" alt=\"Pakanafestarit 11.10.2025. \" src=\"https:\/\/www.europesays.com\/fi\/wp-content\/uploads\/2025\/10\/39-153716068eb834b5714c.jpeg\" loading=\"lazy\" class=\"aw-1l9m598 hKVVvP\"\/><\/p>\n<p>Avaa kuvien katselu<\/p>\n<p>&#8230; ja kerosiinin tuoksu t\u00e4ytt\u00e4\u00e4 ilmanalaa. Kuva: Jussi Mankkinen \/ YleKatso t\u00e4st\u00e4 video Pakanafestareilta. <\/p>\n","protected":false},"excerpt":{"rendered":"Pakanafestarit j\u00e4rjestettiin t\u00e4n\u00e4 vuonna Espoon Dipolissa. Avaa kuvien katselu Mira Suovasen tyyli\u00e4 Pakanafestareilla. Kuva: Jussi Mankkinen \/ Yle&hellip;\n","protected":false},"author":2,"featured_media":60227,"comment_status":"","ping_status":"","sticky":false,"template":"","format":"standard","meta":{"footnotes":""},"categories":[12],"tags":[1877,22,23,13866,26,27,33,31,30,14069,17,13864,108,24,25,28,29,14066,47,5843,13871,15,14067,18,21,14070,14064,5760,14068,14065,5621,32,1667,19,20,16,14063],"class_list":{"0":"post-60226","1":"post","2":"type-post","3":"status-publish","4":"format-standard","5":"has-post-thumbnail","7":"category-suomi","8":"tag-black-metal","9":"tag-breaking-news","10":"tag-breakingnews","11":"tag-extreme-metal","12":"tag-featured-news","13":"tag-featurednews","14":"tag-fi","15":"tag-finland","16":"tag-finnish","17":"tag-havukruunu","18":"tag-headlines","19":"tag-kansanperinne","20":"tag-kulttuuri","21":"tag-latest-news","22":"tag-latestnews","23":"tag-main-news","24":"tag-mainnews","25":"tag-muinaisusko","26":"tag-musiikki","27":"tag-muusikot","28":"tag-mytologia","29":"tag-news","30":"tag-noituus","31":"tag-otsikot","32":"tag-paauutiset","33":"tag-pakanametalli","34":"tag-pakanuus","35":"tag-perinteet","36":"tag-shamanismi","37":"tag-suomalainen-kansanperinne","38":"tag-suomalainen-mytologia","39":"tag-suomi","40":"tag-tapahtumat","41":"tag-top-stories","42":"tag-topstories","43":"tag-uutiset","44":"tag-varttina"},"share_on_mastodon":{"url":"","error":""},"_links":{"self":[{"href":"https:\/\/www.europesays.com\/fi\/wp-json\/wp\/v2\/posts\/60226","targetHints":{"allow":["GET"]}}],"collection":[{"href":"https:\/\/www.europesays.com\/fi\/wp-json\/wp\/v2\/posts"}],"about":[{"href":"https:\/\/www.europesays.com\/fi\/wp-json\/wp\/v2\/types\/post"}],"author":[{"embeddable":true,"href":"https:\/\/www.europesays.com\/fi\/wp-json\/wp\/v2\/users\/2"}],"replies":[{"embeddable":true,"href":"https:\/\/www.europesays.com\/fi\/wp-json\/wp\/v2\/comments?post=60226"}],"version-history":[{"count":0,"href":"https:\/\/www.europesays.com\/fi\/wp-json\/wp\/v2\/posts\/60226\/revisions"}],"wp:featuredmedia":[{"embeddable":true,"href":"https:\/\/www.europesays.com\/fi\/wp-json\/wp\/v2\/media\/60227"}],"wp:attachment":[{"href":"https:\/\/www.europesays.com\/fi\/wp-json\/wp\/v2\/media?parent=60226"}],"wp:term":[{"taxonomy":"category","embeddable":true,"href":"https:\/\/www.europesays.com\/fi\/wp-json\/wp\/v2\/categories?post=60226"},{"taxonomy":"post_tag","embeddable":true,"href":"https:\/\/www.europesays.com\/fi\/wp-json\/wp\/v2\/tags?post=60226"}],"curies":[{"name":"wp","href":"https:\/\/api.w.org\/{rel}","templated":true}]}}