{"id":60268,"date":"2025-10-12T20:15:09","date_gmt":"2025-10-12T20:15:09","guid":{"rendered":"https:\/\/www.europesays.com\/fi\/60268\/"},"modified":"2025-10-12T20:15:09","modified_gmt":"2025-10-12T20:15:09","slug":"serkhanin-18-aiti-julkaisi-kuvan-itsestaan-fanit-mykistyivat-uskomatonta","status":"publish","type":"post","link":"https:\/\/www.europesays.com\/fi\/60268\/","title":{"rendered":"Serkhanin, 18, \u00e4iti julkaisi kuvan itsest\u00e4\u00e4n \u2013 Fanit mykistyiv\u00e4t: \u201dUskomatonta\u201d"},"content":{"rendered":"<p>Serkhan Kalmyrzan \u00e4iti\u00e4 luultiin h\u00e4nen siskokseen.<\/p>\n<p><img decoding=\"async\" class=\"image image-show image-preview\" src=\"https:\/\/www.europesays.com\/fi\/wp-content\/uploads\/2025\/10\/f6bbd63cf3da4da5d946c61a639224cb835c54d80ca46b734e6af7135d0bd950.jpg\" alt=\"\"\/><img decoding=\"async\" class=\"image image-show\" src=\"https:\/\/www.europesays.com\/fi\/wp-content\/uploads\/2025\/10\/1760300109_72_f6bbd63cf3da4da5d946c61a639224cb835c54d80ca46b734e6af7135d0bd950.jpg\" alt=\"\"\/><\/p>\n<p>Serkhan Kalmyrza p\u00e4\u00e4sti viisi maalia selk\u00e4ns\u00e4 taakse. AOP<\/p>\n<p class=\"paragraph\">Jalkapallon Mestarien liigan ottelu Real Madridin ja Kairat Almatyn v\u00e4lill\u00e4 on nostanut pinnalle uuden somet\u00e4hden.<\/p>\n<p class=\"paragraph\">Se ei ole kuitenkaan kukaan kazakstanilaisjoukkueen pelaajista, vaan er\u00e4\u00e4n pelaajan \u00e4iti, brittilehti <a href=\"https:\/\/www.instagram.com\/p\/DF0LgLIIX9u\/\" target=\"_blank\" rel=\"noopener nofollow\">The Sun<\/a> uutisoi.<\/p>\n<p class=\"paragraph\">18-vuotiaan <strong>Serkhan Kalmyrzan<\/strong> \u00e4iti <strong>Saule Rabayeva<\/strong> sai hetkess\u00e4 40\u00a0000 uutta seuraajaa, kun h\u00e4n onnitteli somessa poikaansa Real Madridin t\u00e4htien kohtaamisesta.<\/p>\n<p class=\"paragraph\">Jalkapallofanit eiv\u00e4t voineet uskoa, ett\u00e4 nuorekas Rabayeva on Kalmyrzan \u00e4iti. H\u00e4nt\u00e4 luultiin pelaajan siskoksi.<\/p>\n<p class=\"paragraph\">\u2013 H\u00e4n n\u00e4ytt\u00e4\u00e4 niin nuorelta! H\u00e4n on kuin 20-vuotias, ja poika on 18, er\u00e4s kommentoija \u00e4imisteli.<\/p>\n<p class=\"paragraph\">\u2013 Hetkinen nyt. Onko tuo h\u00e4nen \u00e4itins\u00e4? Lol, toinen kirjoitti.<\/p>\n<p class=\"paragraph\">\u2013 Uskomatonta, kolmas tiivisti.<\/p>\n<p class=\"paragraph\">Kazakkien harmiksi Kairat Almaty h\u00e4visi Real Madridille murskaavasti 0\u20135. <a href=\"https:\/\/www.iltalehti.fi\/henkilot\/Kylian Mbappe\" class=\"article-link-person-page\" rel=\"nofollow noopener\" target=\"_blank\">Kylian Mbappe<\/a> viimeisteli ottelussa hattutempun.<\/p>\n<p class=\"paragraph\">Kalmyrza pelasi Kairatin tolppien v\u00e4liss\u00e4, joten ilta ei ollut h\u00e4nelle kovin ruusuinen.<\/p>\n<p><script async src=\"\/\/www.instagram.com\/embed.js\"><\/script><\/p>\n","protected":false},"excerpt":{"rendered":"Serkhan Kalmyrzan \u00e4iti\u00e4 luultiin h\u00e4nen siskokseen. Serkhan Kalmyrza p\u00e4\u00e4sti viisi maalia selk\u00e4ns\u00e4 taakse. AOP Jalkapallon Mestarien liigan ottelu&hellip;\n","protected":false},"author":2,"featured_media":60269,"comment_status":"","ping_status":"","sticky":false,"template":"","format":"standard","meta":{"footnotes":""},"categories":[136],"tags":[35,407,137,33,31,30,101,43,408,99,100,98,32,109],"class_list":{"0":"post-60268","1":"post","2":"type-post","3":"status-publish","4":"format-standard","5":"has-post-thumbnail","7":"category-julkkikset","8":"tag-24h","9":"tag-celebrities","10":"tag-entertainment","11":"tag-fi","12":"tag-finland","13":"tag-finnish","14":"tag-ihmissuhteet","15":"tag-jalkapallo","16":"tag-julkkikset","17":"tag-lapset","18":"tag-lapset-ja-nuoret","19":"tag-perhe","20":"tag-suomi","21":"tag-viihde"},"share_on_mastodon":{"url":"","error":""},"_links":{"self":[{"href":"https:\/\/www.europesays.com\/fi\/wp-json\/wp\/v2\/posts\/60268","targetHints":{"allow":["GET"]}}],"collection":[{"href":"https:\/\/www.europesays.com\/fi\/wp-json\/wp\/v2\/posts"}],"about":[{"href":"https:\/\/www.europesays.com\/fi\/wp-json\/wp\/v2\/types\/post"}],"author":[{"embeddable":true,"href":"https:\/\/www.europesays.com\/fi\/wp-json\/wp\/v2\/users\/2"}],"replies":[{"embeddable":true,"href":"https:\/\/www.europesays.com\/fi\/wp-json\/wp\/v2\/comments?post=60268"}],"version-history":[{"count":0,"href":"https:\/\/www.europesays.com\/fi\/wp-json\/wp\/v2\/posts\/60268\/revisions"}],"wp:featuredmedia":[{"embeddable":true,"href":"https:\/\/www.europesays.com\/fi\/wp-json\/wp\/v2\/media\/60269"}],"wp:attachment":[{"href":"https:\/\/www.europesays.com\/fi\/wp-json\/wp\/v2\/media?parent=60268"}],"wp:term":[{"taxonomy":"category","embeddable":true,"href":"https:\/\/www.europesays.com\/fi\/wp-json\/wp\/v2\/categories?post=60268"},{"taxonomy":"post_tag","embeddable":true,"href":"https:\/\/www.europesays.com\/fi\/wp-json\/wp\/v2\/tags?post=60268"}],"curies":[{"name":"wp","href":"https:\/\/api.w.org\/{rel}","templated":true}]}}