{"id":60357,"date":"2025-10-12T23:06:09","date_gmt":"2025-10-12T23:06:09","guid":{"rendered":"https:\/\/www.europesays.com\/fi\/60357\/"},"modified":"2025-10-12T23:06:09","modified_gmt":"2025-10-12T23:06:09","slug":"zelenskyi-ukrainan-joukot-edenneet-zaporizzjan-ja-donetskin-alueilla-uutisia-lyhyesti","status":"publish","type":"post","link":"https:\/\/www.europesays.com\/fi\/60357\/","title":{"rendered":"Zelenskyi: Ukrainan joukot edenneet Zapori\u017e\u017ejan ja Donetskin alueilla | Uutisia lyhyesti"},"content":{"rendered":"<p class=\"aw-1gybjub aw-5vja16 ghpEtB kjanFo yle__article__paragraph\">Ukrainan presidentin Volodymyr Zelenskyin mukaan ukrainalaisjoukot ovat edenneet Zapori\u017e\u017ejan alueella yli kolme kilometri\u00e4.<\/p>\n<p><img decoding=\"async\" alt=\"Silm\u00e4lasip\u00e4inen mies kuuntelee p\u00e4\u00e4 kenossa ja hymyilee.\" src=\"https:\/\/www.europesays.com\/fi\/wp-content\/uploads\/2025\/10\/39-153725768ec1e79f0ab9.jpeg\" class=\"aw-1l9m598 hKVVvP\"\/><\/p>\n<p>Avaa kuvien katselu<\/p>\n<p>Ukrainan presidentti Volodymyr Zelenskyi kuvattuna toimistossaan Kiovassa 11. lokakuuta 2025. Kuva: AFP PHOTO \/ UKRAINIAN PRESIDENTIAL PRESS SERVICE<\/p>\n<p class=\"aw-1gybjub aw-1p7kakr ghpEtB jtovHP yle__article__paragraph\">Ukrainan vastahy\u00f6kk\u00e4ys on tuottanut tulosta Zapori\u017e\u017ejan alueen etel\u00e4osissa sek\u00e4 Donetskin alueella, jonne taistelut ovat viime aikoina keskittyneet. Asiasta kertoi Ukrainan presidentti <strong class=\"aw-ak79eh KyCXm yle__article__strong\">Volodymyr Zelenskyi<\/strong> p\u00e4ivitt\u00e4isess\u00e4 videopuheessaan sunnuntai-iltana.<\/p>\n<p class=\"aw-1gybjub aw-1p7kakr ghpEtB jtovHP yle__article__paragraph\">Ukrainan hallinto on usean viikon ajan sanonut, ett\u00e4 ukrainalaisjoukot ovat edenneet Dobropilljan kaupungin ymp\u00e4rist\u00f6ss\u00e4 l\u00e4hell\u00e4 Pokrovskia, joka toimii logistisena solmukohtana. Ven\u00e4l\u00e4isjoukot ovat pyrkineet hitaasti Donetskin alueella kohti Pokrovskia.<\/p>\n<p class=\"aw-1gybjub aw-1p7kakr ghpEtB jtovHP yle__article__paragraph\">Sunnuntain puheessaan Zelenskyi sanoi, ett\u00e4 ukrainalaisjoukot ovat edenneet Zapori\u017e\u017ejan alueella yli kolme kilometri\u00e4 kohti etel\u00e4\u00e4.<\/p>\n<p class=\"aw-1gybjub aw-1p7kakr ghpEtB jtovHP yle__article__paragraph\">\u2013 T\u00e4ll\u00e4 hetkell\u00e4 Ukrainan joukot jatkavat vastahy\u00f6kk\u00e4yst\u00e4mme l\u00e4hell\u00e4 Dobropilljaa, mutta my\u00f6s muillakin alueilla \u2013 etenkin Zapori\u017e\u017ejan alueella l\u00e4hell\u00e4 Orih\u2019ivia, Zelenskyi sanoi.<\/p>\n<p class=\"aw-1gybjub aw-1p7kakr ghpEtB jtovHP yle__article__paragraph\">Viime viikkojen aikana Ukraina ja Ven\u00e4j\u00e4 ovat antaneet kesken\u00e4\u00e4n ristiriitaisia lausuntoja rintamalinjan tilanteesta.<\/p>\n<p class=\"aw-1gybjub aw-1p7kakr ghpEtB jtovHP yle__article__paragraph\">Viime viikolla Ven\u00e4j\u00e4n presidentti <strong class=\"aw-ak79eh KyCXm yle__article__strong\">Vladimir Putin<\/strong> kertoi korkea-arvoisille upseereille, ett\u00e4 ven\u00e4l\u00e4isjoukot ovat t\u00e4n\u00e4 vuonna vallanneet noin 5\u00a0000 neli\u00f6kilometri\u00e4 Ukrainassa ja s\u00e4ilytt\u00e4neet strategisen edun kaikkialla rintamalinjan tuntumassa.<\/p>\n<p class=\"aw-1gybjub aw-1p7kakr ghpEtB jtovHP yle__article__paragraph\">Presidentti Zelenskyi vuorostaan sanoi seuraavana p\u00e4iv\u00e4n\u00e4, ett\u00e4 Ukrainan joukot ovat aiheuttaneet raskaita tappioita ven\u00e4l\u00e4isjoukoille Dobropilljan l\u00e4hell\u00e4 ja s\u00e4ilytt\u00e4neet asemansa kaikkialla muualla rintamalinjaa.<\/p>\n<p class=\"aw-1gybjub aw-1p7kakr ghpEtB jtovHP yle__article__paragraph\">Uutistoimisto Reuters ei ole voinut vahvistaa tietoja rintamalinjojen tilanteista riippumattomista l\u00e4hteist\u00e4.<\/p>\n<p class=\"aw-1gybjub aw-1p7kakr ghpEtB jtovHP yle__article__paragraph\">L\u00e4hde: Reuters<\/p>\n","protected":false},"excerpt":{"rendered":"Ukrainan presidentin Volodymyr Zelenskyin mukaan ukrainalaisjoukot ovat edenneet Zapori\u017e\u017ejan alueella yli kolme kilometri\u00e4. Avaa kuvien katselu Ukrainan presidentti&hellip;\n","protected":false},"author":2,"featured_media":60358,"comment_status":"","ping_status":"","sticky":false,"template":"","format":"standard","meta":{"footnotes":""},"categories":[5],"tags":[804,22,23,2389,26,27,33,31,30,17,24,25,28,29,15,18,21,32,19,20,1303,5914,56,16,547,987,3963,14092],"class_list":{"0":"post-60357","1":"post","2":"type-post","3":"status-publish","4":"format-standard","5":"has-post-thumbnail","7":"category-otsikot","8":"tag-aseelliset-konfliktit","9":"tag-breaking-news","10":"tag-breakingnews","11":"tag-donetskin-alue","12":"tag-featured-news","13":"tag-featurednews","14":"tag-fi","15":"tag-finland","16":"tag-finnish","17":"tag-headlines","18":"tag-latest-news","19":"tag-latestnews","20":"tag-main-news","21":"tag-mainnews","22":"tag-news","23":"tag-otsikot","24":"tag-paauutiset","25":"tag-suomi","26":"tag-top-stories","27":"tag-topstories","28":"tag-ukraina","29":"tag-ukrainan-asevoimat","30":"tag-ulkomaat","31":"tag-uutiset","32":"tag-venaja","33":"tag-venajan-hyokkays","34":"tag-volodymyr-zelenskyi","35":"tag-zaporizzjan-alue"},"share_on_mastodon":{"url":"","error":""},"_links":{"self":[{"href":"https:\/\/www.europesays.com\/fi\/wp-json\/wp\/v2\/posts\/60357","targetHints":{"allow":["GET"]}}],"collection":[{"href":"https:\/\/www.europesays.com\/fi\/wp-json\/wp\/v2\/posts"}],"about":[{"href":"https:\/\/www.europesays.com\/fi\/wp-json\/wp\/v2\/types\/post"}],"author":[{"embeddable":true,"href":"https:\/\/www.europesays.com\/fi\/wp-json\/wp\/v2\/users\/2"}],"replies":[{"embeddable":true,"href":"https:\/\/www.europesays.com\/fi\/wp-json\/wp\/v2\/comments?post=60357"}],"version-history":[{"count":0,"href":"https:\/\/www.europesays.com\/fi\/wp-json\/wp\/v2\/posts\/60357\/revisions"}],"wp:featuredmedia":[{"embeddable":true,"href":"https:\/\/www.europesays.com\/fi\/wp-json\/wp\/v2\/media\/60358"}],"wp:attachment":[{"href":"https:\/\/www.europesays.com\/fi\/wp-json\/wp\/v2\/media?parent=60357"}],"wp:term":[{"taxonomy":"category","embeddable":true,"href":"https:\/\/www.europesays.com\/fi\/wp-json\/wp\/v2\/categories?post=60357"},{"taxonomy":"post_tag","embeddable":true,"href":"https:\/\/www.europesays.com\/fi\/wp-json\/wp\/v2\/tags?post=60357"}],"curies":[{"name":"wp","href":"https:\/\/api.w.org\/{rel}","templated":true}]}}