{"id":60499,"date":"2025-10-13T04:07:08","date_gmt":"2025-10-13T04:07:08","guid":{"rendered":"https:\/\/www.europesays.com\/fi\/60499\/"},"modified":"2025-10-13T04:07:08","modified_gmt":"2025-10-13T04:07:08","slug":"tanaan-tvssa-vuoden-2024-kotimainen-hittielokuva-kannattaa-katsoa-nyt-jatko-osa-tulossa","status":"publish","type":"post","link":"https:\/\/www.europesays.com\/fi\/60499\/","title":{"rendered":"T\u00e4n\u00e4\u00e4n tv:ss\u00e4: Vuoden 2024 kotimainen hittielokuva kannattaa katsoa nyt \u2013 Jatko-osa tulossa"},"content":{"rendered":"<p>Elokuvateattereissa on n\u00e4hty Syke\u2013 ja Salaiset el\u00e4m\u00e4t -sarjoihin perustuvia elokuvia, jotka eiv\u00e4t todellakaan ole mit\u00e4\u00e4n mestariteoksia, mutta jotka sarjafanien tuella ovat muodostuneet hiteiksi. Samoin k\u00e4vi alunperin lyhyin\u00e4 nettielokuvina k\u00e4ynnistyneelle Luottomies-sarjalle.<\/p>\n<p>Teattereihin tuli viime vuonna my\u00f6s elokuvaversio 90-luvulla py\u00f6rineest\u00e4 Kyll\u00e4 is\u00e4 osaa -sarjasta, joka osoittautui hitiksi. Se n\u00e4hd\u00e4\u00e4n t\u00e4n\u00e4\u00e4n televisiossa. Toki sarjaa on uusittu aivan l\u00e4hiaikoinakin, mutta kest\u00e4\u00e4k\u00f6 nykykatsoja hyvin omalaatuisen sarjan menneen maailman menoa?<\/p>\n<p>L\u00e4ht\u00f6kohtien pit\u00e4isi olla kunnossa, sill\u00e4 mukaan on saatu kaikki sarjan keskeiset hahmot: <strong>Tom Lindholm<\/strong> ja <strong>Tuija Ernamo<\/strong> ovat passiivis-aggressiiviset vanhemmat ja <strong>Maiju Jokinen<\/strong> ja <strong>Jarno Jokinen<\/strong> heid\u00e4n lapsiaan, joita vuodetkaan eiv\u00e4t ole viisastaneet. Keskeinen uusi hahmo on Jonna-tytt\u00e4ren Junnu-poika (<strong>Vilppu Eleinen<\/strong>).<\/p>\n<p>Jonna ja Junnu tupsahtavat Jonnan lapsuudenkotiin, koska seh\u00e4n on j\u00e4\u00e4m\u00e4ss\u00e4 tyhjilleen vanhempien aikoessa muuttaa Espanjaan el\u00e4kep\u00e4ivi\u00e4 viett\u00e4m\u00e4\u00e4n. Paitsi ett\u00e4 he asuvat siell\u00e4 edelleen, koska is\u00e4 ei ole saanut kerrottua taksifirman is\u00e4nn\u00e4lle (<strong>Vesa Vierikko<\/strong>) olevansa j\u00e4tt\u00e4m\u00e4ss\u00e4 rengin hommat. Ja kun firmaan hankitaan luksusmersu, ei h\u00e4n halua l\u00e4hte\u00e4k\u00e4\u00e4n ennen kuin p\u00e4\u00e4see sen rattiin.<\/p>\n<p>Lopputulos on t\u00e4ydellist\u00e4 toisintoa sarjasta: tapahtumia, jotka perustuvat siihen, ett\u00e4 muihin perheenj\u00e4seniin suhtaudutaan vaivoin peitellyn vihamielisesti, tehd\u00e4\u00e4n tyhmi\u00e4 ratkaisuja ja valehdellaan oikealle ja vasemmalle ennemmin kuin tunnustetaan erehtyv\u00e4isyytens\u00e4. Mik\u00e4 tietysti johtaa yh\u00e4 uusiin tyhmiin ratkaisuihin.<\/p>\n<p>Sarjan fani ilahtuu siit\u00e4, ettei vitsej\u00e4 ole tehty yht\u00e4\u00e4n hauskemmiksi, vaan katsoja on osa toisiinsa huvittuneen halveksivasti suhtautuvaa perhett\u00e4 \u2013 joka jostain kumman syyst\u00e4 silti puhaltaa yhteen hiileen, kun idea on tarpeeksi typer\u00e4. Vaivaannuttavuuden taiteeksi kohottavat hahmot ovat entisell\u00e4\u00e4n, vaikka aivan kaikille ei tekemist\u00e4 olekaan keksitty, ja dialogi on edelleen aiemmin sanotun toistamista.<\/p>\n<p>Lue my\u00f6s: <a href=\"https:\/\/www.episodi.fi\/uutiset\/kylla-isa-osaa-hittielokuvan-jatko-osassa-vaihdetaan-maisemia\/\" title=\"Kyll\u00e4 is\u00e4 osaa -hittielokuvan jatko-osassa vaihdetaan maisemaa\" class=\"underline-custom !font-montserrat !font-bold !underline-offset-4 !decoration-4 !decoration-episodi-blue !text-md\" rel=\"nofollow noopener\" target=\"_blank\">Kyll\u00e4 is\u00e4 osaa -hittielokuvan jatko-osassa vaihdetaan maisemaa<\/a><\/p>\n<p>Pitk\u00e4 elokuva mahdollistaa huonojen valintojen eskaloitumista uusiin ulottuvuuksiin, mutta valitettavasti mukana on rutkasti venytetyn tv-sarjan jakson tuntua. Varsinkin, kun paikoin meno uhkaa pys\u00e4hty\u00e4 silm\u00e4niskuihin muille menneen ajan tamperelaissarjoille ja vierailevien t\u00e4htien l\u00e4pimarsseihin.<\/p>\n<p>Elokuvasta tuli joka tapauksessa hitti. Jatko-osa Kyll\u00e4 is\u00e4 osaa Lapissa tulee teattereihin n\u00e4ill\u00e4 n\u00e4pp\u00e4imill\u00e4.<\/p>\n<p>Kyll\u00e4 is\u00e4 osaa -elokuva n\u00e4htiin jo televisiossa sunnuntaina. Luvassa on viel\u00e4 kaksi esityst\u00e4<\/p>\n<ul class=\"wp-block-list\">\n<li>Ma 13.10.2025 klo 21.00 \u00b7 Nelonen<\/li>\n<li>Pe 17.10.2025 klo 21.00 \u00b7 Jim<\/li>\n<\/ul>\n<p>Katso traileri alta.<\/p>\n<p>Arvio: Jouni Vikman<\/p>\n<p><img loading=\"lazy\" decoding=\"async\" alt=\"YouTube video\" width=\"480\" height=\"360\" data-pin-nopin=\"true\" nopin=\"nopin\" class=\"perfmatters-lazy\" src=\"https:\/\/www.europesays.com\/fi\/wp-content\/uploads\/2025\/10\/1760328428_165_hqdefault.jpg\"\/><\/p>\n<p>Lue my\u00f6s: <a href=\"https:\/\/www.episodi.fi\/uutiskirje\/?uutiskirjemainos=tekstilinkkimainos\" title=\"Tilaa Episodin uutiskirje ja voit voittaa leffalippuja! Nappaa tv-vinkit suoraan s\u00e4hk\u00f6postiin t\u00e4st\u00e4.\" class=\"underline-custom !font-montserrat !font-bold !underline-offset-4 !decoration-4 !decoration-episodi-blue !text-md\" rel=\"nofollow noopener\" target=\"_blank\">Tilaa Episodin uutiskirje ja voit voittaa leffalippuja! Nappaa katseluvinkit suoraan s\u00e4hk\u00f6postiin t\u00e4st\u00e4.<\/a><\/p>\n","protected":false},"excerpt":{"rendered":"Elokuvateattereissa on n\u00e4hty Syke\u2013 ja Salaiset el\u00e4m\u00e4t -sarjoihin perustuvia elokuvia, jotka eiv\u00e4t todellakaan ole mit\u00e4\u00e4n mestariteoksia, mutta jotka&hellip;\n","protected":false},"author":2,"featured_media":60500,"comment_status":"","ping_status":"","sticky":false,"template":"","format":"standard","meta":{"footnotes":""},"categories":[133],"tags":[137,33,31,30,32,206,139,156,109],"class_list":{"0":"post-60499","1":"post","2":"type-post","3":"status-publish","4":"format-standard","5":"has-post-thumbnail","7":"category-televisiot","8":"tag-entertainment","9":"tag-fi","10":"tag-finland","11":"tag-finnish","12":"tag-suomi","13":"tag-televisiot","14":"tag-tv-ohjelmat","15":"tag-tv","16":"tag-viihde"},"share_on_mastodon":{"url":"","error":""},"_links":{"self":[{"href":"https:\/\/www.europesays.com\/fi\/wp-json\/wp\/v2\/posts\/60499","targetHints":{"allow":["GET"]}}],"collection":[{"href":"https:\/\/www.europesays.com\/fi\/wp-json\/wp\/v2\/posts"}],"about":[{"href":"https:\/\/www.europesays.com\/fi\/wp-json\/wp\/v2\/types\/post"}],"author":[{"embeddable":true,"href":"https:\/\/www.europesays.com\/fi\/wp-json\/wp\/v2\/users\/2"}],"replies":[{"embeddable":true,"href":"https:\/\/www.europesays.com\/fi\/wp-json\/wp\/v2\/comments?post=60499"}],"version-history":[{"count":0,"href":"https:\/\/www.europesays.com\/fi\/wp-json\/wp\/v2\/posts\/60499\/revisions"}],"wp:featuredmedia":[{"embeddable":true,"href":"https:\/\/www.europesays.com\/fi\/wp-json\/wp\/v2\/media\/60500"}],"wp:attachment":[{"href":"https:\/\/www.europesays.com\/fi\/wp-json\/wp\/v2\/media?parent=60499"}],"wp:term":[{"taxonomy":"category","embeddable":true,"href":"https:\/\/www.europesays.com\/fi\/wp-json\/wp\/v2\/categories?post=60499"},{"taxonomy":"post_tag","embeddable":true,"href":"https:\/\/www.europesays.com\/fi\/wp-json\/wp\/v2\/tags?post=60499"}],"curies":[{"name":"wp","href":"https:\/\/api.w.org\/{rel}","templated":true}]}}