{"id":60530,"date":"2025-10-13T04:51:08","date_gmt":"2025-10-13T04:51:08","guid":{"rendered":"https:\/\/www.europesays.com\/fi\/60530\/"},"modified":"2025-10-13T04:51:08","modified_gmt":"2025-10-13T04:51:08","slug":"lasten-koulukuviin-kajottu-tekoalylla-kuin-kuutosluokkalainen-esiteini","status":"publish","type":"post","link":"https:\/\/www.europesays.com\/fi\/60530\/","title":{"rendered":"Lasten koulukuviin kajottu teko\u00e4lyll\u00e4 \u2013 &#8221;Kuin kuutosluokkalainen esiteini&#8221;"},"content":{"rendered":"<p>Kuvank\u00e4sittely koulukuvissa on Ylen haastattelemien vanhempien mielest\u00e4 mennyt liian pitk\u00e4lle.<\/p>\n<p><img decoding=\"async\" class=\"image image-show image-preview\" src=\"https:\/\/www.europesays.com\/fi\/wp-content\/uploads\/2025\/10\/e24580c256698ba116991f45e1ded1738235224e9fe291d90b76e25926ae570c.jpg\" alt=\"\"\/><img decoding=\"async\" class=\"image image-show\" src=\"https:\/\/www.europesays.com\/fi\/wp-content\/uploads\/2025\/10\/1760331068_86_e24580c256698ba116991f45e1ded1738235224e9fe291d90b76e25926ae570c.jpg\" alt=\"\"\/><\/p>\n<p>Kuvituskuva valokuvaus-studiosta. Jenni G\u00e4stgivar<\/p>\n<p class=\"paragraph\"><a href=\"https:\/\/yle.fi\/a\/74-20186969?origin=rss\" rel=\"noopener nofollow\" target=\"_blank\">Ylen haastattelemat<\/a> vanhemmat kertovat, ett\u00e4 heid\u00e4n mielest\u00e4\u00e4n koulukuvien k\u00e4sitteleminen on mennyt liian pitk\u00e4lle.<\/p>\n<p class=\"paragraph\"><strong>Terhi Sepp\u00e4l\u00e4<\/strong> kertoo Ylelle, ett\u00e4 h\u00e4nen ekaluokkalaisensa koulukuvassa t\u00e4lt\u00e4 oli kadonnut tunnistettavat pisamat. Lis\u00e4ksi lapsi n\u00e4ytt\u00e4\u00e4 kuvassa todellista vanhemmalta.<\/p>\n<p class=\"paragraph\">\u2013 Ihan kuin h\u00e4n olisi kuutosluokkalainen esiteini.<\/p>\n<p class=\"paragraph\">My\u00f6s sosiaalisessa mediassa osa vanhemmista on h\u00e4mm\u00e4stellyt lasten silotellun n\u00e4k\u00f6isi\u00e4 kasvonpiirteit\u00e4. Vanhemmat ep\u00e4ilev\u00e4tkin, ett\u00e4 koulukuvayritykset ovat siirtyneet k\u00e4ytt\u00e4m\u00e4\u00e4n kuvank\u00e4sittelyss\u00e4 teko\u00e4ly\u00e4.<\/p>\n<p class=\"paragraph\">\u2013 Teini-ik\u00e4iselt\u00e4kin ovat finnit h\u00e4vinneet kuvassa, ei n\u00e4yt\u00e4 ihan omalta semmoiset vahanaamakuvat, <strong>Satu Piironen<\/strong> kertoo Ylelle.<\/p>\n<p class=\"paragraph\">Sepp\u00e4l\u00e4n koulukuvat, eli yksi Suomen suurimmista koulukuvauksia tekevist\u00e4 yrityksist\u00e4, my\u00f6nt\u00e4\u00e4kin Ylelle, ett\u00e4 teko\u00e4ly on valjastettu t\u00e4m\u00e4n lukuvuoden alusta kuvien k\u00e4sittelyn avuksi.<\/p>\n","protected":false},"excerpt":{"rendered":"Kuvank\u00e4sittely koulukuvissa on Ylen haastattelemien vanhempien mielest\u00e4 mennyt liian pitk\u00e4lle. Kuvituskuva valokuvaus-studiosta. Jenni G\u00e4stgivar Ylen haastattelemat vanhemmat kertovat,&hellip;\n","protected":false},"author":2,"featured_media":60531,"comment_status":"","ping_status":"","sticky":false,"template":"","format":"standard","meta":{"footnotes":""},"categories":[89],"tags":[35,432,431,33,31,30,101,99,100,98,32,91,92,487,433],"class_list":{"0":"post-60530","1":"post","2":"type-post","3":"status-publish","4":"format-standard","5":"has-post-thumbnail","7":"category-tekoaly","8":"tag-24h","9":"tag-ai","10":"tag-artificial-intelligence","11":"tag-fi","12":"tag-finland","13":"tag-finnish","14":"tag-ihmissuhteet","15":"tag-lapset","16":"tag-lapset-ja-nuoret","17":"tag-perhe","18":"tag-suomi","19":"tag-technology","20":"tag-teknologia","21":"tag-teknologia-yleista","22":"tag-tekoaly"},"share_on_mastodon":{"url":"","error":""},"_links":{"self":[{"href":"https:\/\/www.europesays.com\/fi\/wp-json\/wp\/v2\/posts\/60530","targetHints":{"allow":["GET"]}}],"collection":[{"href":"https:\/\/www.europesays.com\/fi\/wp-json\/wp\/v2\/posts"}],"about":[{"href":"https:\/\/www.europesays.com\/fi\/wp-json\/wp\/v2\/types\/post"}],"author":[{"embeddable":true,"href":"https:\/\/www.europesays.com\/fi\/wp-json\/wp\/v2\/users\/2"}],"replies":[{"embeddable":true,"href":"https:\/\/www.europesays.com\/fi\/wp-json\/wp\/v2\/comments?post=60530"}],"version-history":[{"count":0,"href":"https:\/\/www.europesays.com\/fi\/wp-json\/wp\/v2\/posts\/60530\/revisions"}],"wp:featuredmedia":[{"embeddable":true,"href":"https:\/\/www.europesays.com\/fi\/wp-json\/wp\/v2\/media\/60531"}],"wp:attachment":[{"href":"https:\/\/www.europesays.com\/fi\/wp-json\/wp\/v2\/media?parent=60530"}],"wp:term":[{"taxonomy":"category","embeddable":true,"href":"https:\/\/www.europesays.com\/fi\/wp-json\/wp\/v2\/categories?post=60530"},{"taxonomy":"post_tag","embeddable":true,"href":"https:\/\/www.europesays.com\/fi\/wp-json\/wp\/v2\/tags?post=60530"}],"curies":[{"name":"wp","href":"https:\/\/api.w.org\/{rel}","templated":true}]}}