{"id":60534,"date":"2025-10-13T04:59:10","date_gmt":"2025-10-13T04:59:10","guid":{"rendered":"https:\/\/www.europesays.com\/fi\/60534\/"},"modified":"2025-10-13T04:59:10","modified_gmt":"2025-10-13T04:59:10","slug":"nain-marko-morko-anttila-suoriutui-uuden-ttk-parinsa-kanssa","status":"publish","type":"post","link":"https:\/\/www.europesays.com\/fi\/60534\/","title":{"rendered":"N\u00e4in Marko &#8221;M\u00f6rk\u00f6&#8221; Anttila suoriutui uuden TTK-parinsa kanssa"},"content":{"rendered":"<p><strong class=\"typography-bold\">Marko &#8221;M\u00f6rk\u00f6&#8221; Anttila ja h\u00e4nen parinvaihtoviikon parinsa Liisa Set\u00e4l\u00e4 tanssivat jiven.\u00a0<\/strong><\/p>\n<p><a class=\"underline\" data-testid=\"internal-link\" role=\"link\" data-sentry-element=\"Link\" data-sentry-component=\"InternalLink\" data-sentry-source-file=\"InternalLink.tsx\" href=\"https:\/\/www.mtvuutiset.fi\/aihe\/tanssii-tahtien-kanssa\/2839810\" rel=\"nofollow noopener\" target=\"_blank\">Tanssii T\u00e4htien Kanssa<\/a> -ohjelman kuudennessa suorassa l\u00e4hetyksess\u00e4 tanssittiin parinvaihtoviikon tunnelmissa.<\/p>\n<p>Kiekkoleijona <strong class=\"typography-bold\">Marko &#8221;M\u00f6rk\u00f6&#8221; Anttila <\/strong>on n\u00e4hty kauden aikana<strong class=\"typography-bold\"> <\/strong>t\u00e4htiopettajansa <strong class=\"typography-bold\">Kia Lehmuskosken<\/strong> rinnalla. Nyt mies p\u00e4\u00e4si viem\u00e4\u00e4n tanssinopettaja<strong class=\"typography-bold\"> Liisa Set\u00e4l\u00e4\u00e4 <\/strong>jiven tahdissa. Tanssin taustalla kuultiin Queenin Don&#8217;t Stop Me Now.<\/p>\n<p>Lue lis\u00e4\u00e4: <a class=\"underline\" data-testid=\"internal-link\" role=\"link\" data-sentry-element=\"Link\" data-sentry-component=\"InternalLink\" data-sentry-source-file=\"InternalLink.tsx\" href=\"https:\/\/www.mtvuutiset.fi\/artikkeli\/kristiina-makelaa-ei-nahda-illan-ttk-lahetyksessa-mikko-ahdille-yllattava-tanssipari-tilalle\/9238398\" rel=\"nofollow noopener\" target=\"_blank\">Kristiina M\u00e4kel\u00e4\u00e4 ei n\u00e4hd\u00e4 illan TTK-l\u00e4hetyksess\u00e4 \u2013 Mikko Ahdille yll\u00e4tt\u00e4v\u00e4 tanssipari tilalle<\/a><\/p>\n<p>Tuomaristossa n\u00e4hd\u00e4\u00e4n t\u00e4n\u00e4\u00e4n lis\u00e4vahvistusta. Viime kaudella parketilla tanssinut artisti <a class=\"underline\" data-testid=\"internal-link\" role=\"link\" data-sentry-element=\"Link\" data-sentry-component=\"InternalLink\" data-sentry-source-file=\"InternalLink.tsx\" href=\"https:\/\/www.mtvuutiset.fi\/aihe\/isaac-sene\/8986374\" rel=\"nofollow noopener\" target=\"_blank\"><strong class=\"typography-bold\">Isaac Sene<\/strong><\/a> n\u00e4hd\u00e4\u00e4n <a class=\"underline\" data-testid=\"internal-link\" role=\"link\" data-sentry-element=\"Link\" data-sentry-component=\"InternalLink\" data-sentry-source-file=\"InternalLink.tsx\" href=\"https:\/\/www.mtvuutiset.fi\/aihe\/helena-ahti-hallberg\/2889966\" rel=\"nofollow noopener\" target=\"_blank\"><strong class=\"typography-bold\">Helena Ahti-Hallbergin<\/strong><\/a><strong class=\"typography-bold\">, <\/strong><a class=\"underline\" data-testid=\"internal-link\" role=\"link\" data-sentry-element=\"Link\" data-sentry-component=\"InternalLink\" data-sentry-source-file=\"InternalLink.tsx\" href=\"https:\/\/www.mtvuutiset.fi\/aihe\/jukka-haapalainen\/7593898\" rel=\"nofollow noopener\" target=\"_blank\"><strong class=\"typography-bold\">Jukka Haapalaisen<\/strong><\/a> ja <a class=\"underline\" data-testid=\"internal-link\" role=\"link\" data-sentry-element=\"Link\" data-sentry-component=\"InternalLink\" data-sentry-source-file=\"InternalLink.tsx\" href=\"https:\/\/www.mtvuutiset.fi\/aihe\/jorma-uotinen\/2874738\" rel=\"nofollow noopener\" target=\"_blank\"><strong class=\"typography-bold\">Jorma Uotisen<\/strong><\/a> rinnalla.<\/p>\n<p>\u2013 T\u00e4ss\u00e4 oli superhyv\u00e4 vauhti. S\u00e4 viet mun mielest\u00e4 todella hyvin. Rentoutta lis\u00e4\u00e4, Sene sanoi.\u00a0<\/p>\n<p>\u2013 T\u00e4m\u00e4 oli todella iloinen ja reipas jive. Valitettavasti v\u00e4lill\u00e4 olitte etuajassa rytmiss\u00e4, Helena Ahti-Hallberg puolestaan sanoi.<\/p>\n<p><strong class=\"typography-bold\">Tanssii T\u00e4htien Kanssa sunnuntaisin klo 19.30 <\/strong><a class=\"underline\" data-testid=\"external-link\" href=\"https:\/\/www.mtv.fi\/sarja\/tanssii-tahtien-kanssa-3608?utm_medium=internal&amp;utm_source=mtvuutiset\" rel=\"noopener noreferrer nofollow\" data-sentry-component=\"ExternalLink\" data-sentry-source-file=\"ExternalLink.tsx\" target=\"_blank\"><strong class=\"typography-bold\">MTV Katsomossa<\/strong><\/a><strong class=\"typography-bold\"> ja MTV3-kanavalla.<\/strong><\/p>\n","protected":false},"excerpt":{"rendered":"Marko &#8221;M\u00f6rk\u00f6&#8221; Anttila ja h\u00e4nen parinvaihtoviikon parinsa Liisa Set\u00e4l\u00e4 tanssivat jiven.\u00a0 Tanssii T\u00e4htien Kanssa -ohjelman kuudennessa suorassa l\u00e4hetyksess\u00e4&hellip;\n","protected":false},"author":2,"featured_media":60535,"comment_status":"","ping_status":"","sticky":false,"template":"","format":"standard","meta":{"footnotes":""},"categories":[133],"tags":[137,33,31,30,32,206,156,109],"class_list":{"0":"post-60534","1":"post","2":"type-post","3":"status-publish","4":"format-standard","5":"has-post-thumbnail","7":"category-televisiot","8":"tag-entertainment","9":"tag-fi","10":"tag-finland","11":"tag-finnish","12":"tag-suomi","13":"tag-televisiot","14":"tag-tv","15":"tag-viihde"},"share_on_mastodon":{"url":"","error":""},"_links":{"self":[{"href":"https:\/\/www.europesays.com\/fi\/wp-json\/wp\/v2\/posts\/60534","targetHints":{"allow":["GET"]}}],"collection":[{"href":"https:\/\/www.europesays.com\/fi\/wp-json\/wp\/v2\/posts"}],"about":[{"href":"https:\/\/www.europesays.com\/fi\/wp-json\/wp\/v2\/types\/post"}],"author":[{"embeddable":true,"href":"https:\/\/www.europesays.com\/fi\/wp-json\/wp\/v2\/users\/2"}],"replies":[{"embeddable":true,"href":"https:\/\/www.europesays.com\/fi\/wp-json\/wp\/v2\/comments?post=60534"}],"version-history":[{"count":0,"href":"https:\/\/www.europesays.com\/fi\/wp-json\/wp\/v2\/posts\/60534\/revisions"}],"wp:featuredmedia":[{"embeddable":true,"href":"https:\/\/www.europesays.com\/fi\/wp-json\/wp\/v2\/media\/60535"}],"wp:attachment":[{"href":"https:\/\/www.europesays.com\/fi\/wp-json\/wp\/v2\/media?parent=60534"}],"wp:term":[{"taxonomy":"category","embeddable":true,"href":"https:\/\/www.europesays.com\/fi\/wp-json\/wp\/v2\/categories?post=60534"},{"taxonomy":"post_tag","embeddable":true,"href":"https:\/\/www.europesays.com\/fi\/wp-json\/wp\/v2\/tags?post=60534"}],"curies":[{"name":"wp","href":"https:\/\/api.w.org\/{rel}","templated":true}]}}