{"id":60542,"date":"2025-10-13T05:08:08","date_gmt":"2025-10-13T05:08:08","guid":{"rendered":"https:\/\/www.europesays.com\/fi\/60542\/"},"modified":"2025-10-13T05:08:08","modified_gmt":"2025-10-13T05:08:08","slug":"bbc-lahes-30-ihmista-kuoli-vakivaltaisuuksissa-gazan-kaupungissa-uutissuomalainen-2","status":"publish","type":"post","link":"https:\/\/www.europesays.com\/fi\/60542\/","title":{"rendered":"BBC: L\u00e4hes 30 ihmist\u00e4 kuoli v\u00e4kivaltaisuuksissa Gazan kaupungissa | Uutissuomalainen"},"content":{"rendered":"<p>Gazan kaupungissa l\u00e4hes 30 ihmist\u00e4 on kuollut v\u00e4kivaltaisuuksissa t\u00e4n\u00e4\u00e4n, <a href=\"https:\/\/www.bbc.com\/news\/articles\/cg5e551j593o\" rel=\"nofollow noopener\" target=\"_blank\">uutisoi BBC<\/a>.<\/p>\n<p>BBC kertoo ammuskelusta Hamasin naamioituneiden taistelijoiden sek\u00e4 paikallisen klaanin aseistautuneiden j\u00e4senten v\u00e4lill\u00e4. Eilen alkaneet v\u00e4kivaltaisuudet ovat olleet viime aikojen pahimpia sis\u00e4isi\u00e4 yhteenottoja Gazassa.<\/p>\n<p>Hamasin mukaan sen turvallisuusjoukkojen j\u00e4senet olivat yritt\u00e4neet saartaa ja ottaa kiinni klaanin j\u00e4seni\u00e4 j\u00e4rjestyksen palauttamiseksi. Kuolleista valtaosa oli klaanin j\u00e4seni\u00e4. BBC:n mukaan kyseisen klaanin ja Hamasin v\u00e4lill\u00e4 oli kytenyt jo pitk\u00e4\u00e4n.<\/p>\n","protected":false},"excerpt":{"rendered":"Gazan kaupungissa l\u00e4hes 30 ihmist\u00e4 on kuollut v\u00e4kivaltaisuuksissa t\u00e4n\u00e4\u00e4n, uutisoi BBC. BBC kertoo ammuskelusta Hamasin naamioituneiden taistelijoiden sek\u00e4&hellip;\n","protected":false},"author":2,"featured_media":60543,"comment_status":"","ping_status":"","sticky":false,"template":"","format":"standard","meta":{"footnotes":""},"categories":[14],"tags":[2326,22,23,26,27,33,31,30,17,2455,683,53,24,25,803,28,29,15,18,21,54,52,32,19,20,56,16,59,60,61],"class_list":{"0":"post-60542","1":"post","2":"type-post","3":"status-publish","4":"format-standard","5":"has-post-thumbnail","7":"category-ulkomaat","8":"tag-bbc","9":"tag-breaking-news","10":"tag-breakingnews","11":"tag-featured-news","12":"tag-featurednews","13":"tag-fi","14":"tag-finland","15":"tag-finnish","16":"tag-headlines","17":"tag-hengenvaara-ja-loukkaantuminen","18":"tag-kuolema","19":"tag-laki-oikeus-ja-rikos","20":"tag-latest-news","21":"tag-latestnews","22":"tag-levottomuudet-ja-sodat","23":"tag-main-news","24":"tag-mainnews","25":"tag-news","26":"tag-otsikot","27":"tag-paauutiset","28":"tag-pelastuspalvelut","29":"tag-poliisi","30":"tag-suomi","31":"tag-top-stories","32":"tag-topstories","33":"tag-ulkomaat","34":"tag-uutiset","35":"tag-world","36":"tag-world-news","37":"tag-worldnews"},"share_on_mastodon":{"url":"","error":""},"_links":{"self":[{"href":"https:\/\/www.europesays.com\/fi\/wp-json\/wp\/v2\/posts\/60542","targetHints":{"allow":["GET"]}}],"collection":[{"href":"https:\/\/www.europesays.com\/fi\/wp-json\/wp\/v2\/posts"}],"about":[{"href":"https:\/\/www.europesays.com\/fi\/wp-json\/wp\/v2\/types\/post"}],"author":[{"embeddable":true,"href":"https:\/\/www.europesays.com\/fi\/wp-json\/wp\/v2\/users\/2"}],"replies":[{"embeddable":true,"href":"https:\/\/www.europesays.com\/fi\/wp-json\/wp\/v2\/comments?post=60542"}],"version-history":[{"count":0,"href":"https:\/\/www.europesays.com\/fi\/wp-json\/wp\/v2\/posts\/60542\/revisions"}],"wp:featuredmedia":[{"embeddable":true,"href":"https:\/\/www.europesays.com\/fi\/wp-json\/wp\/v2\/media\/60543"}],"wp:attachment":[{"href":"https:\/\/www.europesays.com\/fi\/wp-json\/wp\/v2\/media?parent=60542"}],"wp:term":[{"taxonomy":"category","embeddable":true,"href":"https:\/\/www.europesays.com\/fi\/wp-json\/wp\/v2\/categories?post=60542"},{"taxonomy":"post_tag","embeddable":true,"href":"https:\/\/www.europesays.com\/fi\/wp-json\/wp\/v2\/tags?post=60542"}],"curies":[{"name":"wp","href":"https:\/\/api.w.org\/{rel}","templated":true}]}}