{"id":60687,"date":"2025-10-13T08:27:08","date_gmt":"2025-10-13T08:27:08","guid":{"rendered":"https:\/\/www.europesays.com\/fi\/60687\/"},"modified":"2025-10-13T08:27:08","modified_gmt":"2025-10-13T08:27:08","slug":"yolla-tvssa-breaking-bad-tahden-leffa-kertoo-vainotusta-ohjaajasta-98-vuotias-kirk-douglas-paasti-suustaan-hauskan-kommentin","status":"publish","type":"post","link":"https:\/\/www.europesays.com\/fi\/60687\/","title":{"rendered":"Y\u00f6ll\u00e4 tv:ss\u00e4: Breaking Bad -t\u00e4hden leffa kertoo vainotusta ohjaajasta \u2013 98-vuotias Kirk Douglas p\u00e4\u00e4sti suustaan hauskan kommentin"},"content":{"rendered":"<p>Y\u00f6n tv-tarjonnassa on Hollywoodin poliittisesta historiasta kertova Trumbo (2015).<\/p>\n<p>1940-luvun Hollywoodissa, kylm\u00e4n sodan tunkeutuessa unelmien kaupunkiin k\u00e4sikirjoittaja <strong>Dalton Trumbon<\/strong> menestyksek\u00e4s ura joutuu vaakalaudalle, kun h\u00e4n p\u00e4\u00e4tyy kommunismisympatioista ep\u00e4iltyn\u00e4 viihdeteollisuuden mustalle listalle. Elokuvassa n\u00e4hd\u00e4\u00e4n n\u00e4yteltyin\u00e4 hahmoina muun muassa <strong>John Wayne<\/strong> ja <strong>Kirk Douglas<\/strong>.<\/p>\n<p>P\u00e4\u00e4osassa n\u00e4yttelee <strong>Bryan Cranston<\/strong>. Muina n\u00e4yttelij\u00f6in\u00e4 <strong>Diane Lane, Helen Mirren, Louis C.K., Elle Fanning, John Goodman <\/strong>sek\u00e4 <strong>Michael Stuhlbarg<\/strong>. Ohjaajana <strong>Jay Roach<\/strong>.<\/p>\n<p>Elokuvan ilmestymisen aikaan 98-vuotiaalta Douglasilta kysyttiin hyv\u00e4ksynt\u00e4 elokuvan tekemiseen. H\u00e4n hyv\u00e4ksyi, mutta valitti siit\u00e4, ettei h\u00e4nt\u00e4 pyydetty n\u00e4yttelem\u00e4\u00e4n itse\u00e4\u00e4n.<\/p>\n<p>Elokuva sai enimm\u00e4kseen positiivisen vastaanoton, ja Cranston ker\u00e4si kiitosta roolisuorituksestaan. H\u00e4n sai parhaan miesp\u00e4\u00e4osan ehdokkuudet Oscar-, BAFTA-, SAG-, Golden Globe- ja Critics\u2019 Choice -palkintogaaloissa.<\/p>\n<p>Leffa on my\u00f6s Prime Videossa ja Cineastissa. Alla traileri.<\/p>\n<p>Tulevat l\u00e4hetykset:<\/p>\n<ul class=\"wp-block-list\">\n<li>Ti 14.10.2025 klo 00.30 \u00b7 Eveo (kanava ei n\u00e4y antenniverkossa)<\/li>\n<li>Ti 14.10.2025 klo 22.00 \u00b7 Eveo<\/li>\n<li>To 16.10.2025 klo 00.30 \u00b7 Eveo<\/li>\n<li>To 16.10.2025 klo 22.00 \u00b7 Eveo<\/li>\n<li>Su 19.10.2025 klo 00.30 \u00b7 Eveo<\/li>\n<li>Su 19.10.2025 klo 22.00 \u00b7 Eveo<\/li>\n<\/ul>\n<p>Lue my\u00f6s: <a href=\"https:\/\/www.episodi.fi\/uutiset\/breaking-badin-jyraukko-voitti-emmyn-taysin-painvastaisesta-roolista-kuin-kukaan-olisi-uskonut\/\" title=\"Breaking Badin jyr\u00e4ukko voitti Emmyn \u2013 T\u00e4ysin p\u00e4invastaisesta roolista kuin kukaan olisi uskonut\" class=\"underline-custom !font-montserrat !font-bold !underline-offset-4 !decoration-4 !decoration-episodi-blue !text-md\" rel=\"nofollow noopener\" target=\"_blank\">Breaking Badin jyr\u00e4ukko voitti Emmyn \u2013 T\u00e4ysin p\u00e4invastaisesta roolista kuin kukaan olisi uskonut<\/a><\/p>\n<p>Lue my\u00f6s: <a href=\"https:\/\/www.episodi.fi\/uutiset\/nyt-suoratoistona-scarlett-johanssonin-nakuhetki-sai-ohjaajan-piiloutumaan-naky-vaivaannutti-liikaa\/\" title=\"Nyt Netflixiss\u00e4: Scarlett Johanssonin nakuhetki sai ohjaajan piiloutumaan \u2013 n\u00e4ky vaivaannutti liikaa\" class=\"underline-custom !font-montserrat !font-bold !underline-offset-4 !decoration-4 !decoration-episodi-blue !text-md\" rel=\"nofollow noopener\" target=\"_blank\">Nyt Netflixiss\u00e4: Scarlett Johanssonin nakuhetki sai ohjaajan piiloutumaan \u2013 n\u00e4ky vaivaannutti liikaa<\/a><\/p>\n<p><img loading=\"lazy\" decoding=\"async\" alt=\"YouTube video\" width=\"480\" height=\"360\" data-pin-nopin=\"true\" nopin=\"nopin\" class=\"perfmatters-lazy\" src=\"https:\/\/www.europesays.com\/fi\/wp-content\/uploads\/2025\/10\/1760344028_536_hqdefault.jpg\"\/><\/p>\n<p>L\u00e4hde: <a href=\"https:\/\/en.wikipedia.org\/wiki\/Trumbo_(2015_film)\" target=\"_blank\" rel=\"noreferrer noopener nofollow\">Wikipedia<\/a>, <a href=\"https:\/\/www.imdb.com\/title\/tt3203606?ref_=ref_ext_justwatch\" target=\"_blank\" rel=\"noreferrer noopener nofollow\">IMDb<\/a><\/p>\n<p>Lue my\u00f6s: <a href=\"https:\/\/www.episodi.fi\/uutiskirje\/?uutiskirjemainos=tekstilinkkimainos\" title=\"Tilaa Episodin uutiskirje ja voit voittaa leffalippuja! Nappaa tv-vinkit suoraan s\u00e4hk\u00f6postiin t\u00e4st\u00e4.\" class=\"underline-custom !font-montserrat !font-bold !underline-offset-4 !decoration-4 !decoration-episodi-blue !text-md\" rel=\"nofollow noopener\" target=\"_blank\">Tilaa Episodin uutiskirje ja voit voittaa leffalippuja! Nappaa katseluvinkit suoraan s\u00e4hk\u00f6postiin t\u00e4st\u00e4.<\/a><\/p>\n","protected":false},"excerpt":{"rendered":"Y\u00f6n tv-tarjonnassa on Hollywoodin poliittisesta historiasta kertova Trumbo (2015). 1940-luvun Hollywoodissa, kylm\u00e4n sodan tunkeutuessa unelmien kaupunkiin k\u00e4sikirjoittaja Dalton&hellip;\n","protected":false},"author":2,"featured_media":60688,"comment_status":"","ping_status":"","sticky":false,"template":"","format":"standard","meta":{"footnotes":""},"categories":[133],"tags":[137,33,31,30,32,206,139,156,109],"class_list":{"0":"post-60687","1":"post","2":"type-post","3":"status-publish","4":"format-standard","5":"has-post-thumbnail","7":"category-televisiot","8":"tag-entertainment","9":"tag-fi","10":"tag-finland","11":"tag-finnish","12":"tag-suomi","13":"tag-televisiot","14":"tag-tv-ohjelmat","15":"tag-tv","16":"tag-viihde"},"share_on_mastodon":{"url":"","error":""},"_links":{"self":[{"href":"https:\/\/www.europesays.com\/fi\/wp-json\/wp\/v2\/posts\/60687","targetHints":{"allow":["GET"]}}],"collection":[{"href":"https:\/\/www.europesays.com\/fi\/wp-json\/wp\/v2\/posts"}],"about":[{"href":"https:\/\/www.europesays.com\/fi\/wp-json\/wp\/v2\/types\/post"}],"author":[{"embeddable":true,"href":"https:\/\/www.europesays.com\/fi\/wp-json\/wp\/v2\/users\/2"}],"replies":[{"embeddable":true,"href":"https:\/\/www.europesays.com\/fi\/wp-json\/wp\/v2\/comments?post=60687"}],"version-history":[{"count":0,"href":"https:\/\/www.europesays.com\/fi\/wp-json\/wp\/v2\/posts\/60687\/revisions"}],"wp:featuredmedia":[{"embeddable":true,"href":"https:\/\/www.europesays.com\/fi\/wp-json\/wp\/v2\/media\/60688"}],"wp:attachment":[{"href":"https:\/\/www.europesays.com\/fi\/wp-json\/wp\/v2\/media?parent=60687"}],"wp:term":[{"taxonomy":"category","embeddable":true,"href":"https:\/\/www.europesays.com\/fi\/wp-json\/wp\/v2\/categories?post=60687"},{"taxonomy":"post_tag","embeddable":true,"href":"https:\/\/www.europesays.com\/fi\/wp-json\/wp\/v2\/tags?post=60687"}],"curies":[{"name":"wp","href":"https:\/\/api.w.org\/{rel}","templated":true}]}}