{"id":60777,"date":"2025-10-13T10:27:14","date_gmt":"2025-10-13T10:27:14","guid":{"rendered":"https:\/\/www.europesays.com\/fi\/60777\/"},"modified":"2025-10-13T10:27:14","modified_gmt":"2025-10-13T10:27:14","slug":"ilmastonmuutos-vaikuttaa-satelliittien-kokemaan-avaruussaahan","status":"publish","type":"post","link":"https:\/\/www.europesays.com\/fi\/60777\/","title":{"rendered":"Ilmastonmuutos vaikuttaa satelliittien kokemaan avaruuss\u00e4\u00e4h\u00e4n"},"content":{"rendered":"<p>Ihmiskunnan tuottamat kasvihuonekaasut vaikuttavat Maan kiertoradalla toimivien satelliittien ratoihin. Yll\u00e4tt\u00e4v\u00e4 yhteys johtuu siit\u00e4, ett\u00e4 ilmakeh\u00e4 jatkuu hyvin korkealle avaruuteen.&#13;<\/p>\n<p class=\"bodytext\">Avaruusmyrskyt voivat v\u00e4liaikaisesti l\u00e4mmitt\u00e4\u00e4 ja laajentaa maapallon ilmakeh\u00e4n ulko-osia. T\u00e4m\u00e4 puolestaan saattaa lis\u00e4t\u00e4 satelliittien kokemaa kitkaa ja n\u00e4in laskea satelliittien ratoja alemmas.\u00a0\n<\/p>\n<p>Hiljattain julkaistussa tutkimuksessa selvitettiin, miten suuri vaikutus viime vuonna koetulla aurinkomyrskyll\u00e4 olisi ollut, jos se olisikin tapahtunut vuonna 2040, 2061 tai 2084. Tutkimuksessa oletettiin hiilidioksidin m\u00e4\u00e4r\u00e4n lis\u00e4\u00e4ntyv\u00e4n ilmakeh\u00e4ss\u00e4.\u00a0\n<\/p>\n<p>Vaikka hiilidioksidi l\u00e4mmitt\u00e4\u00e4 alempaa ilmakeh\u00e4\u00e4 ja on siten osittain vastuussa ilmastonmuutoksesta, 500\u2013600 kilometrin korkeudessa vaikutus on p\u00e4invastainen. Siell\u00e4 hiilidioksidi viilent\u00e4\u00e4 ilmakeh\u00e4\u00e4 s\u00e4teilem\u00e4ll\u00e4 l\u00e4mp\u00f6\u00e4 avaruuteen.\u00a0\n<\/p>\n<p>Tutkimus arvioi ilmakeh\u00e4n olevan satelliittien korkeudella vuosina 2040\u20132084 jopa 20\u201350 prosenttia ohuempi nykyiseen verrattuna. Siksi satelliittien kokema kitkavaikutus olisi my\u00f6s avaruusmyrskyn aikana selv\u00e4sti pienempi kuin nyky\u00e4\u00e4n.\u00a0\n<\/p>\n<p>&#8221;Satelliittiteollisuudelle asia on erityisen t\u00e4rke\u00e4, sill\u00e4 heid\u00e4n t\u00e4ytyy suunnitella satelliitit tiettyihin ilmakeh\u00e4n olosuhteisiin&#8221;, toteaa <strong>Nicholas Pedatella<\/strong> Kansallisesta ilmakeh\u00e4n tutkimuskeskuksesta.\u00a0\n<\/p>\n<p><a href=\"https:\/\/agupubs.onlinelibrary.wiley.com\/doi\/10.1029\/2025GL116445\" target=\"_blank\" rel=\"noreferrer nofollow noopener\">Aiheesta julkaistu tutkimus<\/a> (englanniksi)<\/p>\n","protected":false},"excerpt":{"rendered":"Ihmiskunnan tuottamat kasvihuonekaasut vaikuttavat Maan kiertoradalla toimivien satelliittien ratoihin. Yll\u00e4tt\u00e4v\u00e4 yhteys johtuu siit\u00e4, ett\u00e4 ilmakeh\u00e4 jatkuu hyvin korkealle&hellip;\n","protected":false},"author":2,"featured_media":60778,"comment_status":"","ping_status":"","sticky":false,"template":"","format":"standard","meta":{"footnotes":""},"categories":[114],"tags":[453,33,31,30,118,452,32,119],"class_list":{"0":"post-60777","1":"post","2":"type-post","3":"status-publish","4":"format-standard","5":"has-post-thumbnail","7":"category-avaruus","8":"tag-avaruus","9":"tag-fi","10":"tag-finland","11":"tag-finnish","12":"tag-science","13":"tag-space","14":"tag-suomi","15":"tag-tiede"},"share_on_mastodon":{"url":"","error":""},"_links":{"self":[{"href":"https:\/\/www.europesays.com\/fi\/wp-json\/wp\/v2\/posts\/60777","targetHints":{"allow":["GET"]}}],"collection":[{"href":"https:\/\/www.europesays.com\/fi\/wp-json\/wp\/v2\/posts"}],"about":[{"href":"https:\/\/www.europesays.com\/fi\/wp-json\/wp\/v2\/types\/post"}],"author":[{"embeddable":true,"href":"https:\/\/www.europesays.com\/fi\/wp-json\/wp\/v2\/users\/2"}],"replies":[{"embeddable":true,"href":"https:\/\/www.europesays.com\/fi\/wp-json\/wp\/v2\/comments?post=60777"}],"version-history":[{"count":0,"href":"https:\/\/www.europesays.com\/fi\/wp-json\/wp\/v2\/posts\/60777\/revisions"}],"wp:featuredmedia":[{"embeddable":true,"href":"https:\/\/www.europesays.com\/fi\/wp-json\/wp\/v2\/media\/60778"}],"wp:attachment":[{"href":"https:\/\/www.europesays.com\/fi\/wp-json\/wp\/v2\/media?parent=60777"}],"wp:term":[{"taxonomy":"category","embeddable":true,"href":"https:\/\/www.europesays.com\/fi\/wp-json\/wp\/v2\/categories?post=60777"},{"taxonomy":"post_tag","embeddable":true,"href":"https:\/\/www.europesays.com\/fi\/wp-json\/wp\/v2\/tags?post=60777"}],"curies":[{"name":"wp","href":"https:\/\/api.w.org\/{rel}","templated":true}]}}