{"id":60791,"date":"2025-10-13T10:47:07","date_gmt":"2025-10-13T10:47:07","guid":{"rendered":"https:\/\/www.europesays.com\/fi\/60791\/"},"modified":"2025-10-13T10:47:07","modified_gmt":"2025-10-13T10:47:07","slug":"presidentti-stubb-israelilaiset-ja-palestiinalaiset-ansaitsevat-paremman-tulevaisuuden-uutissuomalainen","status":"publish","type":"post","link":"https:\/\/www.europesays.com\/fi\/60791\/","title":{"rendered":"Presidentti Stubb: Israelilaiset ja palestiinalaiset ansaitsevat paremman tulevaisuuden | Uutissuomalainen"},"content":{"rendered":"<p>Presidentti Alexander Stubb kiitt\u00e4\u00e4 viestipalvelu <a href=\"https:\/\/x.com\/alexstubb\/status\/1977654016126357668\" rel=\"nofollow\">X:ss\u00e4<\/a> Yhdysvaltoja ja muita maita v\u00e4sym\u00e4tt\u00f6m\u00e4st\u00e4 ty\u00f6st\u00e4 israelilaisten panttivankien vapauttamiseksi. Samalla h\u00e4n rohkaisee osapuolia k\u00e4ytt\u00e4m\u00e4\u00e4n tilaisuuden ja toimeenpanemaan Yhdysvaltain presidentin Donald Trumpin rauhansuunnitelman kokonaisuudessaan.<\/p>\n<p>\u2013\u2009Sek\u00e4 israelilaiset ett\u00e4 palestiinalaiset ansaitsevat Stubbin mukaan paremman tulevaisuuden. Turvallisuus kuuluu kaikille, Stubb kirjoittaa.<\/p>\n<p>Ulkoministeri Elina Valtosen (kok.) mukaan Hamasin panttivankien kauan odotettu vapautus on merkitt\u00e4v\u00e4 askel kohti toipumista syv\u00e4st\u00e4 inhimillisest\u00e4 k\u00e4rsimyksest\u00e4. \u2013\u2009Toivomme, ett\u00e4 t\u00e4m\u00e4 hetki merkitsee alkua kest\u00e4v\u00e4lle rauhalle, oikeudenmukaisuudelle ja turvallisuudelle kaikille L\u00e4hi-id\u00e4n ihmisille, Valtonen kirjoittaa viestipalvelu <a href=\"https:\/\/x.com\/elinavaltonen\/status\/1977667787339288881\" rel=\"nofollow\">X:ss\u00e4<\/a>.<\/p>\n<p>Valtonen rokaisee osapuolia jatkamaan vuoropuhelua kahden valtion malliin perustuvan rauhan saavuttamiseksi.<\/p>\n","protected":false},"excerpt":{"rendered":"Presidentti Alexander Stubb kiitt\u00e4\u00e4 viestipalvelu X:ss\u00e4 Yhdysvaltoja ja muita maita v\u00e4sym\u00e4tt\u00f6m\u00e4st\u00e4 ty\u00f6st\u00e4 israelilaisten panttivankien vapauttamiseksi. Samalla h\u00e4n rohkaisee&hellip;\n","protected":false},"author":2,"featured_media":60792,"comment_status":"","ping_status":"","sticky":false,"template":"","format":"standard","meta":{"footnotes":""},"categories":[14],"tags":[3406,22,23,585,26,27,33,31,30,17,24,25,28,29,15,18,21,142,639,637,144,32,19,20,56,16,638,59,60,61],"class_list":{"0":"post-60791","1":"post","2":"type-post","3":"status-publish","4":"format-standard","5":"has-post-thumbnail","7":"category-ulkomaat","8":"tag-alexander-stubb","9":"tag-breaking-news","10":"tag-breakingnews","11":"tag-donald-trump","12":"tag-featured-news","13":"tag-featurednews","14":"tag-fi","15":"tag-finland","16":"tag-finnish","17":"tag-headlines","18":"tag-latest-news","19":"tag-latestnews","20":"tag-main-news","21":"tag-mainnews","22":"tag-news","23":"tag-otsikot","24":"tag-paauutiset","25":"tag-poliitikot","26":"tag-poliittiset-johtajat","27":"tag-politiikka","28":"tag-presidentti","29":"tag-suomi","30":"tag-top-stories","31":"tag-topstories","32":"tag-ulkomaat","33":"tag-uutiset","34":"tag-valtiovalta","35":"tag-world","36":"tag-world-news","37":"tag-worldnews"},"share_on_mastodon":{"url":"","error":""},"_links":{"self":[{"href":"https:\/\/www.europesays.com\/fi\/wp-json\/wp\/v2\/posts\/60791","targetHints":{"allow":["GET"]}}],"collection":[{"href":"https:\/\/www.europesays.com\/fi\/wp-json\/wp\/v2\/posts"}],"about":[{"href":"https:\/\/www.europesays.com\/fi\/wp-json\/wp\/v2\/types\/post"}],"author":[{"embeddable":true,"href":"https:\/\/www.europesays.com\/fi\/wp-json\/wp\/v2\/users\/2"}],"replies":[{"embeddable":true,"href":"https:\/\/www.europesays.com\/fi\/wp-json\/wp\/v2\/comments?post=60791"}],"version-history":[{"count":0,"href":"https:\/\/www.europesays.com\/fi\/wp-json\/wp\/v2\/posts\/60791\/revisions"}],"wp:featuredmedia":[{"embeddable":true,"href":"https:\/\/www.europesays.com\/fi\/wp-json\/wp\/v2\/media\/60792"}],"wp:attachment":[{"href":"https:\/\/www.europesays.com\/fi\/wp-json\/wp\/v2\/media?parent=60791"}],"wp:term":[{"taxonomy":"category","embeddable":true,"href":"https:\/\/www.europesays.com\/fi\/wp-json\/wp\/v2\/categories?post=60791"},{"taxonomy":"post_tag","embeddable":true,"href":"https:\/\/www.europesays.com\/fi\/wp-json\/wp\/v2\/tags?post=60791"}],"curies":[{"name":"wp","href":"https:\/\/api.w.org\/{rel}","templated":true}]}}