{"id":60961,"date":"2025-10-13T14:11:07","date_gmt":"2025-10-13T14:11:07","guid":{"rendered":"https:\/\/www.europesays.com\/fi\/60961\/"},"modified":"2025-10-13T14:11:07","modified_gmt":"2025-10-13T14:11:07","slug":"valoviikkojen-ohjelma-julki-tanssivat-vedet-elokuvien-tahtiin-muumeja-talojen-seinissa-samuli-edelman-paikalliset","status":"publish","type":"post","link":"https:\/\/www.europesays.com\/fi\/60961\/","title":{"rendered":"Valoviikkojen ohjelma julki \u2013 Tanssivat vedet elokuvien tahtiin, Muumeja talojen seiniss\u00e4, Samuli Edelman&#8230; | Paikalliset"},"content":{"rendered":"<p>Tampereen Valoviikkojen ohjelma on julkistettu.<\/p>\n<p><strong class=\"diks-storyline__impact\">Perinteist\u00e4 avajaisjuhlaa <\/strong>vietet\u00e4\u00e4n Koskipuistossa perjantaina 24. lokakuuta kello 19, ja tapahtumaan on vapaa p\u00e4\u00e4sy. Tapahtumaa t\u00e4hditt\u00e4v\u00e4t <strong>Hanna Pakarinen<\/strong> ja <strong>Samuli Edelman<\/strong>. Valoviikkojen avajaispuheen pit\u00e4\u00e4 pormestari <strong>Ilmari Nurminen<\/strong> (sd) ja tilaisuuden juontaa<strong> Matilda Wirtavuori<\/strong>.<\/p>\n<p><strong class=\"diks-storyline__impact\">Tapahtuma huipentuu<\/strong> perinteiseen Tanssivat vedet -esitykseen, joka hurmaa v\u00e4riloistollaan ja musiikillaan Koskipuistossa yhteens\u00e4 kymmenen\u00e4 per\u00e4kk\u00e4isen\u00e4 iltana 24.10.\u20132.11. Avajaisiltana esitykset n\u00e4hd\u00e4\u00e4n juhlan lopuksi sek\u00e4 kello 20 ja 21. Lis\u00e4ksi esityksi\u00e4 voi ihailla 25.10.\u20132.11. tunnin v\u00e4lein kello 18, 19, 20 ja 21.<\/p>\n<p>T\u00e4n\u00e4 vuonna Tanssivat vedet saavat inspiraationsa televisio- ja elokuvamaailmasta. Esitykset kest\u00e4v\u00e4t noin 8\u201312 minuuttia.<\/p>\n<p><strong class=\"diks-storyline__impact\">Muumiaiheinen valotaide<\/strong> huipentaa Muumi 80 -juhlavuoden Tampereella. L\u00e4ntisen keskustan rakennusten seinille heijastettava Valogallerian n\u00e4yttely Muumien matka kotiin sek\u00e4 Keskustorin valaisu tuovat talven pimeyteen satumaista tunnelmaa ja mahdollisuuden kokea muumit uudella tavalla osana Tampereen Valoviikkoja.<\/p>\n<p>Valogallerian valotaidekokonaisuus avautuu avajaisten yhteydess\u00e4 24.10. Valogallerian 15 kuvitusta on valittu juhlavuoden kunniaksi <strong>Tove Janssonin <\/strong>ensimm\u00e4isest\u00e4 muumitarinasta Muumit ja suuri tuhotulva (1945).<\/p>\n<p>Muumivalaistuksia voi ihailla my\u00f6s Keskustorilla itsen\u00e4isyysp\u00e4iv\u00e4st\u00e4 6.12. alkaen. Tove Janssonin alkuper\u00e4isiin piirustuksiin perustuvat teokset ovat kirjasta Taikatalvi (1957). Teokset el\u00e4v\u00f6itt\u00e4v\u00e4t Joulutorin tunnelmaa ja tuovat talven taikaa Keskustorin tapahtumiin.<\/p>\n<p><strong class=\"diks-storyline__impact\">Valoviikot valaisevat<\/strong> aiemmilta vuosilta tuttuja ja uusia kohteita 24.10. alkaen. Valaisuja n\u00e4hd\u00e4\u00e4n esimerkiksi Aleksis Kiven kadulla, H\u00e4meenpuistossa sek\u00e4 Kirjastonpuistossa. Yliopistonkatu saa uudet kausivalaistukset, joissa voi tunnistaa my\u00f6s muumiteeman. H\u00e4meenkadun valaisu vaihtuu ja uusia valaisuja voi ihailla 24.10. alkaen.<\/p>\n<p>Jouluteemaiset valot sammuvat loppiaisen j\u00e4lkeen 6.1.2026, ja muut valaistukset poistetaan asteittain sen j\u00e4lkeen. Valogallerian teoksia voi ihailla aina 8.3.2026 asti.<\/p>\n","protected":false},"excerpt":{"rendered":"Tampereen Valoviikkojen ohjelma on julkistettu. Perinteist\u00e4 avajaisjuhlaa vietet\u00e4\u00e4n Koskipuistossa perjantaina 24. lokakuuta kello 19, ja tapahtumaan on vapaa&hellip;\n","protected":false},"author":2,"featured_media":60962,"comment_status":"","ping_status":"","sticky":false,"template":"","format":"standard","meta":{"footnotes":""},"categories":[130],"tags":[137,33,31,30,5856,381,379,3135,32,485,551,712,109],"class_list":{"0":"post-60961","1":"post","2":"type-post","3":"status-publish","4":"format-standard","5":"has-post-thumbnail","7":"category-viihde","8":"tag-entertainment","9":"tag-fi","10":"tag-finland","11":"tag-finnish","12":"tag-joulu","13":"tag-kaunokirjallisuus","14":"tag-kirjallisuus","15":"tag-suomalainen-kirjallisuus","16":"tag-suomi","17":"tag-taide-yleista","18":"tag-tampere","19":"tag-tampereen-seutukunta","20":"tag-viihde"},"share_on_mastodon":{"url":"","error":""},"_links":{"self":[{"href":"https:\/\/www.europesays.com\/fi\/wp-json\/wp\/v2\/posts\/60961","targetHints":{"allow":["GET"]}}],"collection":[{"href":"https:\/\/www.europesays.com\/fi\/wp-json\/wp\/v2\/posts"}],"about":[{"href":"https:\/\/www.europesays.com\/fi\/wp-json\/wp\/v2\/types\/post"}],"author":[{"embeddable":true,"href":"https:\/\/www.europesays.com\/fi\/wp-json\/wp\/v2\/users\/2"}],"replies":[{"embeddable":true,"href":"https:\/\/www.europesays.com\/fi\/wp-json\/wp\/v2\/comments?post=60961"}],"version-history":[{"count":0,"href":"https:\/\/www.europesays.com\/fi\/wp-json\/wp\/v2\/posts\/60961\/revisions"}],"wp:featuredmedia":[{"embeddable":true,"href":"https:\/\/www.europesays.com\/fi\/wp-json\/wp\/v2\/media\/60962"}],"wp:attachment":[{"href":"https:\/\/www.europesays.com\/fi\/wp-json\/wp\/v2\/media?parent=60961"}],"wp:term":[{"taxonomy":"category","embeddable":true,"href":"https:\/\/www.europesays.com\/fi\/wp-json\/wp\/v2\/categories?post=60961"},{"taxonomy":"post_tag","embeddable":true,"href":"https:\/\/www.europesays.com\/fi\/wp-json\/wp\/v2\/tags?post=60961"}],"curies":[{"name":"wp","href":"https:\/\/api.w.org\/{rel}","templated":true}]}}