{"id":60996,"date":"2025-10-13T14:57:07","date_gmt":"2025-10-13T14:57:07","guid":{"rendered":"https:\/\/www.europesays.com\/fi\/60996\/"},"modified":"2025-10-13T14:57:07","modified_gmt":"2025-10-13T14:57:07","slug":"kirjamessut-kerasi-viikonloppuna-vakea-oulun-lyseon-lukiolle-katso-kuvagalleria-messuvilinasta-kaleva","status":"publish","type":"post","link":"https:\/\/www.europesays.com\/fi\/60996\/","title":{"rendered":"Kirjamessut ker\u00e4si viikonloppuna v\u00e4ke\u00e4 Oulun lyseon lukiolle \u2013 Katso kuvagalleria messuvilin\u00e4st\u00e4 &#8211; Kaleva"},"content":{"rendered":"<ol>\n<li><a href=\"https:\/\/news.google.com\/rss\/articles\/CBMilgFBVV95cUxQRXFfaEdpdnFMMlQ0UlFpTy1QR3ZLWWtvOUNzWjFYN3pTakloaU1fSmloUVBSb2Y2MUxrbmNMMVJWekNQRG4yU0J6RXBubXI5b0dBMkVMNTR4RXpIUTViMC1xclhWMGVvYzBENFFOUm9WclBqRXRDbDNpMFB3NFhDN3haWXJhR1ZCQkJXWE5zdHl1NFNkR3c?oc=5\" target=\"_blank\" rel=\"nofollow noopener\">Kirjamessut ker\u00e4si viikonloppuna v\u00e4ke\u00e4 Oulun lyseon lukiolle \u2013 Katso kuvagalleria messuvilin\u00e4st\u00e4<\/a>&nbsp;&nbsp;Kaleva<\/li>\n<li><a href=\"https:\/\/news.google.com\/rss\/articles\/CBMivgFBVV95cUxOdU9hRkFXLTZiMS1NQ1JMX091OVktVUg5cDVDRlh2elFMOFVMM0h4dDB0UnNBMk4zN1kwWlZXdGsyUEZvQ3M3SjNEQ3ZnOVBUQjVpMUVnRkR3eVRqY3R4RExwZXVpTU53OHM1alJnS3VVbVA1MlZJTV9fVFBUWGJZWnR4ZE1sQ05VRFB0VFdhTW1QZzhPY3QxcFJNaVdOMkZQeTlNN01pY2RQanVZRUdfOUd1WDRxRUJLc1ExNEhn?oc=5\" target=\"_blank\" rel=\"nofollow noopener\">Tietokirjaraati ruotii uutuustietokirjoja Oulun Kirjamessuilla<\/a>&nbsp;&nbsp;ePressi<\/li>\n<li><a href=\"https:\/\/news.google.com\/rss\/articles\/CBMiswFBVV95cUxPTTFPOUFLMUxxc1RLbXhmZFpmYXdUb3NxMWk1TE1HSUFjQUVNRDl4QnNhR3FacFFqNEE2bDFBOFhHY0lqN0FqMWxQQUxzWFR1Y1R1ajhDSkQ0UW9EYUNpeTM2ZlZSTzNLUm8zSGRCdkZXQlJjX2doQW5DTWx0S0R5LUlGTGF5WFB4bThMdTlfcERJM2lWUHRoejczc3RTTXFnY09CblBnMkdyRXo4QzMzU3EtWQ?oc=5\" target=\"_blank\" rel=\"nofollow noopener\">Oulun Kirjamessuilla yli 80 tapahtumaa \u2013 teemana kohtaamiset kuudella eri lavalla<\/a>&nbsp;&nbsp;Mun Oulu<\/li>\n<li><a href=\"https:\/\/news.google.com\/rss\/articles\/CBMiiAFBVV95cUxOdU9POXJiT2pSWTFKdWhRaE1PS1BHZEFBdS00eDRZNlhSeUlPSEJ1UHRIbk9tVGJ1YUs2M2lrVFAtWUlFb3dSNnk0SVVqRktBY3ZjajlZRXI2dlhNYXhiMDhVakd3ZVJiWk1NNkpBb1p4Ni1UdGExcDNzNXVQYjRKTkVTek5DcXVo?oc=5\" target=\"_blank\" rel=\"nofollow noopener\">Kustantajat suitsuttavat kirjamessujen myynti\u00e4: &#8221;Oulussa on aidosti kiinnostunutta messuyleis\u00f6\u00e4&#8221;<\/a>&nbsp;&nbsp;Kaleva<\/li>\n<li><a href=\"https:\/\/news.google.com\/rss\/articles\/CBMiiAFBVV95cUxOOWZaUDdHNjNHdTl0ZWNUN3VnRkNBUzVrRWxDZVhQTXdtelJKM0FOYlRzdmJldWQzY1JxMGZQb0p5NlBqU1V0SFotVHBRZUY3NDNaMUM4UXN6dWlMckNfZFJHbld5ZUNUX1prdy0yTFpUaDlHR3FGSW9McTJvanRPWjhxLXR0MlVE?oc=5\" target=\"_blank\" rel=\"nofollow noopener\">Tuleva dekkaristi tuli messuille fiilistelem\u00e4\u00e4n, nuoret hakivat luettavaa \u2013 Oulun kirjamessujen dekkari-iltap\u00e4iv\u00e4 kiinnosti, mutta enemm\u00e4nkin v\u00e4ke\u00e4 olisi mahtunut<\/a>&nbsp;&nbsp;Kaleva<\/li>\n<\/ol>\n","protected":false},"excerpt":{"rendered":"Kirjamessut ker\u00e4si viikonloppuna v\u00e4ke\u00e4 Oulun lyseon lukiolle \u2013 Katso kuvagalleria messuvilin\u00e4st\u00e4&nbsp;&nbsp;Kaleva Tietokirjaraati ruotii uutuustietokirjoja Oulun Kirjamessuilla&nbsp;&nbsp;ePressi Oulun Kirjamessuilla&hellip;\n","protected":false},"author":2,"featured_media":60997,"comment_status":"","ping_status":"","sticky":false,"template":"","format":"standard","meta":{"footnotes":""},"categories":[134],"tags":[377,137,33,31,30,378,32,109],"class_list":{"0":"post-60996","1":"post","2":"type-post","3":"status-publish","4":"format-standard","5":"has-post-thumbnail","7":"category-kirjat","8":"tag-books","9":"tag-entertainment","10":"tag-fi","11":"tag-finland","12":"tag-finnish","13":"tag-kirjat","14":"tag-suomi","15":"tag-viihde"},"share_on_mastodon":{"url":"","error":""},"_links":{"self":[{"href":"https:\/\/www.europesays.com\/fi\/wp-json\/wp\/v2\/posts\/60996","targetHints":{"allow":["GET"]}}],"collection":[{"href":"https:\/\/www.europesays.com\/fi\/wp-json\/wp\/v2\/posts"}],"about":[{"href":"https:\/\/www.europesays.com\/fi\/wp-json\/wp\/v2\/types\/post"}],"author":[{"embeddable":true,"href":"https:\/\/www.europesays.com\/fi\/wp-json\/wp\/v2\/users\/2"}],"replies":[{"embeddable":true,"href":"https:\/\/www.europesays.com\/fi\/wp-json\/wp\/v2\/comments?post=60996"}],"version-history":[{"count":0,"href":"https:\/\/www.europesays.com\/fi\/wp-json\/wp\/v2\/posts\/60996\/revisions"}],"wp:featuredmedia":[{"embeddable":true,"href":"https:\/\/www.europesays.com\/fi\/wp-json\/wp\/v2\/media\/60997"}],"wp:attachment":[{"href":"https:\/\/www.europesays.com\/fi\/wp-json\/wp\/v2\/media?parent=60996"}],"wp:term":[{"taxonomy":"category","embeddable":true,"href":"https:\/\/www.europesays.com\/fi\/wp-json\/wp\/v2\/categories?post=60996"},{"taxonomy":"post_tag","embeddable":true,"href":"https:\/\/www.europesays.com\/fi\/wp-json\/wp\/v2\/tags?post=60996"}],"curies":[{"name":"wp","href":"https:\/\/api.w.org\/{rel}","templated":true}]}}