{"id":61022,"date":"2025-10-13T15:32:11","date_gmt":"2025-10-13T15:32:11","guid":{"rendered":"https:\/\/www.europesays.com\/fi\/61022\/"},"modified":"2025-10-13T15:32:11","modified_gmt":"2025-10-13T15:32:11","slug":"hollanti-otti-hallintaansa-kiinalaisomisteisen-puolijohdeyhtio-nexperian-uutisia-lyhyesti","status":"publish","type":"post","link":"https:\/\/www.europesays.com\/fi\/61022\/","title":{"rendered":"Hollanti otti hallintaansa kiinalaisomisteisen puolijohdeyhti\u00f6 Nexperian | Uutisia lyhyesti"},"content":{"rendered":"<p class=\"aw-1gybjub aw-5vja16 ghpEtB kjanFo yle__article__paragraph\">Hollannin viranomaisten mukaan Nexperian kiinalaisomistus aiheuttaa tietovuotouhan ja mahdollisen riskin Hollannin ja Euroopan taloudelliselle turvallisuudelle.<\/p>\n<p class=\"aw-1gybjub aw-1p7kakr ghpEtB jtovHP yle__article__paragraph\">Hollannin hallitus on ottanut maanantaina hallintaansa kiinalaisomisteisen puolijohdevalmistaja Nexperian.<\/p>\n<p class=\"aw-1gybjub aw-1p7kakr ghpEtB jtovHP yle__article__paragraph\">Hallitus kertoi sunnuntai-iltana puuttuneensa Nijmegenin kaupungissa Hollannissa p\u00e4\u00e4konttoriaan pit\u00e4v\u00e4n Nexperian toimintaan. Yhti\u00f6 valmistaa mikrosiruja autoihin ja kulutuselektroniikkaan. Toimenpiteen syyksi mainittiin huoli teknologian mahdollisesta siirtymisest\u00e4 Nexperian kiinalaiselle emoyhti\u00f6lle Wingtechille.<\/p>\n<p class=\"aw-1gybjub aw-1p7kakr ghpEtB jtovHP yle__article__paragraph\">Hollannin viranomaisten mukaan Nexperiaan liittyi tietovuotouhka ja mahdollinen riski Hollannin ja Euroopan taloudelliselle turvallisuudelle, kertoo <a class=\"aw-iao6s4 iHOxEa yle__article__link\" href=\"https:\/\/nos.nl\/artikel\/2586270-kabinet-grijpt-hard-in-bij-chipfabrikant-nexperia\" role=\"link\" rel=\"nofollow noopener\" target=\"_blank\">Hollannin yleisradio NOS<\/a>.<\/p>\n<p class=\"aw-1gybjub aw-1p7kakr ghpEtB jtovHP yle__article__paragraph\">P\u00e4\u00e4t\u00f6s johti Wingtechin osakkeiden 10 prosentin laskuun Shanghain p\u00f6rssiss\u00e4 maanantaina.<\/p>\n<p class=\"aw-1gybjub aw-1p7kakr ghpEtB jtovHP yle__article__paragraph\">Hollannin hallitus ei ota Nexperian omistusta itselleen, mutta sill\u00e4 on nyt oikeus kumota tai est\u00e4\u00e4 yhti\u00f6n johdon p\u00e4\u00e4t\u00f6ksi\u00e4, jos ne katsotaan haitallisiksi. Yhti\u00f6n normaali tuotanto jatkuu.<\/p>\n<p class=\"aw-1gybjub aw-1p7kakr ghpEtB jtovHP yle__article__paragraph\">Yhti\u00f6n kiinalaisomistaja Wingtechin mukaan Hollannin hallituksen puuttumista Nexperian toimintaan ohjasi \u201dgeopoliittinen puolueellisuus\u201d.<\/p>\n<p class=\"aw-1gybjub aw-1p7kakr ghpEtB jtovHP yle__article__paragraph\">Reuters<\/p>\n","protected":false},"excerpt":{"rendered":"Hollannin viranomaisten mukaan Nexperian kiinalaisomistus aiheuttaa tietovuotouhan ja mahdollisen riskin Hollannin ja Euroopan taloudelliselle turvallisuudelle. Hollannin hallitus on&hellip;\n","protected":false},"author":2,"featured_media":74,"comment_status":"","ping_status":"","sticky":false,"template":"","format":"standard","meta":{"footnotes":""},"categories":[76],"tags":[79,77,33,31,30,5604,510,14181,14182,32,78,56],"class_list":{"0":"post-61022","1":"post","2":"type-post","3":"status-publish","4":"format-standard","5":"has-post-thumbnail","7":"category-talous","8":"tag-business","9":"tag-economy","10":"tag-fi","11":"tag-finland","12":"tag-finnish","13":"tag-hollanti","14":"tag-kiina","15":"tag-puolijohdeteollisuus","16":"tag-puolijohteet-ja-aktiivikomponentit","17":"tag-suomi","18":"tag-talous","19":"tag-ulkomaat"},"share_on_mastodon":{"url":"","error":""},"_links":{"self":[{"href":"https:\/\/www.europesays.com\/fi\/wp-json\/wp\/v2\/posts\/61022","targetHints":{"allow":["GET"]}}],"collection":[{"href":"https:\/\/www.europesays.com\/fi\/wp-json\/wp\/v2\/posts"}],"about":[{"href":"https:\/\/www.europesays.com\/fi\/wp-json\/wp\/v2\/types\/post"}],"author":[{"embeddable":true,"href":"https:\/\/www.europesays.com\/fi\/wp-json\/wp\/v2\/users\/2"}],"replies":[{"embeddable":true,"href":"https:\/\/www.europesays.com\/fi\/wp-json\/wp\/v2\/comments?post=61022"}],"version-history":[{"count":0,"href":"https:\/\/www.europesays.com\/fi\/wp-json\/wp\/v2\/posts\/61022\/revisions"}],"wp:featuredmedia":[{"embeddable":true,"href":"https:\/\/www.europesays.com\/fi\/wp-json\/wp\/v2\/media\/74"}],"wp:attachment":[{"href":"https:\/\/www.europesays.com\/fi\/wp-json\/wp\/v2\/media?parent=61022"}],"wp:term":[{"taxonomy":"category","embeddable":true,"href":"https:\/\/www.europesays.com\/fi\/wp-json\/wp\/v2\/categories?post=61022"},{"taxonomy":"post_tag","embeddable":true,"href":"https:\/\/www.europesays.com\/fi\/wp-json\/wp\/v2\/tags?post=61022"}],"curies":[{"name":"wp","href":"https:\/\/api.w.org\/{rel}","templated":true}]}}