{"id":61028,"date":"2025-10-13T15:46:17","date_gmt":"2025-10-13T15:46:17","guid":{"rendered":"https:\/\/www.europesays.com\/fi\/61028\/"},"modified":"2025-10-13T15:46:17","modified_gmt":"2025-10-13T15:46:17","slug":"honor-vahvisti-tulevan-magic8-pro-huippupuhelimensa-7-200-milliampeeritunnin-jattiakun","status":"publish","type":"post","link":"https:\/\/www.europesays.com\/fi\/61028\/","title":{"rendered":"Honor vahvisti tulevan Magic8 Pro -huippupuhelimensa 7 200 milliampeeritunnin j\u00e4ttiakun"},"content":{"rendered":"<p><a href=\"https:\/\/mobiili.fi\/wp-content\/uploads\/2025\/10\/honor_magic8_pro_pre_1-scaled.jpg\" data-lightbox=\"image\" rel=\"nofollow noopener\" target=\"_blank\"><img fetchpriority=\"high\" decoding=\"async\" aria-describedby=\"caption-attachment-266821\" class=\"size-large wp-image-266821\" src=\"data:image\/svg+xml,%3Csvg%20xmlns=\" http:=\"\" alt=\"Honor Magic8 Pro valkoisena v\u00e4rivaihtoehtona.\" width=\"1200\" height=\"724\" data-lazy- data-lazy- data-lazy-src=\"https:\/\/www.europesays.com\/fi\/wp-content\/uploads\/2025\/10\/honor_magic8_pro_pre_1-1200x724.jpg\"\/><\/a><\/p>\n<p id=\"caption-attachment-266821\" class=\"wp-caption-text\">Honor Magic8 Pro valkoisena v\u00e4rivaihtoehtona.<\/p>\n<p>Honor on julkistamassa uudet Magic8-sarjan huippupuhelimensa Kiinassa keskiviikkona 15. lokakuuta.<\/p>\n<p>Julkistuksen l\u00e4hestyess\u00e4 Honor on nyt vahvistanut uuden Magic8 Pro -huippupuhelimensa sis\u00e4lt\u00e4v\u00e4n suuren 7 200 milliampeeritunnin akun.<\/p>\n<p>Kasvaneen kapasiteetin taustalla on entist\u00e4 kehittyneempi pii-hiiliakkuteknologia.<\/p>\n<p style=\"width: 98%; text-align: center; font-size:13px; border-bottom: 1px solid #C8C8C8; line-height: 0.1em; margin: 8px 1% 16px 1%;\">MAINOS (ARTIKKELI JATKUU ALLA)<\/p>\n<p>Vertailun vuoksi edelt\u00e4v\u00e4ss\u00e4 Magic7 Prossa Kiinan-malliversiossa akun kapasiteetti on 5 850 milliampeerituntia, joten Magic8 Pro sis\u00e4lt\u00e4\u00e4 jopa 23 prosenttia suuremman akun. Kansainv\u00e4lisill\u00e4 markkinoilla, kuten Euroopassa, Magic7 Prosta on myynniss\u00e4 kuitenkin malliversio pienemm\u00e4ll\u00e4 5 270 milliampeeritunnin akulla.<\/p>\n<p>Toistaiseksi ei ole viel\u00e4 tiedossa, tuleeko my\u00f6s Magic8 Pron akku olemaan pienempi muilla markkinoilla Kiinan ulkopuolella. Honor on julkistamassa uudet huippupuhelimensa Kiinan markkinoille ja julkaisua muille markkinoille on ohjelmassa my\u00f6hemmin.<\/p>\n<p><a href=\"https:\/\/mobiili.fi\/wp-content\/uploads\/2025\/10\/honor_magic8_pro_7200_mah.jpg\" data-lightbox=\"image\" rel=\"nofollow noopener\" target=\"_blank\"><img loading=\"lazy\" decoding=\"async\" aria-describedby=\"caption-attachment-266919\" class=\"size-large wp-image-266919\" src=\"data:image\/svg+xml,%3Csvg%20xmlns=\" http:=\"\" alt=\"Honor Magic8 Prossa on 7 200 milliampeeritunnin akku - ainakin Kiinan-versiossa.\" width=\"1200\" height=\"1191\" data-lazy- data-lazy- data-lazy-src=\"https:\/\/www.europesays.com\/fi\/wp-content\/uploads\/2025\/10\/honor_magic8_pro_7200_mah-1200x1191.jpg\"\/><\/a><\/p>\n<p id=\"caption-attachment-266919\" class=\"wp-caption-text\">Honor Magic8 Prossa on 7 200 milliampeeritunnin akku \u2013 ainakin Kiinan-versiossa.<\/p>\n<p>Honorin Magic8-sarjan ensimm\u00e4iset huippupuhelimet tulevat sis\u00e4lt\u00e4m\u00e4\u00e4n <a style=\"font-size: 1rem;\" href=\"https:\/\/mobiili.fi\/2025\/09\/24\/qualcomm-julkisti-snapdragon-8-elite-gen-5n-maailman-nopeimmaksi-kehuttu-jarjestelmapiiri-tuo-rutkasti-lisaa-suorituskykya-alypuhelimiin\/\" rel=\"nofollow noopener\" target=\"_blank\">Qualcommin 24. syyskuuta julkistaman uuden huipputason Snapdragon 8 Elite Gen 5 -j\u00e4rjestelm\u00e4piirin<\/a>.<\/p>\n<p style=\"width: 98%; text-align: center; font-size:13px; border-bottom: 1px solid #C8C8C8; line-height: 0.1em; margin: 8px 1% 16px 1%;\">MAINOS (ARTIKKELI JATKUU ALLA)<\/p>\n<p>Honor Magic8 Pro ja Honor Magic8 on jo n\u00e4hty useissa virallisissa kuvissa.<\/p>\n<p>Magic8-uutuuksien muotoilu jatkaa Honorin Magic-sarjan huippupuhelimille tutuilla linjoilla mit\u00e4 tulee kookkaaseen py\u00f6re\u00e4\u00e4n takakamerakohoumaan. Etupuolella n\u00e4ytt\u00f6j\u00e4 ymp\u00e4r\u00f6iv\u00e4t kapeat reunukset. Magic8 sis\u00e4lt\u00e4\u00e4 yksitt\u00e4isen etukameran, kun Magic8 Prossa mukana on edelleen my\u00f6s infrapunakamera 3D-kasvojentunnistukseen.<\/p>\n<p>Takana kamerakohouman keski\u00f6ss\u00e4 Magic8-puhelimet kantavat Honorin AiMAGE-br\u00e4nd\u00e4yst\u00e4.<\/p>\n<p>N\u00e4ht\u00e4v\u00e4ksi j\u00e4\u00e4, tuleeko Honor tuomaan t\u00e4ll\u00e4 kertaa kansainv\u00e4lisille markkinoille Magic8 Pron rinnalla my\u00f6s Magic8:n. Edelt\u00e4viss\u00e4 sukupolvissa perusmallia ei ole tuotu Euroopan markkinoille, joilla Honor on keskittynyt vain Prohon.<\/p>\n<p><a href=\"https:\/\/mobiili.fi\/wp-content\/uploads\/2025\/10\/honor_magic8_pro_pre_2-scaled.jpg\" data-lightbox=\"image\" rel=\"nofollow noopener\" target=\"_blank\"><img loading=\"lazy\" decoding=\"async\" aria-describedby=\"caption-attachment-266820\" class=\"size-large wp-image-266820\" src=\"data:image\/svg+xml,%3Csvg%20xmlns=\" http:=\"\" alt=\"Honor Magic8 Pro mustana v\u00e4rivaihtoehtona.\" width=\"1200\" height=\"1069\" data-lazy- data-lazy- data-lazy-src=\"https:\/\/www.europesays.com\/fi\/wp-content\/uploads\/2025\/10\/honor_magic8_pro_pre_2-1200x1069.jpg\"\/><\/a><\/p>\n<p id=\"caption-attachment-266820\" class=\"wp-caption-text\">Honor Magic8 Pro mustana v\u00e4rivaihtoehtona.<\/p>\n<p><a href=\"https:\/\/mobiili.fi\/wp-content\/uploads\/2025\/10\/honor_magic8_pro_pre_3-scaled.jpg\" data-lightbox=\"image\" rel=\"nofollow noopener\" target=\"_blank\"><img loading=\"lazy\" decoding=\"async\" aria-describedby=\"caption-attachment-266819\" class=\"size-large wp-image-266819\" src=\"data:image\/svg+xml,%3Csvg%20xmlns=\" http:=\"\" alt=\"Honor Magic8 Pro syaanina v\u00e4rivaihtoehtona.\" width=\"1200\" height=\"1130\" data-lazy- data-lazy- data-lazy-src=\"https:\/\/www.europesays.com\/fi\/wp-content\/uploads\/2025\/10\/honor_magic8_pro_pre_3-1200x1130.jpg\"\/><\/a><\/p>\n<p id=\"caption-attachment-266819\" class=\"wp-caption-text\">Honor Magic8 Pro syaanina v\u00e4rivaihtoehtona.<\/p>\n<p><a href=\"https:\/\/mobiili.fi\/wp-content\/uploads\/2025\/10\/honor_magic8_pro_pre_4-scaled.jpg\" data-lightbox=\"image\" rel=\"nofollow noopener\" target=\"_blank\"><img loading=\"lazy\" decoding=\"async\" aria-describedby=\"caption-attachment-266818\" class=\"size-large wp-image-266818\" src=\"data:image\/svg+xml,%3Csvg%20xmlns=\" http:=\"\" alt=\"Honor Magic8 Pro kultaisena v\u00e4rivaihtoehtona.\" width=\"1200\" height=\"1040\" data-lazy- data-lazy- data-lazy-src=\"https:\/\/www.europesays.com\/fi\/wp-content\/uploads\/2025\/10\/honor_magic8_pro_pre_4-1200x1040.jpg\"\/><\/a><\/p>\n<p id=\"caption-attachment-266818\" class=\"wp-caption-text\">Honor Magic8 Pro kultaisena v\u00e4rivaihtoehtona.<\/p>\n<p><a href=\"https:\/\/www.europesays.com\/fi\/wp-content\/uploads\/2025\/10\/honor_magic8_teaser_4.jpg\" data-lightbox=\"image\"><img loading=\"lazy\" decoding=\"async\" aria-describedby=\"caption-attachment-266117\" class=\"size-full wp-image-266117\" src=\"data:image\/svg+xml,%3Csvg%20xmlns=\" http:=\"\" alt=\"Honor Magic8.\" width=\"800\" height=\"733\" data-lazy- data-lazy- data-lazy-src=\"https:\/\/www.europesays.com\/fi\/wp-content\/uploads\/2025\/10\/honor_magic8_teaser_4.jpg\"\/><\/a><\/p>\n<p id=\"caption-attachment-266117\" class=\"wp-caption-text\">Honor Magic8.<\/p>\n<p style=\"width: 98%; text-align: center; font-size:13px; border-bottom: 1px solid #C8C8C8; line-height: 0.1em; margin: 8px 1% 16px 1%;\">MAINOS (ARTIKKELI JATKUU ALLA)<\/p>\n<p>My\u00f6hemmin, mahdollisesti vuoden 2026 puolella, Magic8-sarjaan odotetaan viel\u00e4 t\u00e4ydennyst\u00e4 pienempikokoisesta mallista sek\u00e4 parhaimmin varustellusta Ultra-mallista.<\/p>\n<p><a href=\"https:\/\/mobiili.fi\/2025\/10\/03\/tama-honorin-tulevista-magic8-sarjan-huippupuhelimista-tiedetaan-toistaiseksi-kuvat-paljastavat-muotoilun-jatkavan-tutuilla-linjoilla\/\" rel=\"nofollow noopener\" target=\"_blank\">Magic8-puhelinten ominaisuuksista on paljastunut jo monia yksityiskohtia<\/a>.<\/p>\n<p>Huhujen mukaan Magic8 sis\u00e4lt\u00e4\u00e4 6,58 tuuman tasaisen n\u00e4yt\u00f6n 1,5K-tarkkuudella, takana 50 megapikselin p\u00e4\u00e4- ja ultralaajakulmakamerat sek\u00e4 200 megapikselin telekameran, edess\u00e4kin 50 megapikselin kameran sek\u00e4 ainakin Kiinassa 7 000 milliampeeritunnin akun 90 watin pikalatauksella.<\/p>\n<p>Huhutusti Honor Magic8 Prossa puolestaan on suurempi 6,71 tuuman n\u00e4ytt\u00f6, joka on reunoiltaan kevyesti kaartuvaa niin sanottua mikrokaarevaa mallia.<\/p>\n<p style=\"width: 98%; text-align: center; font-size:13px; border-bottom: 1px solid #C8C8C8; line-height: 0.1em; margin: 8px 1% 16px 1%;\">MAINOS (ARTIKKELI JATKUU ALLA)<\/p>\n<p>Magic8 Pron kamerakokoonpano sis\u00e4lt\u00e4isi my\u00f6s 50 megapikselin p\u00e4\u00e4- ja ultralaajakulmakamerat, 200 megapikselin telekameran ja 50 megapikselin etukameran.<\/p>\n<p>Honor Magic8 Pron 7 200 milliampeeritunnin akku on varustettu tuella 120 watin langallisella ja 80 watin langattomalle pikalataukselle.<\/p>\n<p>Kameroiden toimintaa Magic8-puhelimissa ovat tukemassa j\u00e4lleen lasertarkennus ja v\u00e4ril\u00e4mp\u00f6tila-anturi.<\/p>\n<p>Magic8-puhelimissa ensiesiintymisens\u00e4 tulee tekem\u00e4\u00e4n my\u00f6s Honorin uusi MagicOS 10 -ohjelmisto, johon odotetaan merkitt\u00e4vi\u00e4 uudistuksia muun muassa teko\u00e4lyn saralla.<\/p>\n<p>Honor on jo kertonut esimerkkin\u00e4 uusista teko\u00e4lytoiminnoista Magic8:ssa n\u00e4ht\u00e4v\u00e4n teko\u00e4lypohjaisen Magic Color -toiminnon, joka mahdollistaa kuvien ja videoiden tyylin muuttamisen toisesta kuvasta per\u00e4isin olevan v\u00e4ripaletin mukaisesti. Uusi toiminto perustuu Honorin ja Qualcommin yhteisty\u00f6h\u00f6n.<\/p>\n<p>Oikealta sivulta Magic8-puhelimista l\u00f6ytyy my\u00f6s uusi toimintopainike, joka huhujen mukaan liittyy my\u00f6s teko\u00e4lytoimintoihin, vaikka painike sijaitseekin my\u00f6s kamerapainikkeeksi sopivalla kohdalla.<\/p>\n<p>Mainos: <a href=\"https:\/\/hinta.fi\/?src=gPp6fX03\" target=\"_blank\" rel=\"nofollow noopener\">Noin 1 600 000 tuotteen hintavertailu ja hintaseuranta &#8211; katso Hinta.fist\u00e4 mist\u00e4 saat halvimmalla<\/a><\/p>\n","protected":false},"excerpt":{"rendered":"Honor Magic8 Pro valkoisena v\u00e4rivaihtoehtona. Honor on julkistamassa uudet Magic8-sarjan huippupuhelimensa Kiinassa keskiviikkona 15. lokakuuta. Julkistuksen l\u00e4hestyess\u00e4 Honor&hellip;\n","protected":false},"author":2,"featured_media":61029,"comment_status":"","ping_status":"","sticky":false,"template":"","format":"standard","meta":{"footnotes":""},"categories":[85],"tags":[33,31,30,419,418,32,91,92],"class_list":{"0":"post-61028","1":"post","2":"type-post","3":"status-publish","4":"format-standard","5":"has-post-thumbnail","7":"category-mobiili","8":"tag-fi","9":"tag-finland","10":"tag-finnish","11":"tag-mobiili","12":"tag-mobile","13":"tag-suomi","14":"tag-technology","15":"tag-teknologia"},"share_on_mastodon":{"url":"","error":""},"_links":{"self":[{"href":"https:\/\/www.europesays.com\/fi\/wp-json\/wp\/v2\/posts\/61028","targetHints":{"allow":["GET"]}}],"collection":[{"href":"https:\/\/www.europesays.com\/fi\/wp-json\/wp\/v2\/posts"}],"about":[{"href":"https:\/\/www.europesays.com\/fi\/wp-json\/wp\/v2\/types\/post"}],"author":[{"embeddable":true,"href":"https:\/\/www.europesays.com\/fi\/wp-json\/wp\/v2\/users\/2"}],"replies":[{"embeddable":true,"href":"https:\/\/www.europesays.com\/fi\/wp-json\/wp\/v2\/comments?post=61028"}],"version-history":[{"count":0,"href":"https:\/\/www.europesays.com\/fi\/wp-json\/wp\/v2\/posts\/61028\/revisions"}],"wp:featuredmedia":[{"embeddable":true,"href":"https:\/\/www.europesays.com\/fi\/wp-json\/wp\/v2\/media\/61029"}],"wp:attachment":[{"href":"https:\/\/www.europesays.com\/fi\/wp-json\/wp\/v2\/media?parent=61028"}],"wp:term":[{"taxonomy":"category","embeddable":true,"href":"https:\/\/www.europesays.com\/fi\/wp-json\/wp\/v2\/categories?post=61028"},{"taxonomy":"post_tag","embeddable":true,"href":"https:\/\/www.europesays.com\/fi\/wp-json\/wp\/v2\/tags?post=61028"}],"curies":[{"name":"wp","href":"https:\/\/api.w.org\/{rel}","templated":true}]}}