{"id":61031,"date":"2025-10-13T15:48:08","date_gmt":"2025-10-13T15:48:08","guid":{"rendered":"https:\/\/www.europesays.com\/fi\/61031\/"},"modified":"2025-10-13T15:48:08","modified_gmt":"2025-10-13T15:48:08","slug":"joukko-opiskelijoita-vaati-helsinki-design-schoolilta-rahojaan-takaisin-koska-pettyi-koulutukseen","status":"publish","type":"post","link":"https:\/\/www.europesays.com\/fi\/61031\/","title":{"rendered":"Joukko opiskelijoita vaati Helsinki Design Schoolilta rahojaan takaisin, koska pettyi koulutukseen"},"content":{"rendered":"<p>Yksityiskoulut|Joukko yksityiskoulu Helsinki Design Schoolin opiskelijoita kirjelm\u00f6i opetuksensa heikosta tasosta koululle. Sen johtaja vastasi uhkaamalla rikosilmoituksella.<\/p>\n<p>Lue tiivistelm\u00e4<\/p>\n<p>Tiivistelm\u00e4 on teko\u00e4lyn tekem\u00e4 ja ihmisen tarkistama.<\/p>\n<p class=\"article-body mb-nof-24 px-nof-16 sndp-summary-bullet-point-font\">Helsinki Design Schoolin opiskelijat valittivat opetuksen heikosta tasosta ja saivat vastaukseksi uhkauksen rikosilmoituksesta.<\/p>\n<p class=\"article-body mb-nof-24 px-nof-16 sndp-summary-bullet-point-font\">Koulun omistaja-johtaja Jani Arom\u00e4ki vastasi opiskelijoiden reklamaatioon kertomalla, ett\u00e4 asiaa selvitt\u00e4\u00e4 nimek\u00e4s asianajotoimisto.<\/p>\n<p class=\"article-body mb-nof-24 px-nof-16 sndp-summary-bullet-point-font\">Rikosoikeuden professori Kimmo Nuotion mukaan koulun toiminta ei ole asianmukaista, ja opiskelijoilla on oikeus reklamoida.<\/p>\n<p class=\"article-body mb-nof-24 px-nof-16\">Joukko tyytym\u00e4tt\u00f6mi\u00e4 opiskelijoita sai tylyn vastaanoton palautteelleen helsinkil\u00e4isest\u00e4 yksityiskoulusta Helsinki Design Schoolista.<\/p>\n<p class=\"article-body mb-nof-24 px-nof-16\">Visualisti-koulutuksessa olleet opiskelijat olivat niin monella tapaa pettyneit\u00e4 koulutuksensa tasoon, ett\u00e4 he p\u00e4\u00e4tyiv\u00e4t l\u00e4hett\u00e4m\u00e4\u00e4n kolmisivuisen reklamaation kouluun ja vaativat rahojaan takaisin.<\/p>\n<p class=\"article-body mb-nof-24 px-nof-16\">Opiskelijat pitiv\u00e4t koulussa k\u00e4ytt\u00e4m\u00e4\u00e4ns\u00e4 aikaa turhana, eik\u00e4 opetus vastannut heid\u00e4n odotuksiaan. Osa kouluttajista keskittyi kertomaan el\u00e4m\u00e4ntarinaansa opetuksen sijaan, reklamaatiossa todetaan.<\/p>\n<p class=\"article-body mb-nof-24 px-nof-16\">Maksullisen koulutuksen lis\u00e4ksi opiskelijoiden piti k\u00e4ytt\u00e4\u00e4 rahaa materiaalien, kuten tussien, ostamiseen. Visualisti-koulutuksen kuului opiskelijoiden mukaan viisi studiop\u00e4iv\u00e4\u00e4, mutta niist\u00e4 toteutui vain kaksi. Koulutusmateriaalit olivat osin samoja kuin eri alan ryhm\u00e4ll\u00e4, reklamaatiossa todetaan.<\/p>\n<p class=\"article-body mb-nof-24 px-nof-16\">Koulutus oli maksanut noin 3\u202f500 euroa. Helsinki Design School j\u00e4rjest\u00e4\u00e4 noin vuoden kest\u00e4vi\u00e4 koulutuksia, joita se kutsuu \u201dtutkinnoiksi\u201d.<\/p>\n<p class=\"article-body mb-nof-24 px-nof-16\">HS <a class=\"article-genericlink\" href=\"https:\/\/www.hs.fi\/helsinki\/art-2000011525271.html\" rel=\"nofollow noopener\" target=\"_blank\">kertoi <\/a>maanantaina, ett\u00e4 useilla opettajilla on ollut vaikeuksia saada koululta palkkionsa ja ett\u00e4 samaan aikaan vuosina 2015\u20132022 Arom\u00e4ki on ansainnut yhteens\u00e4 1,3 miljoonaa euroa ansio- ja p\u00e4\u00e4omatuloja.<\/p>\n<p class=\"article-body mb-nof-24 px-nof-16\">Koulun omistajan vastaus reklamaatioon pel\u00e4stytti opiskelijat.<\/p>\n<p class=\"article-body mb-nof-24 px-nof-16\">Koulun omistaja-johtaja <a class=\"article-personlink\" href=\"https:\/\/www.hs.fi\/haku\/?query=Jani%20Arom%C3%A4ki\" rel=\"nofollow noopener\" target=\"_blank\">Jani Arom\u00e4ki<\/a> vastasi kertomalla, ett\u00e4 tapausta on m\u00e4\u00e4r\u00e4 selvitt\u00e4\u00e4 Suomen nimekk\u00e4impiin kuuluvan asianajotoimiston kanssa ja uhkasi rikosilmoituksella sek\u00e4 vahingonkorvausvaatimuksilla.<\/p>\n<p class=\"article-body mb-nof-24 px-nof-16\">Opiskelijoille j\u00e4i vastauksesta ep\u00e4oikeudenmukaisuuden tunne, sanoo <a class=\"article-personlink\" href=\"https:\/\/www.hs.fi\/haku\/?query=Jessi%20Nordstr%C3%B6m\" rel=\"nofollow noopener\" target=\"_blank\">Jessi Nordstr\u00f6m<\/a>, joka on yksi reklamaation tehneen visualistien vuosikurssin opiskelijoista.<\/p>\n<p class=\"article-body mb-nof-24 px-nof-16\">\u201dJ\u00e4i tosi huono kuva. Olemme kaikki nuoria, ja on vaatinut paljon saada kurssimaksu 3\u202f500 euroa kasaan\u201d, Nordstr\u00f6m sanoo.<\/p>\n<p class=\"article-body mb-nof-24 px-nof-16\">Nordstr\u00f6m sanoo ep\u00e4ilev\u00e4ns\u00e4, ett\u00e4 raju vastaus johtuisi siit\u00e4, ett\u00e4 koulussa pel\u00e4ttiin mainehaittaa, joka tyytym\u00e4tt\u00f6mien opiskelijoiden vastalauseesta voi seurata.<\/p>\n<p class=\"article-body mb-nof-24 px-nof-16\">HS on n\u00e4hnyt reklamaation ja Arom\u00e4en vastauksen siihen.<\/p>\n<p class=\"article-body mb-nof-24 px-nof-16\">\u201dT\u00e4ss\u00e4 pel\u00e4t\u00e4\u00e4n julkisuushaittaa ja uhkaillaan, koska jos t\u00e4llainen tulee julki, kukaan ei halua en\u00e4\u00e4 menn\u00e4 kouluun\u201d, Nordstr\u00f6m sanoo.<\/p>\n<p class=\"article-body mb-nof-24 px-nof-16\">HS ei ole useista pyynn\u00f6ist\u00e4 huolimatta saanut yhteytt\u00e4 Jani Arom\u00e4keen.<\/p>\n<p class=\"article-body mb-nof-24 px-nof-16\">Reklamaatiota ei Nordstr\u00f6min mukaan ole jaettu sosiaalisessa mediassa tai muualla. Se oli l\u00e4hetetty vain koululle.<\/p>\n<p class=\"article-body mb-nof-24 px-nof-16\">Nyt opiskelijat halusivat kertoa tapauksesta, koska muiden kouluun menoa harkitsevien tulisi tiet\u00e4\u00e4 koulun toimintatavoista.<\/p>\n<p><img decoding=\"async\" src=\"https:\/\/www.europesays.com\/fi\/wp-content\/uploads\/2025\/10\/1760370488_779_468.jpg\" alt=\"Helsinki Design School toimii nyt Helsingin Punavuoressa Sinebrychoffin entisiss\u00e4 panimotiloissa.\" class=\"_Img_1rerz_1\" style=\"aspect-ratio:1.5\" loading=\"eager\"\/><\/p>\n<p class=\"article-picture-caption\">Helsinki Design School toimii nyt Helsingin Punavuoressa Sinebrychoffin entisiss\u00e4 panimotiloissa. Kuva:\u00a0Outi Pyh\u00e4ranta \/ HS<\/p>\n<p class=\"article-body mb-nof-24 px-nof-16\">Rikosseuraamuksilla uhkaaminen t\u00e4llaisessa tilanteessa on \u201dt\u00e4ysin ylireagointia\u201d, sanoo Helsingin yliopiston rikosoikeuden professori <a class=\"article-personlink\" href=\"https:\/\/www.hs.fi\/haku\/?query=Kimmo%20Nuotio\" rel=\"nofollow noopener\" target=\"_blank\">Kimmo Nuotio<\/a>.<\/p>\n<p class=\"article-body mb-nof-24 px-nof-16\">\u201dTotta kai opiskelijat saavat l\u00e4hesty\u00e4 koulua. On normaalia toimintaa reklamoida, ja he ovat maksavia asiakkaita\u201d, Nuotio sanoo.<\/p>\n<p class=\"article-body mb-nof-24 px-nof-16\">Yrityksell\u00e4 tai koululla ei Nuotion mukaan ole rikosoikeudellisesti olemassa kunniaa, jota pit\u00e4isi suojella. \u201dEi kuulosta asianmukaiselta ja ammattimaiselta koulun puolelta\u201d, h\u00e4n sanoo.<\/p>\n<p class=\"article-body mb-nof-24 px-nof-16\">\u201dEi ole asianmukaista yritt\u00e4\u00e4 pelotella ja hiljent\u00e4\u00e4 opiskelijoita\u201d, Nuotio sanoo.<\/p>\n<p class=\"article-body mb-nof-24 px-nof-16\">Reklamaation tehneet opiskelijat veiv\u00e4t Nordstr\u00f6min mukaan asiansa kuluttajansuojaviranomaiselle. Lopulta se ei kuitenkaan edennyt, eiv\u00e4tk\u00e4 opiskelijat saaneet takaisin kurssimaksuaan.<\/p>\n<p class=\"article-body mb-nof-24 px-nof-16\">\u201dOn huijattu olo, koska yrityksell\u00e4 pit\u00e4isi olla vastuu tuottamastaan palvelusta\u201d, Nordstr\u00f6m sanoo.<\/p>\n","protected":false},"excerpt":{"rendered":"Yksityiskoulut|Joukko yksityiskoulu Helsinki Design Schoolin opiskelijoita kirjelm\u00f6i opetuksensa heikosta tasosta koululle. Sen johtaja vastasi uhkaamalla rikosilmoituksella. Lue tiivistelm\u00e4&hellip;\n","protected":false},"author":2,"featured_media":61032,"comment_status":"","ping_status":"","sticky":false,"template":"","format":"standard","meta":{"footnotes":""},"categories":[135],"tags":[389,387,388,390,137,33,31,30,46,32,394,393,391,392,109],"class_list":{"0":"post-61031","1":"post","2":"type-post","3":"status-publish","4":"format-standard","5":"has-post-thumbnail","7":"category-taiteet-ja-suunnittelu","8":"tag-arts","9":"tag-arts-and-design","10":"tag-artsanddesign","11":"tag-design","12":"tag-entertainment","13":"tag-fi","14":"tag-finland","15":"tag-finnish","16":"tag-helsingin-sanomat","17":"tag-suomi","18":"tag-suunnittelu","19":"tag-taiteet","20":"tag-taiteet-ja-suunnittelu","21":"tag-taiteetsuunnittelu","22":"tag-viihde"},"share_on_mastodon":{"url":"","error":""},"_links":{"self":[{"href":"https:\/\/www.europesays.com\/fi\/wp-json\/wp\/v2\/posts\/61031","targetHints":{"allow":["GET"]}}],"collection":[{"href":"https:\/\/www.europesays.com\/fi\/wp-json\/wp\/v2\/posts"}],"about":[{"href":"https:\/\/www.europesays.com\/fi\/wp-json\/wp\/v2\/types\/post"}],"author":[{"embeddable":true,"href":"https:\/\/www.europesays.com\/fi\/wp-json\/wp\/v2\/users\/2"}],"replies":[{"embeddable":true,"href":"https:\/\/www.europesays.com\/fi\/wp-json\/wp\/v2\/comments?post=61031"}],"version-history":[{"count":0,"href":"https:\/\/www.europesays.com\/fi\/wp-json\/wp\/v2\/posts\/61031\/revisions"}],"wp:featuredmedia":[{"embeddable":true,"href":"https:\/\/www.europesays.com\/fi\/wp-json\/wp\/v2\/media\/61032"}],"wp:attachment":[{"href":"https:\/\/www.europesays.com\/fi\/wp-json\/wp\/v2\/media?parent=61031"}],"wp:term":[{"taxonomy":"category","embeddable":true,"href":"https:\/\/www.europesays.com\/fi\/wp-json\/wp\/v2\/categories?post=61031"},{"taxonomy":"post_tag","embeddable":true,"href":"https:\/\/www.europesays.com\/fi\/wp-json\/wp\/v2\/tags?post=61031"}],"curies":[{"name":"wp","href":"https:\/\/api.w.org\/{rel}","templated":true}]}}