{"id":61051,"date":"2025-10-13T16:13:09","date_gmt":"2025-10-13T16:13:09","guid":{"rendered":"https:\/\/www.europesays.com\/fi\/61051\/"},"modified":"2025-10-13T16:13:09","modified_gmt":"2025-10-13T16:13:09","slug":"tunnettu-konkarinayttelija-on-mukana-kouvolalaisessa-elokuvassa-paikalliset","status":"publish","type":"post","link":"https:\/\/www.europesays.com\/fi\/61051\/","title":{"rendered":"Tunnettu konkarin\u00e4yttelij\u00e4 on mukana kouvolalaisessa elokuvassa | Paikalliset"},"content":{"rendered":"<p>Kouvolassa kuvattavassa Ikuisesti-elokuvassa n\u00e4yttelee yksi Suomen tunnetuimmista n\u00e4yttelij\u00f6ist\u00e4.<\/p>\n<p><strong>Seela Sella<\/strong>, 88, on ty\u00f6skennellyt teatterin lis\u00e4ksi elokuvissa ja sarjoissa. Palkittu n\u00e4yttelij\u00e4 on tehnyt muun muassa kuunnelmia ja lukenut \u00e4\u00e4nikirjoja.<\/p>\n<p>Sellan ura ulottuu monelle vuosikymmenelle. Esimerkiksi Kansallisteatterin lavalla h\u00e4net n\u00e4htiin ensimm\u00e4ist\u00e4 kertaa 1950-luvulla.<\/p>\n<p>Tuotannon koordinaattori <strong>Atte Tynys<\/strong>, miten saitte Seela Sellan mukaan elokuvaan?<\/p>\n<p>\u2013\u2009Ei meid\u00e4n tarvinnut kuin pyyt\u00e4\u00e4. Siihen riitti yksi puhelinsoitto, Tynys sanoo.<\/p>\n<p>H\u00e4nen mukaansa Sella n\u00e4yttelee sivuosan, mutta h\u00e4nen roolinsa on merkitt\u00e4v\u00e4.<\/p>\n<p>\u2013\u2009H\u00e4n ei ole elokuvassa mukana ajallisesti pitki\u00e4 p\u00e4tki\u00e4, mutta tarinan kannalta kohtaukset ovat eritt\u00e4in t\u00e4rkeit\u00e4.<\/p>\n<p>\t\t<a class=\"diks-gallery__link\" href=\"https:\/\/i.media.fi\/incoming\/q35t5x\/11078238.jpg\/alternates\/FREE_1440\/11078238.jpg\" data-thumbnail=\"\" data-sub-html=\"Elokuvan p\u00e4\u00e4osassa on Kouvolasta kotoisin oleva Ilkka Olavi. H\u00e4nen kanssaan ty\u00f6skentelee Konsta Hietanen. Arttu Kortelainen\" aria-label=\"Katso isompi kuva\" rel=\"nofollow noopener\" target=\"_blank\"><br \/>\n\t\t\t\t<img class=\"diks-figure__image\" src=\"https:\/\/www.europesays.com\/fi\/wp-content\/uploads\/2025\/10\/11078238.jpg\" loading=\"lazy\" decoding=\"sync\" alt=\"\"\/><\/p>\n<p>\t\t\t<\/a><br \/>\n\t\t\t\t\tElokuvan p\u00e4\u00e4osassa on Kouvolasta kotoisin oleva Ilkka Olavi. H\u00e4nen kanssaan ty\u00f6skentelee Konsta Hietanen. Arttu Kortelainen<\/p>\n<p>Ikuisesti on vankasti kouvolalaista tuotantoa. Sen tuotantoyhti\u00f6 on kouvolalainen Same-Eyes Viihde.<\/p>\n<p>Suuri osa tekij\u00e4kaartista kameran molemmin puolin on Kouvolasta. Rakkauselokuvan on k\u00e4sikirjoittanut <strong>Virve Mattila<\/strong>. Elokuvan ohjaaja on <strong>Teemu Villikka<\/strong>.<\/p>\n<p>\t\t<a class=\"diks-gallery__link\" href=\"https:\/\/i.media.fi\/incoming\/8nd106\/11015706.jpg\/alternates\/FREE_1440\/11015706.jpg\" data-thumbnail=\"\" data-sub-html=\"N\u00e4yttelij\u00e4 Seela Sella ja ohjaaja Teemu Villikka keskustelivat Ikuisesti-elokuvan kuvauksissa Sippolassa. ARTTU KORTELAINEN\" aria-label=\"Katso isompi kuva\" rel=\"nofollow noopener\" target=\"_blank\"><br \/>\n\t\t\t\t<img class=\"diks-figure__image\" src=\"https:\/\/www.europesays.com\/fi\/wp-content\/uploads\/2025\/10\/11015706.jpg\" loading=\"lazy\" decoding=\"sync\" alt=\"\"\/><\/p>\n<p>\t\t\t<\/a><br \/>\n\t\t\t\t\tN\u00e4yttelij\u00e4 Seela Sella ja ohjaaja Teemu Villikka keskustelivat Ikuisesti-elokuvan kuvauksissa Sippolassa. ARTTU KORTELAINEN<\/p>\n<p>Ikuisesti-elokuvan budjetti on noin puoli miljoonaa euroa. Hanke ei ole saanut Suomen elokuvas\u00e4\u00e4ti\u00f6n tukea.<\/p>\n<p>Yksi elokuvan rahoittajista on Kymin osakeyhti\u00f6n 100-vuotiss\u00e4\u00e4ti\u00f6. Se my\u00f6nsi t\u00e4n\u00e4 vuonna elokuvan esituotantohankkeeseen 40\u2009000 euron apurahan.<\/p>\n<p>Same-Eyesin toimitusjohtajan <strong>Jesse Tervolinin<\/strong> mukaan elokuva hakee parhaillaan yhteisty\u00f6kumppaneita \u2013 eli esimerkiksi rahoittajia.<\/p>\n<p>\u2013\u2009Olemme saaneet yhteisty\u00f6kumppaneita jo hyvin, mutta lis\u00e4\u00e4 tarvitaan. Pienikin tuki on tervetullutta, Tervolin sanoo.<\/p>\n<p>Ikuisesti on tulossa elokuvateattereihin vuoden 2026 syksyll\u00e4.<\/p>\n","protected":false},"excerpt":{"rendered":"Kouvolassa kuvattavassa Ikuisesti-elokuvassa n\u00e4yttelee yksi Suomen tunnetuimmista n\u00e4yttelij\u00f6ist\u00e4. Seela Sella, 88, on ty\u00f6skennellyt teatterin lis\u00e4ksi elokuvissa ja sarjoissa.&hellip;\n","protected":false},"author":2,"featured_media":61052,"comment_status":"","ping_status":"","sticky":false,"template":"","format":"standard","meta":{"footnotes":""},"categories":[136],"tags":[407,137,33,31,30,408,3436,737,3764,108,622,32,485,140,109],"class_list":{"0":"post-61051","1":"post","2":"type-post","3":"status-publish","4":"format-standard","5":"has-post-thumbnail","7":"category-julkkikset","8":"tag-celebrities","9":"tag-entertainment","10":"tag-fi","11":"tag-finland","12":"tag-finnish","13":"tag-julkkikset","14":"tag-kaupunkikulttuuri","15":"tag-kouvola","16":"tag-kouvolan-seutukunta","17":"tag-kulttuuri","18":"tag-nayttelijat","19":"tag-suomi","20":"tag-taide-yleista","21":"tag-tv-ja-elokuvat","22":"tag-viihde"},"share_on_mastodon":{"url":"","error":""},"_links":{"self":[{"href":"https:\/\/www.europesays.com\/fi\/wp-json\/wp\/v2\/posts\/61051","targetHints":{"allow":["GET"]}}],"collection":[{"href":"https:\/\/www.europesays.com\/fi\/wp-json\/wp\/v2\/posts"}],"about":[{"href":"https:\/\/www.europesays.com\/fi\/wp-json\/wp\/v2\/types\/post"}],"author":[{"embeddable":true,"href":"https:\/\/www.europesays.com\/fi\/wp-json\/wp\/v2\/users\/2"}],"replies":[{"embeddable":true,"href":"https:\/\/www.europesays.com\/fi\/wp-json\/wp\/v2\/comments?post=61051"}],"version-history":[{"count":0,"href":"https:\/\/www.europesays.com\/fi\/wp-json\/wp\/v2\/posts\/61051\/revisions"}],"wp:featuredmedia":[{"embeddable":true,"href":"https:\/\/www.europesays.com\/fi\/wp-json\/wp\/v2\/media\/61052"}],"wp:attachment":[{"href":"https:\/\/www.europesays.com\/fi\/wp-json\/wp\/v2\/media?parent=61051"}],"wp:term":[{"taxonomy":"category","embeddable":true,"href":"https:\/\/www.europesays.com\/fi\/wp-json\/wp\/v2\/categories?post=61051"},{"taxonomy":"post_tag","embeddable":true,"href":"https:\/\/www.europesays.com\/fi\/wp-json\/wp\/v2\/tags?post=61051"}],"curies":[{"name":"wp","href":"https:\/\/api.w.org\/{rel}","templated":true}]}}